{"id":12681,"date":"2026-08-27T11:04:58","date_gmt":"2026-08-27T14:04:58","guid":{"rendered":"https:\/\/cursos.ufrrj.br\/posgraduacao\/profqui\/?p=12681"},"modified":"2026-08-27T11:04:59","modified_gmt":"2026-08-27T14:04:59","slug":"quezia-alves-da-silva","status":"publish","type":"post","link":"https:\/\/cursos.ufrrj.br\/posgraduacao\/profqui\/quezia-alves-da-silva\/","title":{"rendered":"Quezia Alves da Silva"},"content":{"rendered":"\n<h2 class=\"wp-block-heading has-black-color has-text-color has-link-color wp-elements-1\" style=\"font-size:26px\">Trabalhando a Interdisciplinaridade entre Qu\u00edmica, Biologia e Hist\u00f3ria no Parque do Curi\u00f3 em Paracambi: As TICs e os jogos digitais na constru\u00e7\u00e3o de uma aprendizagem significativa<\/h2>\n\n\n\n<p class=\"has-black-color has-text-color has-link-color wp-elements-2 wp-block-paragraph\"><strong>Palavras-chave<\/strong>: Gamefica\u00e7\u00e3o; Aula de Qu\u00edmica; Aprendizagem Significativa; Parque do Curi\u00f3<br><strong>Data<\/strong>: 18\/02\/2025<\/p>\n\n\n\n<h2 class=\"wp-block-heading has-black-color has-text-color has-link-color wp-elements-3\">Resumo<\/h2>\n\n\n\n<p class=\"has-black-color has-text-color has-link-color wp-elements-4 wp-block-paragraph\" style=\"font-size:14px\">O trabalho desenvolveu uma sequ\u00eancia did\u00e1tica utilizando o Parque do Curi\u00f3, em Paracambi (RJ), como objeto de estudo, integrando Tecnologias da Informa\u00e7\u00e3o e Comunica\u00e7\u00e3o (TICs) para enriquecer o ensino de qu\u00edmica. A proposta foi estruturada em quatro aulas, abordando os 12 princ\u00edpios da qu\u00edmica verde, as mudan\u00e7as clim\u00e1ticas e a an\u00e1lise da \u00e1gua, tornando o aprendizado mais din\u00e2mico e envolvente. Inicialmente, os alunos foram introduzidos aos conceitos te\u00f3ricos e realizaram atividades pr\u00e1ticas. Discutiram os princ\u00edpios da qu\u00edmica verde e as mudan\u00e7as clim\u00e1ticas e, em seguida, analisaram a qualidade da \u00e1gua, al\u00e9m de iniciarem o desenvolvimento do jogo educativo Qu\u00edmica na Selva na plataforma Genially. Na terceira aula, visitaram o Parque do Curi\u00f3, onde testaram o jogo, conheceram a hist\u00f3ria local e coletaram amostras de \u00e1gua. Por fim, na \u00faltima etapa, analisaram as amostras em laborat\u00f3rio, conectando os experimentos aos conceitos previamente estudados. Os resultados indicaram que muitos alunos desconheciam a qu\u00edmica verde, mas demonstraram interesse pelo tema. A experi\u00eancia pr\u00e1tica no parque e na F\u00e1brica Brasil Industrial refor\u00e7ou a import\u00e2ncia da preserva\u00e7\u00e3o ambiental e do patrim\u00f4nio local. Al\u00e9m disso, conceitos como qualidade da \u00e1gua, pH e turbidez foram assimilados pelos estudantes. Conclui-se que o uso das TICs e dos jogos educativos digitais contribuiu para tornar o ensino de qu\u00edmica mais atrativo, promovendo uma aprendizagem mais significativa.<br><\/p>\n\n\n\n<h2 class=\"wp-block-heading\" style=\"font-size:20px\">Membros da banca<\/h2>\n\n\n\n<ul class=\"wp-block-list\">\n<li class=\"has-black-color has-text-color has-link-color wp-elements-5\" style=\"font-size:14px\"><strong>Presidente<\/strong> &#8211; ANDRE MARQUES DOS SANTOS (ORIENTADOR) UFRRJ<\/li>\n\n\n\n<li class=\"has-black-color has-text-color has-link-color wp-elements-6\" style=\"font-size:14px\"><strong>Interna<\/strong> &#8211; ANDRESSA ESTEVES DE SOUZA UFRRJ<\/li>\n\n\n\n<li class=\"has-black-color has-text-color has-link-color wp-elements-7\" style=\"font-size:14px\"><strong>Interno<\/strong> &#8211; CLAUDIO EDUARDO RODRIGUES DOS SANTOS UFRRJ<\/li>\n\n\n\n<li class=\"has-black-color has-text-color has-link-color wp-elements-8\" style=\"font-size:14px\"><strong>Externo<\/strong> &#8211; ANA CAROLINA CALLEGARIO PEREIRA UNIFOA<\/li>\n\n\n\n<li class=\"has-black-color has-text-color has-link-color wp-elements-9\" style=\"font-size:14px\"><strong>Externo<\/strong> &#8211; PATRICIA GON CORRADINI IFF<\/li>\n<\/ul>\n\n\n\n<p class=\"has-black-color has-text-color has-link-color wp-elements-10 wp-block-paragraph\" style=\"font-size:14px\"><a href=\"https:\/\/rima.ufrrj.br\/jspui\/bitstream\/20.500.14407\/23149\/1\/QU%c3%89ZIA%20ALVES%20DA%20SILVA.pdf\" target=\"_blank\" rel=\"noreferrer noopener\"><strong><mark style=\"background-color:#8ed1fc\" class=\"has-inline-color\">Vers\u00e3o final da disserta\u00e7\u00e3o<\/mark><\/strong><\/a><br><\/p>\n\n\n\n<p class=\"wp-block-paragraph\" style=\"font-size:14px\"><\/p>\n","protected":false},"excerpt":{"rendered":"<p>Trabalhando a Interdisciplinaridade entre Qu\u00edmica, Biologia e Hist\u00f3ria no Parque do Curi\u00f3 em Paracambi: As TICs e os jogos digitais na constru\u00e7\u00e3o [&hellip;]<\/p>\n","protected":false},"author":168,"featured_media":0,"comment_status":"closed","ping_status":"closed","sticky":false,"template":"","format":"standard","meta":{"_acf_changed":false,"footnotes":"","_links_to":"","_links_to_target":""},"categories":[1],"tags":[],"class_list":["post-12681","post","type-post","status-publish","format-standard","hentry","category-sem-categoria"],"yoast_head":"<!-- This site is optimized with the Yoast SEO plugin v28.2 - https:\/\/yoast.com\/product\/yoast-seo-wordpress\/ -->\n<title>Quezia Alves da Silva - Programa de Mestrado Profissional em Qu\u00edmica em Rede Nacional (PROFQUI),<\/title>\n<meta name=\"robots\" content=\"index, follow, max-snippet:-1, max-image-preview:large, max-video-preview:-1\" \/>\n<link rel=\"canonical\" href=\"https:\/\/cursos.ufrrj.br\/posgraduacao\/profqui\/quezia-alves-da-silva\/\" \/>\n<meta property=\"og:locale\" content=\"pt_BR\" \/>\n<meta property=\"og:type\" content=\"article\" \/>\n<meta property=\"og:title\" content=\"Quezia Alves da Silva - Programa de Mestrado Profissional em Qu\u00edmica em Rede Nacional (PROFQUI),\" \/>\n<meta property=\"og:description\" content=\"Trabalhando a Interdisciplinaridade entre Qu\u00edmica, Biologia e Hist\u00f3ria no Parque do Curi\u00f3 em Paracambi: As TICs e os jogos digitais na constru\u00e7\u00e3o [&hellip;]\" \/>\n<meta property=\"og:url\" content=\"https:\/\/cursos.ufrrj.br\/posgraduacao\/profqui\/quezia-alves-da-silva\/\" \/>\n<meta property=\"og:site_name\" content=\"Programa de Mestrado Profissional em Qu\u00edmica em Rede Nacional (PROFQUI),\" \/>\n<meta property=\"article:publisher\" content=\"https:\/\/www.facebook.com\/MestradoProfissionalEmGestaoeEstrategia\" \/>\n<meta property=\"article:published_time\" content=\"2026-08-27T14:04:58+00:00\" \/>\n<meta property=\"article:modified_time\" content=\"2026-08-27T14:04:59+00:00\" \/>\n<meta name=\"author\" content=\"claudio\" \/>\n<meta name=\"twitter:card\" content=\"summary_large_image\" \/>\n<meta name=\"twitter:label1\" content=\"Escrito por\" \/>\n\t<meta name=\"twitter:data1\" content=\"claudio\" \/>\n\t<meta name=\"twitter:label2\" content=\"Est. tempo de leitura\" \/>\n\t<meta name=\"twitter:data2\" content=\"2 minutos\" \/>\n<script type=\"application\/ld+json\" class=\"yoast-schema-graph\">{\"@context\":\"https:\\\/\\\/schema.org\",\"@graph\":[{\"@type\":\"Article\",\"@id\":\"https:\\\/\\\/cursos.ufrrj.br\\\/posgraduacao\\\/profqui\\\/quezia-alves-da-silva\\\/#article\",\"isPartOf\":{\"@id\":\"https:\\\/\\\/cursos.ufrrj.br\\\/posgraduacao\\\/profqui\\\/quezia-alves-da-silva\\\/\"},\"author\":{\"name\":\"claudio\",\"@id\":\"https:\\\/\\\/cursos.ufrrj.br\\\/posgraduacao\\\/profqui\\\/#\\\/schema\\\/person\\\/94e0f551c65ce00d675b0cbbf8313bdf\"},\"headline\":\"Quezia Alves da Silva\",\"datePublished\":\"2026-08-27T14:04:58+00:00\",\"dateModified\":\"2026-08-27T14:04:59+00:00\",\"mainEntityOfPage\":{\"@id\":\"https:\\\/\\\/cursos.ufrrj.br\\\/posgraduacao\\\/profqui\\\/quezia-alves-da-silva\\\/\"},\"wordCount\":338,\"inLanguage\":\"pt-BR\"},{\"@type\":\"WebPage\",\"@id\":\"https:\\\/\\\/cursos.ufrrj.br\\\/posgraduacao\\\/profqui\\\/quezia-alves-da-silva\\\/\",\"url\":\"https:\\\/\\\/cursos.ufrrj.br\\\/posgraduacao\\\/profqui\\\/quezia-alves-da-silva\\\/\",\"name\":\"Quezia Alves da Silva - Programa de Mestrado Profissional em Qu\u00edmica em Rede Nacional (PROFQUI),\",\"isPartOf\":{\"@id\":\"https:\\\/\\\/cursos.ufrrj.br\\\/posgraduacao\\\/profqui\\\/#website\"},\"datePublished\":\"2026-08-27T14:04:58+00:00\",\"dateModified\":\"2026-08-27T14:04:59+00:00\",\"author\":{\"@id\":\"https:\\\/\\\/cursos.ufrrj.br\\\/posgraduacao\\\/profqui\\\/#\\\/schema\\\/person\\\/94e0f551c65ce00d675b0cbbf8313bdf\"},\"breadcrumb\":{\"@id\":\"https:\\\/\\\/cursos.ufrrj.br\\\/posgraduacao\\\/profqui\\\/quezia-alves-da-silva\\\/#breadcrumb\"},\"inLanguage\":\"pt-BR\",\"potentialAction\":[{\"@type\":\"ReadAction\",\"target\":[\"https:\\\/\\\/cursos.ufrrj.br\\\/posgraduacao\\\/profqui\\\/quezia-alves-da-silva\\\/\"]}]},{\"@type\":\"BreadcrumbList\",\"@id\":\"https:\\\/\\\/cursos.ufrrj.br\\\/posgraduacao\\\/profqui\\\/quezia-alves-da-silva\\\/#breadcrumb\",\"itemListElement\":[{\"@type\":\"ListItem\",\"position\":1,\"name\":\"In\u00edcio\",\"item\":\"https:\\\/\\\/cursos.ufrrj.br\\\/posgraduacao\\\/profqui\\\/\"},{\"@type\":\"ListItem\",\"position\":2,\"name\":\"Quezia Alves da Silva\"}]},{\"@type\":\"WebSite\",\"@id\":\"https:\\\/\\\/cursos.ufrrj.br\\\/posgraduacao\\\/profqui\\\/#website\",\"url\":\"https:\\\/\\\/cursos.ufrrj.br\\\/posgraduacao\\\/profqui\\\/\",\"name\":\"Programa de Mestrado Profissional em Qu\u00edmica em Rede Nacional (PROFQUI),\",\"description\":\"Universidade Federal Rural do Rio de Janeiro \u2013 UFRRJ\",\"potentialAction\":[{\"@type\":\"SearchAction\",\"target\":{\"@type\":\"EntryPoint\",\"urlTemplate\":\"https:\\\/\\\/cursos.ufrrj.br\\\/posgraduacao\\\/profqui\\\/?s={search_term_string}\"},\"query-input\":{\"@type\":\"PropertyValueSpecification\",\"valueRequired\":true,\"valueName\":\"search_term_string\"}}],\"inLanguage\":\"pt-BR\"},{\"@type\":\"Person\",\"@id\":\"https:\\\/\\\/cursos.ufrrj.br\\\/posgraduacao\\\/profqui\\\/#\\\/schema\\\/person\\\/94e0f551c65ce00d675b0cbbf8313bdf\",\"name\":\"claudio\",\"image\":{\"@type\":\"ImageObject\",\"inLanguage\":\"pt-BR\",\"@id\":\"https:\\\/\\\/secure.gravatar.com\\\/avatar\\\/240ddbde0248db34fb721d717a5ea73f43746c5e9e1fb1b7a19b725080da6355?s=96&d=mm&r=g\",\"url\":\"https:\\\/\\\/secure.gravatar.com\\\/avatar\\\/240ddbde0248db34fb721d717a5ea73f43746c5e9e1fb1b7a19b725080da6355?s=96&d=mm&r=g\",\"contentUrl\":\"https:\\\/\\\/secure.gravatar.com\\\/avatar\\\/240ddbde0248db34fb721d717a5ea73f43746c5e9e1fb1b7a19b725080da6355?s=96&d=mm&r=g\",\"caption\":\"claudio\"},\"description\":\"GLPI 41543\",\"url\":\"https:\\\/\\\/cursos.ufrrj.br\\\/posgraduacao\\\/profqui\\\/author\\\/claudio\\\/\"}]}<\/script>\n<!-- \/ Yoast SEO plugin. -->","yoast_head_json":{"title":"Quezia Alves da Silva - Programa de Mestrado Profissional em Qu\u00edmica em Rede Nacional (PROFQUI),","robots":{"index":"index","follow":"follow","max-snippet":"max-snippet:-1","max-image-preview":"max-image-preview:large","max-video-preview":"max-video-preview:-1"},"canonical":"https:\/\/cursos.ufrrj.br\/posgraduacao\/profqui\/quezia-alves-da-silva\/","og_locale":"pt_BR","og_type":"article","og_title":"Quezia Alves da Silva - Programa de Mestrado Profissional em Qu\u00edmica em Rede Nacional (PROFQUI),","og_description":"Trabalhando a Interdisciplinaridade entre Qu\u00edmica, Biologia e Hist\u00f3ria no Parque do Curi\u00f3 em Paracambi: As TICs e os jogos digitais na constru\u00e7\u00e3o [&hellip;]","og_url":"https:\/\/cursos.ufrrj.br\/posgraduacao\/profqui\/quezia-alves-da-silva\/","og_site_name":"Programa de Mestrado Profissional em Qu\u00edmica em Rede Nacional (PROFQUI),","article_publisher":"https:\/\/www.facebook.com\/MestradoProfissionalEmGestaoeEstrategia","article_published_time":"2026-08-27T14:04:58+00:00","article_modified_time":"2026-08-27T14:04:59+00:00","author":"claudio","twitter_card":"summary_large_image","twitter_misc":{"Escrito por":"claudio","Est. tempo de leitura":"2 minutos"},"schema":{"@context":"https:\/\/schema.org","@graph":[{"@type":"Article","@id":"https:\/\/cursos.ufrrj.br\/posgraduacao\/profqui\/quezia-alves-da-silva\/#article","isPartOf":{"@id":"https:\/\/cursos.ufrrj.br\/posgraduacao\/profqui\/quezia-alves-da-silva\/"},"author":{"name":"claudio","@id":"https:\/\/cursos.ufrrj.br\/posgraduacao\/profqui\/#\/schema\/person\/94e0f551c65ce00d675b0cbbf8313bdf"},"headline":"Quezia Alves da Silva","datePublished":"2026-08-27T14:04:58+00:00","dateModified":"2026-08-27T14:04:59+00:00","mainEntityOfPage":{"@id":"https:\/\/cursos.ufrrj.br\/posgraduacao\/profqui\/quezia-alves-da-silva\/"},"wordCount":338,"inLanguage":"pt-BR"},{"@type":"WebPage","@id":"https:\/\/cursos.ufrrj.br\/posgraduacao\/profqui\/quezia-alves-da-silva\/","url":"https:\/\/cursos.ufrrj.br\/posgraduacao\/profqui\/quezia-alves-da-silva\/","name":"Quezia Alves da Silva - Programa de Mestrado Profissional em Qu\u00edmica em Rede Nacional (PROFQUI),","isPartOf":{"@id":"https:\/\/cursos.ufrrj.br\/posgraduacao\/profqui\/#website"},"datePublished":"2026-08-27T14:04:58+00:00","dateModified":"2026-08-27T14:04:59+00:00","author":{"@id":"https:\/\/cursos.ufrrj.br\/posgraduacao\/profqui\/#\/schema\/person\/94e0f551c65ce00d675b0cbbf8313bdf"},"breadcrumb":{"@id":"https:\/\/cursos.ufrrj.br\/posgraduacao\/profqui\/quezia-alves-da-silva\/#breadcrumb"},"inLanguage":"pt-BR","potentialAction":[{"@type":"ReadAction","target":["https:\/\/cursos.ufrrj.br\/posgraduacao\/profqui\/quezia-alves-da-silva\/"]}]},{"@type":"BreadcrumbList","@id":"https:\/\/cursos.ufrrj.br\/posgraduacao\/profqui\/quezia-alves-da-silva\/#breadcrumb","itemListElement":[{"@type":"ListItem","position":1,"name":"In\u00edcio","item":"https:\/\/cursos.ufrrj.br\/posgraduacao\/profqui\/"},{"@type":"ListItem","position":2,"name":"Quezia Alves da Silva"}]},{"@type":"WebSite","@id":"https:\/\/cursos.ufrrj.br\/posgraduacao\/profqui\/#website","url":"https:\/\/cursos.ufrrj.br\/posgraduacao\/profqui\/","name":"Programa de Mestrado Profissional em Qu\u00edmica em Rede Nacional (PROFQUI),","description":"Universidade Federal Rural do Rio de Janeiro \u2013 UFRRJ","potentialAction":[{"@type":"SearchAction","target":{"@type":"EntryPoint","urlTemplate":"https:\/\/cursos.ufrrj.br\/posgraduacao\/profqui\/?s={search_term_string}"},"query-input":{"@type":"PropertyValueSpecification","valueRequired":true,"valueName":"search_term_string"}}],"inLanguage":"pt-BR"},{"@type":"Person","@id":"https:\/\/cursos.ufrrj.br\/posgraduacao\/profqui\/#\/schema\/person\/94e0f551c65ce00d675b0cbbf8313bdf","name":"claudio","image":{"@type":"ImageObject","inLanguage":"pt-BR","@id":"https:\/\/secure.gravatar.com\/avatar\/240ddbde0248db34fb721d717a5ea73f43746c5e9e1fb1b7a19b725080da6355?s=96&d=mm&r=g","url":"https:\/\/secure.gravatar.com\/avatar\/240ddbde0248db34fb721d717a5ea73f43746c5e9e1fb1b7a19b725080da6355?s=96&d=mm&r=g","contentUrl":"https:\/\/secure.gravatar.com\/avatar\/240ddbde0248db34fb721d717a5ea73f43746c5e9e1fb1b7a19b725080da6355?s=96&d=mm&r=g","caption":"claudio"},"description":"GLPI 41543","url":"https:\/\/cursos.ufrrj.br\/posgraduacao\/profqui\/author\/claudio\/"}]}},"acf":[],"_links":{"self":[{"href":"https:\/\/cursos.ufrrj.br\/posgraduacao\/profqui\/wp-json\/wp\/v2\/posts\/12681","targetHints":{"allow":["GET"]}}],"collection":[{"href":"https:\/\/cursos.ufrrj.br\/posgraduacao\/profqui\/wp-json\/wp\/v2\/posts"}],"about":[{"href":"https:\/\/cursos.ufrrj.br\/posgraduacao\/profqui\/wp-json\/wp\/v2\/types\/post"}],"author":[{"embeddable":true,"href":"https:\/\/cursos.ufrrj.br\/posgraduacao\/profqui\/wp-json\/wp\/v2\/users\/168"}],"replies":[{"embeddable":true,"href":"https:\/\/cursos.ufrrj.br\/posgraduacao\/profqui\/wp-json\/wp\/v2\/comments?post=12681"}],"version-history":[{"count":3,"href":"https:\/\/cursos.ufrrj.br\/posgraduacao\/profqui\/wp-json\/wp\/v2\/posts\/12681\/revisions"}],"predecessor-version":[{"id":12684,"href":"https:\/\/cursos.ufrrj.br\/posgraduacao\/profqui\/wp-json\/wp\/v2\/posts\/12681\/revisions\/12684"}],"wp:attachment":[{"href":"https:\/\/cursos.ufrrj.br\/posgraduacao\/profqui\/wp-json\/wp\/v2\/media?parent=12681"}],"wp:term":[{"taxonomy":"category","embeddable":true,"href":"https:\/\/cursos.ufrrj.br\/posgraduacao\/profqui\/wp-json\/wp\/v2\/categories?post=12681"},{"taxonomy":"post_tag","embeddable":true,"href":"https:\/\/cursos.ufrrj.br\/posgraduacao\/profqui\/wp-json\/wp\/v2\/tags?post=12681"}],"curies":[{"name":"wp","href":"https:\/\/api.w.org\/{rel}","templated":true}]}}