{"id":12668,"date":"2026-08-27T10:17:18","date_gmt":"2026-08-27T13:17:18","guid":{"rendered":"https:\/\/cursos.ufrrj.br\/posgraduacao\/profqui\/?p=12668"},"modified":"2026-08-27T11:09:57","modified_gmt":"2026-08-27T14:09:57","slug":"alexandro-pereira-da-silva","status":"publish","type":"post","link":"https:\/\/cursos.ufrrj.br\/posgraduacao\/profqui\/alexandro-pereira-da-silva\/","title":{"rendered":"Alexandro Pereira da Silva"},"content":{"rendered":"\n<h2 class=\"wp-block-heading has-black-color has-text-color has-link-color wp-elements-1\" style=\"font-size:26px\">PROPOSTA DE UM MODELO DE AULAS POR IMERS\u00c3O PEDAG\u00d3GICA PSICOSSOCIAL<\/h2>\n\n\n\n<p class=\"has-black-color has-text-color has-link-color wp-elements-2 wp-block-paragraph\"><strong>Palavras-chave<\/strong>: Imers\u00e3o Pedag\u00f3gica; Ensino de Qu\u00edmica; Aprendizagem Sensorial; Metodologias Ativas; Forma\u00e7\u00e3o Docente.<br><strong>Data<\/strong>: 08\/10\/2025<br><\/p>\n\n\n\n<h2 class=\"wp-block-heading has-black-color has-text-color has-link-color wp-elements-3\" style=\"font-size:20px\">Resumo<\/h2>\n\n\n\n<p class=\"has-black-color has-text-color has-link-color wp-elements-4 wp-block-paragraph\" style=\"font-size:14px\">O presente estudo, inspirado em duas d\u00e9cadas de experi\u00eancia na \u00e1rea da qu\u00edmica industrial e na licenciatura da educa\u00e7\u00e3o b\u00e1sica da rede p\u00fablica, investiga o desinteresse e a evas\u00e3o no ensino m\u00e9dio como um problema de desconex\u00e3o entre o saber escolar e a experi\u00eancia vivida. O trabalho parte da premissa de que a aprendizagem significativa tamb\u00e9m emerge de pr\u00e1ticas pedag\u00f3gicas que engajam o aluno de forma integral \u2014 cognitiva, emocional e sensorialmente. Para enfrentar este desafio, este trabalho teve como objetivo central fundamentar teoricamente, desenvolver e avaliar uma metodologia de ensino-aprendizagem, denominada modelo de aulas de Imers\u00e3o Pedag\u00f3gica Psicossocial (IPP). O arcabou\u00e7o te\u00f3rico articula os fundamentos da autonomia em Kant, Piaget e Freire com os mecanismos da imers\u00e3o descritos pela neuroci\u00eancia e pela psicologia cognitiva, como a Teoria do Fluxo, o Transporte Narrativo e a Cogni\u00e7\u00e3o Corporificada. Na realiza\u00e7\u00e3o pr\u00e1tica foram elaboradas aulas que comp\u00f5em a tem\u00e1tica inicial do 1\u00b0 ano do Ensino M\u00e9dio, especificamente os seguintes conte\u00fados: Mat\u00e9ria e Energia; Estados F\u00edsicos da Mat\u00e9ria e suas Transforma\u00e7\u00f5es; Propriedades da Mat\u00e9ria. Subst\u00e2ncias Simples e Compostas; Misturas, Fases e os Conceitos de Homogeneidade e de Heterogeneidade. As aulas foram compostas por experimenta\u00e7\u00f5es predominantemente sensoriais, de forma ativa e de modo a promover a intera\u00e7\u00e3o entre os alunos. O professor em todo o processo atuou sob diversas \u00f3ticas iniciando como um narrador\/provocador seguindo como um facilitador\/mediador e concluindo como um sistematizador\/consultor. A coleta de dados foi realizada mediante question\u00e1rios que buscaram primeiro, sintetizar informa\u00e7\u00f5es sobre as caracter\u00edsticas do grupo de estudo, tais como sua aceita\u00e7\u00e3o sobre a escola, seu tempo livre e interesse pelos estudos e se acumulavam atividades laborais, com o intuito de avaliar se as dificuldades na escola estavam associadas a pr\u00f3pria escola ou as dificuldades inerentes ao grupo. Na segunda parte dos question\u00e1rios foram avaliadas a aceita\u00e7\u00e3o, o interesse e a possibilidade de ineditismo da proposta, dessa forma os participantes puderam expor suas percep\u00e7\u00f5es sobre o quanto o modo de fazer poderia ou n\u00e3o interferir no percurso did\u00e1tico. Os resultados indicaram uma recep\u00e7\u00e3o bastante positiva ao m\u00e9todo pelos participantes e, principalmente, uma mudan\u00e7a significativa na percep\u00e7\u00e3o sobre temas cotidianos, sugerindo que a experi\u00eancia imersiva pode catalisar um processo de conscientiza\u00e7\u00e3o. A elabora\u00e7\u00e3o de objetos que refletem o conte\u00fado da aula fez parte do desenvolvimento e aplica\u00e7\u00e3o das aulas. Esses objetos foram denominados Artefatos de Ancoragem Mnem\u00f4nicas (AAM) e ao final da aula os alunos receberam os objetos como uma s\u00edntese e um lembrete da aula. Concluiu-se que o modelo de aulas IPP, ao orquestrar narrativas, experimenta\u00e7\u00f5es sensoriais e o trabalho colaborativo, se apresentou como um caminho vi\u00e1vel e eficaz para reencantar a sala de aula, promovendo n\u00e3o apenas a aprendizagem de conte\u00fado, mas tamb\u00e9m autonomia e an\u00e1lise cr\u00edtica, conectados com o mundo.<\/p>\n\n\n\n<h2 class=\"wp-block-heading has-black-color has-text-color has-link-color wp-elements-5\" style=\"font-size:20px\">Membros da banca<\/h2>\n\n\n\n<ul class=\"wp-block-list\">\n<li class=\"has-black-color has-text-color has-link-color wp-elements-6\" style=\"font-size:14px\"><strong>Presidente <\/strong>&#8211; EMERSON GUEDES PONTES (ORIENTADOR) UFRRJ<\/li>\n\n\n\n<li class=\"has-black-color has-text-color has-link-color wp-elements-7\" style=\"font-size:14px\"><strong>Interno<\/strong> &#8211; CLAUDIO EDUARDO RODRIGUES DOS SANTOS UFRRJ<\/li>\n\n\n\n<li class=\"has-black-color has-text-color has-link-color wp-elements-8\" style=\"font-size:14px\"><strong>Interno<\/strong> &#8211; ROBERTO BARBOSA DE CASTILHO UFRRJ<\/li>\n\n\n\n<li class=\"has-black-color has-text-color has-link-color wp-elements-9\" style=\"font-size:14px\"><strong>Externo<\/strong> &#8211; GRISSET TOMASA FAGET ONDAR<\/li>\n\n\n\n<li class=\"has-black-color has-text-color has-link-color wp-elements-10\" style=\"font-size:14px\"><strong>Externo<\/strong> &#8211; OT\u00c1VIO VERSIANE CABRAL<\/li>\n<\/ul>\n\n\n\n<p class=\"has-black-color has-text-color has-link-color wp-elements-11 wp-block-paragraph\" style=\"font-size:14px\"><strong><mark style=\"background-color:#8ed1fc\" class=\"has-inline-color\"><a href=\"https:\/\/rima.ufrrj.br\/jspui\/bitstream\/20.500.14407\/24408\/1\/2025%20-%20Alexandro%20Pereira%20da%20Silva.pdf\" target=\"_blank\" rel=\"noreferrer noopener\">Vers\u00e3o final da disserta\u00e7\u00e3o<\/a><\/mark><\/strong><br><br><\/p>\n\n\n\n<p class=\"wp-block-paragraph\"><\/p>\n","protected":false},"excerpt":{"rendered":"<p>PROPOSTA DE UM MODELO DE AULAS POR IMERS\u00c3O PEDAG\u00d3GICA PSICOSSOCIAL Palavras-chave: Imers\u00e3o Pedag\u00f3gica; Ensino de Qu\u00edmica; Aprendizagem Sensorial; Metodologias Ativas; Forma\u00e7\u00e3o Docente.Data: [&hellip;]<\/p>\n","protected":false},"author":168,"featured_media":0,"comment_status":"closed","ping_status":"closed","sticky":false,"template":"","format":"standard","meta":{"_acf_changed":false,"footnotes":"","_links_to":"","_links_to_target":""},"categories":[1],"tags":[],"class_list":["post-12668","post","type-post","status-publish","format-standard","hentry","category-sem-categoria"],"yoast_head":"<!-- This site is optimized with the Yoast SEO plugin v28.2 - https:\/\/yoast.com\/product\/yoast-seo-wordpress\/ -->\n<title>Alexandro Pereira da Silva - Programa de Mestrado Profissional em Qu\u00edmica em Rede Nacional (PROFQUI),<\/title>\n<meta name=\"robots\" content=\"index, follow, max-snippet:-1, max-image-preview:large, max-video-preview:-1\" \/>\n<link rel=\"canonical\" href=\"https:\/\/cursos.ufrrj.br\/posgraduacao\/profqui\/alexandro-pereira-da-silva\/\" \/>\n<meta property=\"og:locale\" content=\"pt_BR\" \/>\n<meta property=\"og:type\" content=\"article\" \/>\n<meta property=\"og:title\" content=\"Alexandro Pereira da Silva - Programa de Mestrado Profissional em Qu\u00edmica em Rede Nacional (PROFQUI),\" \/>\n<meta property=\"og:description\" content=\"PROPOSTA DE UM MODELO DE AULAS POR IMERS\u00c3O PEDAG\u00d3GICA PSICOSSOCIAL Palavras-chave: Imers\u00e3o Pedag\u00f3gica; Ensino de Qu\u00edmica; Aprendizagem Sensorial; Metodologias Ativas; Forma\u00e7\u00e3o Docente.Data: [&hellip;]\" \/>\n<meta property=\"og:url\" content=\"https:\/\/cursos.ufrrj.br\/posgraduacao\/profqui\/alexandro-pereira-da-silva\/\" \/>\n<meta property=\"og:site_name\" content=\"Programa de Mestrado Profissional em Qu\u00edmica em Rede Nacional (PROFQUI),\" \/>\n<meta property=\"article:publisher\" content=\"https:\/\/www.facebook.com\/MestradoProfissionalEmGestaoeEstrategia\" \/>\n<meta property=\"article:published_time\" content=\"2026-08-27T13:17:18+00:00\" \/>\n<meta property=\"article:modified_time\" content=\"2026-08-27T14:09:57+00:00\" \/>\n<meta name=\"author\" content=\"claudio\" \/>\n<meta name=\"twitter:card\" content=\"summary_large_image\" \/>\n<meta name=\"twitter:label1\" content=\"Escrito por\" \/>\n\t<meta name=\"twitter:data1\" content=\"claudio\" \/>\n\t<meta name=\"twitter:label2\" content=\"Est. tempo de leitura\" \/>\n\t<meta name=\"twitter:data2\" content=\"3 minutos\" \/>\n<script type=\"application\/ld+json\" class=\"yoast-schema-graph\">{\"@context\":\"https:\\\/\\\/schema.org\",\"@graph\":[{\"@type\":\"Article\",\"@id\":\"https:\\\/\\\/cursos.ufrrj.br\\\/posgraduacao\\\/profqui\\\/alexandro-pereira-da-silva\\\/#article\",\"isPartOf\":{\"@id\":\"https:\\\/\\\/cursos.ufrrj.br\\\/posgraduacao\\\/profqui\\\/alexandro-pereira-da-silva\\\/\"},\"author\":{\"name\":\"claudio\",\"@id\":\"https:\\\/\\\/cursos.ufrrj.br\\\/posgraduacao\\\/profqui\\\/#\\\/schema\\\/person\\\/94e0f551c65ce00d675b0cbbf8313bdf\"},\"headline\":\"Alexandro Pereira da Silva\",\"datePublished\":\"2026-08-27T13:17:18+00:00\",\"dateModified\":\"2026-08-27T14:09:57+00:00\",\"mainEntityOfPage\":{\"@id\":\"https:\\\/\\\/cursos.ufrrj.br\\\/posgraduacao\\\/profqui\\\/alexandro-pereira-da-silva\\\/\"},\"wordCount\":593,\"inLanguage\":\"pt-BR\"},{\"@type\":\"WebPage\",\"@id\":\"https:\\\/\\\/cursos.ufrrj.br\\\/posgraduacao\\\/profqui\\\/alexandro-pereira-da-silva\\\/\",\"url\":\"https:\\\/\\\/cursos.ufrrj.br\\\/posgraduacao\\\/profqui\\\/alexandro-pereira-da-silva\\\/\",\"name\":\"Alexandro Pereira da Silva - Programa de Mestrado Profissional em Qu\u00edmica em Rede Nacional (PROFQUI),\",\"isPartOf\":{\"@id\":\"https:\\\/\\\/cursos.ufrrj.br\\\/posgraduacao\\\/profqui\\\/#website\"},\"datePublished\":\"2026-08-27T13:17:18+00:00\",\"dateModified\":\"2026-08-27T14:09:57+00:00\",\"author\":{\"@id\":\"https:\\\/\\\/cursos.ufrrj.br\\\/posgraduacao\\\/profqui\\\/#\\\/schema\\\/person\\\/94e0f551c65ce00d675b0cbbf8313bdf\"},\"breadcrumb\":{\"@id\":\"https:\\\/\\\/cursos.ufrrj.br\\\/posgraduacao\\\/profqui\\\/alexandro-pereira-da-silva\\\/#breadcrumb\"},\"inLanguage\":\"pt-BR\",\"potentialAction\":[{\"@type\":\"ReadAction\",\"target\":[\"https:\\\/\\\/cursos.ufrrj.br\\\/posgraduacao\\\/profqui\\\/alexandro-pereira-da-silva\\\/\"]}]},{\"@type\":\"BreadcrumbList\",\"@id\":\"https:\\\/\\\/cursos.ufrrj.br\\\/posgraduacao\\\/profqui\\\/alexandro-pereira-da-silva\\\/#breadcrumb\",\"itemListElement\":[{\"@type\":\"ListItem\",\"position\":1,\"name\":\"In\u00edcio\",\"item\":\"https:\\\/\\\/cursos.ufrrj.br\\\/posgraduacao\\\/profqui\\\/\"},{\"@type\":\"ListItem\",\"position\":2,\"name\":\"Alexandro Pereira da Silva\"}]},{\"@type\":\"WebSite\",\"@id\":\"https:\\\/\\\/cursos.ufrrj.br\\\/posgraduacao\\\/profqui\\\/#website\",\"url\":\"https:\\\/\\\/cursos.ufrrj.br\\\/posgraduacao\\\/profqui\\\/\",\"name\":\"Programa de Mestrado Profissional em Qu\u00edmica em Rede Nacional (PROFQUI),\",\"description\":\"Universidade Federal Rural do Rio de Janeiro \u2013 UFRRJ\",\"potentialAction\":[{\"@type\":\"SearchAction\",\"target\":{\"@type\":\"EntryPoint\",\"urlTemplate\":\"https:\\\/\\\/cursos.ufrrj.br\\\/posgraduacao\\\/profqui\\\/?s={search_term_string}\"},\"query-input\":{\"@type\":\"PropertyValueSpecification\",\"valueRequired\":true,\"valueName\":\"search_term_string\"}}],\"inLanguage\":\"pt-BR\"},{\"@type\":\"Person\",\"@id\":\"https:\\\/\\\/cursos.ufrrj.br\\\/posgraduacao\\\/profqui\\\/#\\\/schema\\\/person\\\/94e0f551c65ce00d675b0cbbf8313bdf\",\"name\":\"claudio\",\"image\":{\"@type\":\"ImageObject\",\"inLanguage\":\"pt-BR\",\"@id\":\"https:\\\/\\\/secure.gravatar.com\\\/avatar\\\/240ddbde0248db34fb721d717a5ea73f43746c5e9e1fb1b7a19b725080da6355?s=96&d=mm&r=g\",\"url\":\"https:\\\/\\\/secure.gravatar.com\\\/avatar\\\/240ddbde0248db34fb721d717a5ea73f43746c5e9e1fb1b7a19b725080da6355?s=96&d=mm&r=g\",\"contentUrl\":\"https:\\\/\\\/secure.gravatar.com\\\/avatar\\\/240ddbde0248db34fb721d717a5ea73f43746c5e9e1fb1b7a19b725080da6355?s=96&d=mm&r=g\",\"caption\":\"claudio\"},\"description\":\"GLPI 41543\",\"url\":\"https:\\\/\\\/cursos.ufrrj.br\\\/posgraduacao\\\/profqui\\\/author\\\/claudio\\\/\"}]}<\/script>\n<!-- \/ Yoast SEO plugin. -->","yoast_head_json":{"title":"Alexandro Pereira da Silva - Programa de Mestrado Profissional em Qu\u00edmica em Rede Nacional (PROFQUI),","robots":{"index":"index","follow":"follow","max-snippet":"max-snippet:-1","max-image-preview":"max-image-preview:large","max-video-preview":"max-video-preview:-1"},"canonical":"https:\/\/cursos.ufrrj.br\/posgraduacao\/profqui\/alexandro-pereira-da-silva\/","og_locale":"pt_BR","og_type":"article","og_title":"Alexandro Pereira da Silva - Programa de Mestrado Profissional em Qu\u00edmica em Rede Nacional (PROFQUI),","og_description":"PROPOSTA DE UM MODELO DE AULAS POR IMERS\u00c3O PEDAG\u00d3GICA PSICOSSOCIAL Palavras-chave: Imers\u00e3o Pedag\u00f3gica; Ensino de Qu\u00edmica; Aprendizagem Sensorial; Metodologias Ativas; Forma\u00e7\u00e3o Docente.Data: [&hellip;]","og_url":"https:\/\/cursos.ufrrj.br\/posgraduacao\/profqui\/alexandro-pereira-da-silva\/","og_site_name":"Programa de Mestrado Profissional em Qu\u00edmica em Rede Nacional (PROFQUI),","article_publisher":"https:\/\/www.facebook.com\/MestradoProfissionalEmGestaoeEstrategia","article_published_time":"2026-08-27T13:17:18+00:00","article_modified_time":"2026-08-27T14:09:57+00:00","author":"claudio","twitter_card":"summary_large_image","twitter_misc":{"Escrito por":"claudio","Est. tempo de leitura":"3 minutos"},"schema":{"@context":"https:\/\/schema.org","@graph":[{"@type":"Article","@id":"https:\/\/cursos.ufrrj.br\/posgraduacao\/profqui\/alexandro-pereira-da-silva\/#article","isPartOf":{"@id":"https:\/\/cursos.ufrrj.br\/posgraduacao\/profqui\/alexandro-pereira-da-silva\/"},"author":{"name":"claudio","@id":"https:\/\/cursos.ufrrj.br\/posgraduacao\/profqui\/#\/schema\/person\/94e0f551c65ce00d675b0cbbf8313bdf"},"headline":"Alexandro Pereira da Silva","datePublished":"2026-08-27T13:17:18+00:00","dateModified":"2026-08-27T14:09:57+00:00","mainEntityOfPage":{"@id":"https:\/\/cursos.ufrrj.br\/posgraduacao\/profqui\/alexandro-pereira-da-silva\/"},"wordCount":593,"inLanguage":"pt-BR"},{"@type":"WebPage","@id":"https:\/\/cursos.ufrrj.br\/posgraduacao\/profqui\/alexandro-pereira-da-silva\/","url":"https:\/\/cursos.ufrrj.br\/posgraduacao\/profqui\/alexandro-pereira-da-silva\/","name":"Alexandro Pereira da Silva - Programa de Mestrado Profissional em Qu\u00edmica em Rede Nacional (PROFQUI),","isPartOf":{"@id":"https:\/\/cursos.ufrrj.br\/posgraduacao\/profqui\/#website"},"datePublished":"2026-08-27T13:17:18+00:00","dateModified":"2026-08-27T14:09:57+00:00","author":{"@id":"https:\/\/cursos.ufrrj.br\/posgraduacao\/profqui\/#\/schema\/person\/94e0f551c65ce00d675b0cbbf8313bdf"},"breadcrumb":{"@id":"https:\/\/cursos.ufrrj.br\/posgraduacao\/profqui\/alexandro-pereira-da-silva\/#breadcrumb"},"inLanguage":"pt-BR","potentialAction":[{"@type":"ReadAction","target":["https:\/\/cursos.ufrrj.br\/posgraduacao\/profqui\/alexandro-pereira-da-silva\/"]}]},{"@type":"BreadcrumbList","@id":"https:\/\/cursos.ufrrj.br\/posgraduacao\/profqui\/alexandro-pereira-da-silva\/#breadcrumb","itemListElement":[{"@type":"ListItem","position":1,"name":"In\u00edcio","item":"https:\/\/cursos.ufrrj.br\/posgraduacao\/profqui\/"},{"@type":"ListItem","position":2,"name":"Alexandro Pereira da Silva"}]},{"@type":"WebSite","@id":"https:\/\/cursos.ufrrj.br\/posgraduacao\/profqui\/#website","url":"https:\/\/cursos.ufrrj.br\/posgraduacao\/profqui\/","name":"Programa de Mestrado Profissional em Qu\u00edmica em Rede Nacional (PROFQUI),","description":"Universidade Federal Rural do Rio de Janeiro \u2013 UFRRJ","potentialAction":[{"@type":"SearchAction","target":{"@type":"EntryPoint","urlTemplate":"https:\/\/cursos.ufrrj.br\/posgraduacao\/profqui\/?s={search_term_string}"},"query-input":{"@type":"PropertyValueSpecification","valueRequired":true,"valueName":"search_term_string"}}],"inLanguage":"pt-BR"},{"@type":"Person","@id":"https:\/\/cursos.ufrrj.br\/posgraduacao\/profqui\/#\/schema\/person\/94e0f551c65ce00d675b0cbbf8313bdf","name":"claudio","image":{"@type":"ImageObject","inLanguage":"pt-BR","@id":"https:\/\/secure.gravatar.com\/avatar\/240ddbde0248db34fb721d717a5ea73f43746c5e9e1fb1b7a19b725080da6355?s=96&d=mm&r=g","url":"https:\/\/secure.gravatar.com\/avatar\/240ddbde0248db34fb721d717a5ea73f43746c5e9e1fb1b7a19b725080da6355?s=96&d=mm&r=g","contentUrl":"https:\/\/secure.gravatar.com\/avatar\/240ddbde0248db34fb721d717a5ea73f43746c5e9e1fb1b7a19b725080da6355?s=96&d=mm&r=g","caption":"claudio"},"description":"GLPI 41543","url":"https:\/\/cursos.ufrrj.br\/posgraduacao\/profqui\/author\/claudio\/"}]}},"acf":[],"_links":{"self":[{"href":"https:\/\/cursos.ufrrj.br\/posgraduacao\/profqui\/wp-json\/wp\/v2\/posts\/12668","targetHints":{"allow":["GET"]}}],"collection":[{"href":"https:\/\/cursos.ufrrj.br\/posgraduacao\/profqui\/wp-json\/wp\/v2\/posts"}],"about":[{"href":"https:\/\/cursos.ufrrj.br\/posgraduacao\/profqui\/wp-json\/wp\/v2\/types\/post"}],"author":[{"embeddable":true,"href":"https:\/\/cursos.ufrrj.br\/posgraduacao\/profqui\/wp-json\/wp\/v2\/users\/168"}],"replies":[{"embeddable":true,"href":"https:\/\/cursos.ufrrj.br\/posgraduacao\/profqui\/wp-json\/wp\/v2\/comments?post=12668"}],"version-history":[{"count":5,"href":"https:\/\/cursos.ufrrj.br\/posgraduacao\/profqui\/wp-json\/wp\/v2\/posts\/12668\/revisions"}],"predecessor-version":[{"id":12686,"href":"https:\/\/cursos.ufrrj.br\/posgraduacao\/profqui\/wp-json\/wp\/v2\/posts\/12668\/revisions\/12686"}],"wp:attachment":[{"href":"https:\/\/cursos.ufrrj.br\/posgraduacao\/profqui\/wp-json\/wp\/v2\/media?parent=12668"}],"wp:term":[{"taxonomy":"category","embeddable":true,"href":"https:\/\/cursos.ufrrj.br\/posgraduacao\/profqui\/wp-json\/wp\/v2\/categories?post=12668"},{"taxonomy":"post_tag","embeddable":true,"href":"https:\/\/cursos.ufrrj.br\/posgraduacao\/profqui\/wp-json\/wp\/v2\/tags?post=12668"}],"curies":[{"name":"wp","href":"https:\/\/api.w.org\/{rel}","templated":true}]}}