{"id":12616,"date":"2026-08-26T13:56:43","date_gmt":"2026-08-26T16:56:43","guid":{"rendered":"https:\/\/cursos.ufrrj.br\/posgraduacao\/profqui\/?p=12616"},"modified":"2026-08-26T13:56:44","modified_gmt":"2026-08-26T16:56:44","slug":"jessica-alves-de-medeiros-areas","status":"publish","type":"post","link":"https:\/\/cursos.ufrrj.br\/posgraduacao\/profqui\/jessica-alves-de-medeiros-areas\/","title":{"rendered":"J\u00e9ssica Alves de Medeiros Areas"},"content":{"rendered":"\n<h2 class=\"wp-block-heading has-black-color has-text-color has-link-color wp-elements-1\" style=\"font-size:26px\">APRENDIZAGEM BASEADA EM EQUIPES COMO METODOLOGIAATIVA DE ENSINO PARA UMA ABORDAGEM EXPERIMENTAL DADETERMINA\u00c7\u00c3O DA FAIXA DE PH DE SOLU\u00c7\u00d5ES AQUOSAS<\/h2>\n\n\n\n<p class=\"has-black-color has-text-color has-link-color wp-elements-2 wp-block-paragraph\"><strong>Palavras-chave<\/strong>: Acidez, Basicidade, Indicadores, Sequ\u00eancia Did\u00e1tica, Aprendizagem Baseada em Equipes, Hist\u00f3ria da Ci\u00eancia.<br><strong>Data<\/strong>: 01\/12\/2022<br><\/p>\n\n\n\n<h2 class=\"wp-block-heading\" style=\"font-size:20px\">Resumo<\/h2>\n\n\n\n<p class=\"has-black-color has-text-color has-link-color wp-elements-3 wp-block-paragraph\" style=\"font-size:14px\"><br>Apresentar Qu\u00edmica aos alunos do ensino m\u00e9dio \u00e9 um grande desafio pois a disciplina \u00e9tida como algo desconexo da realidade e de dif\u00edcil compreens\u00e3o, e o uso de metodologiastradicionais que envolvem apenas o quadro n\u00e3o contribuem para melhoria desse cen\u00e1rio. Ocontexto p\u00f3s-pandemia mostrou que os alunos retornaram ao modelo presencial ainda maisdesmotivados e com defasagem de conte\u00fado. Com o objetivo de despertar nos alunosmaior interesse, este trabalho aplicou uma sequ\u00eancia did\u00e1tica (SD) que envolve umametodologia ativa de ensino, a Aprendizagem Baseada em Equipes (ABE), com o objetivocolocar os alunos como protagonistas da constru\u00e7\u00e3o dos seus conhecimentos. O temaescolhido para desenvolvimento deste trabalho foi a abordagem experimental da medi\u00e7\u00e3odo pH de solu\u00e7\u00f5es aquosas, a partir de indicadores \u00e1cido-base. Al\u00e9m de ser uma pr\u00e1ticaque chama a aten\u00e7\u00e3o dos alunos, \u00e9 um conte\u00fado de f\u00e1cil correla\u00e7\u00e3o com o cotidiano dosalunos. O referencial te\u00f3rico utilizado foi a epistemologia de Gaston Bachelard, que tratadas etapas da evolu\u00e7\u00e3o do pensamento cient\u00edfico e dos obst\u00e1culos epistemol\u00f3gicosenfrentados na constru\u00e7\u00e3o do conhecimento. A SD faz uso da hist\u00f3ria da ci\u00eancia (HC) como intuito de humanizar o ensino de qu\u00edmica, desconstruindo a ideia de cientistas isoladosem seus laborat\u00f3rios, \u201cdescobrindo\u201d aleatoriedades que s\u00e3o ensinadas na escola. A SDformulada foi pensada em n\u00edveis crescentes de complexidade, de modo que a \u00faltima aulada SD seja a culmin\u00e2ncia de todo o projeto, e que todas as aulas anteriores sejamnecess\u00e1rias para a atividade desenvolvida nela, que une teoria e pr\u00e1tica.<\/p>\n\n\n\n<h2 class=\"wp-block-heading\" style=\"font-size:20px\">Membros da banca<\/h2>\n\n\n\n<ul class=\"wp-block-list\">\n<li class=\"has-black-color has-text-color has-link-color wp-elements-4\" style=\"font-size:14px\"><strong>Presidente<\/strong> &#8211; ROBERTO BARBOSA DE CASTILHO (ORIENTADOR) UFRRJ<\/li>\n\n\n\n<li class=\"has-black-color has-text-color has-link-color wp-elements-5\" style=\"font-size:14px\"><strong>Interno<\/strong> &#8211; ANDRE MARQUES DOS SANTOS UFRRJ<\/li>\n\n\n\n<li class=\"has-black-color has-text-color has-link-color wp-elements-6\" style=\"font-size:14px\"><strong>Externo<\/strong> &#8211; JO\u00c3O CARLOS SANTOS SILVA J\u00daNIOR IFRJ<\/li>\n<\/ul>\n\n\n\n<p class=\"has-black-color has-text-color has-link-color wp-elements-7 wp-block-paragraph\"><a href=\"https:\/\/rima.ufrrj.br\/jspui\/bitstream\/20.500.14407\/15733\/3\/2022%20-%20J%c3%a9ssica%20Alves%20de%20Medeiros%20Ar%c3%aaas.Pdf\" target=\"_blank\" rel=\"noreferrer noopener\"><mark style=\"background-color:#8ed1fc\" class=\"has-inline-color\"><strong>Vers\u00e3o final da disserta\u00e7\u00e3o<\/strong><\/mark><\/a><\/p>\n","protected":false},"excerpt":{"rendered":"<p>APRENDIZAGEM BASEADA EM EQUIPES COMO METODOLOGIAATIVA DE ENSINO PARA UMA ABORDAGEM EXPERIMENTAL DADETERMINA\u00c7\u00c3O DA FAIXA DE PH DE SOLU\u00c7\u00d5ES AQUOSAS Palavras-chave: Acidez, [&hellip;]<\/p>\n","protected":false},"author":168,"featured_media":0,"comment_status":"closed","ping_status":"closed","sticky":false,"template":"","format":"standard","meta":{"_acf_changed":false,"footnotes":"","_links_to":"","_links_to_target":""},"categories":[1],"tags":[],"class_list":["post-12616","post","type-post","status-publish","format-standard","hentry","category-sem-categoria"],"yoast_head":"<!-- This site is optimized with the Yoast SEO plugin v28.2 - https:\/\/yoast.com\/product\/yoast-seo-wordpress\/ -->\n<title>J\u00e9ssica Alves de Medeiros Areas - Programa de Mestrado Profissional em Qu\u00edmica em Rede Nacional (PROFQUI),<\/title>\n<meta name=\"robots\" content=\"index, follow, max-snippet:-1, max-image-preview:large, max-video-preview:-1\" \/>\n<link rel=\"canonical\" href=\"https:\/\/cursos.ufrrj.br\/posgraduacao\/profqui\/jessica-alves-de-medeiros-areas\/\" \/>\n<meta property=\"og:locale\" content=\"pt_BR\" \/>\n<meta property=\"og:type\" content=\"article\" \/>\n<meta property=\"og:title\" content=\"J\u00e9ssica Alves de Medeiros Areas - Programa de Mestrado Profissional em Qu\u00edmica em Rede Nacional (PROFQUI),\" \/>\n<meta property=\"og:description\" content=\"APRENDIZAGEM BASEADA EM EQUIPES COMO METODOLOGIAATIVA DE ENSINO PARA UMA ABORDAGEM EXPERIMENTAL DADETERMINA\u00c7\u00c3O DA FAIXA DE PH DE SOLU\u00c7\u00d5ES AQUOSAS Palavras-chave: Acidez, [&hellip;]\" \/>\n<meta property=\"og:url\" content=\"https:\/\/cursos.ufrrj.br\/posgraduacao\/profqui\/jessica-alves-de-medeiros-areas\/\" \/>\n<meta property=\"og:site_name\" content=\"Programa de Mestrado Profissional em Qu\u00edmica em Rede Nacional (PROFQUI),\" \/>\n<meta property=\"article:publisher\" content=\"https:\/\/www.facebook.com\/MestradoProfissionalEmGestaoeEstrategia\" \/>\n<meta property=\"article:published_time\" content=\"2026-08-26T16:56:43+00:00\" \/>\n<meta property=\"article:modified_time\" content=\"2026-08-26T16:56:44+00:00\" \/>\n<meta name=\"author\" content=\"claudio\" \/>\n<meta name=\"twitter:card\" content=\"summary_large_image\" \/>\n<meta name=\"twitter:label1\" content=\"Escrito por\" \/>\n\t<meta name=\"twitter:data1\" content=\"claudio\" \/>\n\t<meta name=\"twitter:label2\" content=\"Est. tempo de leitura\" \/>\n\t<meta name=\"twitter:data2\" content=\"2 minutos\" \/>\n<script type=\"application\/ld+json\" class=\"yoast-schema-graph\">{\"@context\":\"https:\\\/\\\/schema.org\",\"@graph\":[{\"@type\":\"Article\",\"@id\":\"https:\\\/\\\/cursos.ufrrj.br\\\/posgraduacao\\\/profqui\\\/jessica-alves-de-medeiros-areas\\\/#article\",\"isPartOf\":{\"@id\":\"https:\\\/\\\/cursos.ufrrj.br\\\/posgraduacao\\\/profqui\\\/jessica-alves-de-medeiros-areas\\\/\"},\"author\":{\"name\":\"claudio\",\"@id\":\"https:\\\/\\\/cursos.ufrrj.br\\\/posgraduacao\\\/profqui\\\/#\\\/schema\\\/person\\\/94e0f551c65ce00d675b0cbbf8313bdf\"},\"headline\":\"J\u00e9ssica Alves de Medeiros Areas\",\"datePublished\":\"2026-08-26T16:56:43+00:00\",\"dateModified\":\"2026-08-26T16:56:44+00:00\",\"mainEntityOfPage\":{\"@id\":\"https:\\\/\\\/cursos.ufrrj.br\\\/posgraduacao\\\/profqui\\\/jessica-alves-de-medeiros-areas\\\/\"},\"wordCount\":348,\"inLanguage\":\"pt-BR\"},{\"@type\":\"WebPage\",\"@id\":\"https:\\\/\\\/cursos.ufrrj.br\\\/posgraduacao\\\/profqui\\\/jessica-alves-de-medeiros-areas\\\/\",\"url\":\"https:\\\/\\\/cursos.ufrrj.br\\\/posgraduacao\\\/profqui\\\/jessica-alves-de-medeiros-areas\\\/\",\"name\":\"J\u00e9ssica Alves de Medeiros Areas - Programa de Mestrado Profissional em Qu\u00edmica em Rede Nacional (PROFQUI),\",\"isPartOf\":{\"@id\":\"https:\\\/\\\/cursos.ufrrj.br\\\/posgraduacao\\\/profqui\\\/#website\"},\"datePublished\":\"2026-08-26T16:56:43+00:00\",\"dateModified\":\"2026-08-26T16:56:44+00:00\",\"author\":{\"@id\":\"https:\\\/\\\/cursos.ufrrj.br\\\/posgraduacao\\\/profqui\\\/#\\\/schema\\\/person\\\/94e0f551c65ce00d675b0cbbf8313bdf\"},\"breadcrumb\":{\"@id\":\"https:\\\/\\\/cursos.ufrrj.br\\\/posgraduacao\\\/profqui\\\/jessica-alves-de-medeiros-areas\\\/#breadcrumb\"},\"inLanguage\":\"pt-BR\",\"potentialAction\":[{\"@type\":\"ReadAction\",\"target\":[\"https:\\\/\\\/cursos.ufrrj.br\\\/posgraduacao\\\/profqui\\\/jessica-alves-de-medeiros-areas\\\/\"]}]},{\"@type\":\"BreadcrumbList\",\"@id\":\"https:\\\/\\\/cursos.ufrrj.br\\\/posgraduacao\\\/profqui\\\/jessica-alves-de-medeiros-areas\\\/#breadcrumb\",\"itemListElement\":[{\"@type\":\"ListItem\",\"position\":1,\"name\":\"In\u00edcio\",\"item\":\"https:\\\/\\\/cursos.ufrrj.br\\\/posgraduacao\\\/profqui\\\/\"},{\"@type\":\"ListItem\",\"position\":2,\"name\":\"J\u00e9ssica Alves de Medeiros Areas\"}]},{\"@type\":\"WebSite\",\"@id\":\"https:\\\/\\\/cursos.ufrrj.br\\\/posgraduacao\\\/profqui\\\/#website\",\"url\":\"https:\\\/\\\/cursos.ufrrj.br\\\/posgraduacao\\\/profqui\\\/\",\"name\":\"Programa de Mestrado Profissional em Qu\u00edmica em Rede Nacional (PROFQUI),\",\"description\":\"Universidade Federal Rural do Rio de Janeiro \u2013 UFRRJ\",\"potentialAction\":[{\"@type\":\"SearchAction\",\"target\":{\"@type\":\"EntryPoint\",\"urlTemplate\":\"https:\\\/\\\/cursos.ufrrj.br\\\/posgraduacao\\\/profqui\\\/?s={search_term_string}\"},\"query-input\":{\"@type\":\"PropertyValueSpecification\",\"valueRequired\":true,\"valueName\":\"search_term_string\"}}],\"inLanguage\":\"pt-BR\"},{\"@type\":\"Person\",\"@id\":\"https:\\\/\\\/cursos.ufrrj.br\\\/posgraduacao\\\/profqui\\\/#\\\/schema\\\/person\\\/94e0f551c65ce00d675b0cbbf8313bdf\",\"name\":\"claudio\",\"image\":{\"@type\":\"ImageObject\",\"inLanguage\":\"pt-BR\",\"@id\":\"https:\\\/\\\/secure.gravatar.com\\\/avatar\\\/240ddbde0248db34fb721d717a5ea73f43746c5e9e1fb1b7a19b725080da6355?s=96&d=mm&r=g\",\"url\":\"https:\\\/\\\/secure.gravatar.com\\\/avatar\\\/240ddbde0248db34fb721d717a5ea73f43746c5e9e1fb1b7a19b725080da6355?s=96&d=mm&r=g\",\"contentUrl\":\"https:\\\/\\\/secure.gravatar.com\\\/avatar\\\/240ddbde0248db34fb721d717a5ea73f43746c5e9e1fb1b7a19b725080da6355?s=96&d=mm&r=g\",\"caption\":\"claudio\"},\"description\":\"GLPI 41543\",\"url\":\"https:\\\/\\\/cursos.ufrrj.br\\\/posgraduacao\\\/profqui\\\/author\\\/claudio\\\/\"}]}<\/script>\n<!-- \/ Yoast SEO plugin. -->","yoast_head_json":{"title":"J\u00e9ssica Alves de Medeiros Areas - Programa de Mestrado Profissional em Qu\u00edmica em Rede Nacional (PROFQUI),","robots":{"index":"index","follow":"follow","max-snippet":"max-snippet:-1","max-image-preview":"max-image-preview:large","max-video-preview":"max-video-preview:-1"},"canonical":"https:\/\/cursos.ufrrj.br\/posgraduacao\/profqui\/jessica-alves-de-medeiros-areas\/","og_locale":"pt_BR","og_type":"article","og_title":"J\u00e9ssica Alves de Medeiros Areas - Programa de Mestrado Profissional em Qu\u00edmica em Rede Nacional (PROFQUI),","og_description":"APRENDIZAGEM BASEADA EM EQUIPES COMO METODOLOGIAATIVA DE ENSINO PARA UMA ABORDAGEM EXPERIMENTAL DADETERMINA\u00c7\u00c3O DA FAIXA DE PH DE SOLU\u00c7\u00d5ES AQUOSAS Palavras-chave: Acidez, [&hellip;]","og_url":"https:\/\/cursos.ufrrj.br\/posgraduacao\/profqui\/jessica-alves-de-medeiros-areas\/","og_site_name":"Programa de Mestrado Profissional em Qu\u00edmica em Rede Nacional (PROFQUI),","article_publisher":"https:\/\/www.facebook.com\/MestradoProfissionalEmGestaoeEstrategia","article_published_time":"2026-08-26T16:56:43+00:00","article_modified_time":"2026-08-26T16:56:44+00:00","author":"claudio","twitter_card":"summary_large_image","twitter_misc":{"Escrito por":"claudio","Est. tempo de leitura":"2 minutos"},"schema":{"@context":"https:\/\/schema.org","@graph":[{"@type":"Article","@id":"https:\/\/cursos.ufrrj.br\/posgraduacao\/profqui\/jessica-alves-de-medeiros-areas\/#article","isPartOf":{"@id":"https:\/\/cursos.ufrrj.br\/posgraduacao\/profqui\/jessica-alves-de-medeiros-areas\/"},"author":{"name":"claudio","@id":"https:\/\/cursos.ufrrj.br\/posgraduacao\/profqui\/#\/schema\/person\/94e0f551c65ce00d675b0cbbf8313bdf"},"headline":"J\u00e9ssica Alves de Medeiros Areas","datePublished":"2026-08-26T16:56:43+00:00","dateModified":"2026-08-26T16:56:44+00:00","mainEntityOfPage":{"@id":"https:\/\/cursos.ufrrj.br\/posgraduacao\/profqui\/jessica-alves-de-medeiros-areas\/"},"wordCount":348,"inLanguage":"pt-BR"},{"@type":"WebPage","@id":"https:\/\/cursos.ufrrj.br\/posgraduacao\/profqui\/jessica-alves-de-medeiros-areas\/","url":"https:\/\/cursos.ufrrj.br\/posgraduacao\/profqui\/jessica-alves-de-medeiros-areas\/","name":"J\u00e9ssica Alves de Medeiros Areas - Programa de Mestrado Profissional em Qu\u00edmica em Rede Nacional (PROFQUI),","isPartOf":{"@id":"https:\/\/cursos.ufrrj.br\/posgraduacao\/profqui\/#website"},"datePublished":"2026-08-26T16:56:43+00:00","dateModified":"2026-08-26T16:56:44+00:00","author":{"@id":"https:\/\/cursos.ufrrj.br\/posgraduacao\/profqui\/#\/schema\/person\/94e0f551c65ce00d675b0cbbf8313bdf"},"breadcrumb":{"@id":"https:\/\/cursos.ufrrj.br\/posgraduacao\/profqui\/jessica-alves-de-medeiros-areas\/#breadcrumb"},"inLanguage":"pt-BR","potentialAction":[{"@type":"ReadAction","target":["https:\/\/cursos.ufrrj.br\/posgraduacao\/profqui\/jessica-alves-de-medeiros-areas\/"]}]},{"@type":"BreadcrumbList","@id":"https:\/\/cursos.ufrrj.br\/posgraduacao\/profqui\/jessica-alves-de-medeiros-areas\/#breadcrumb","itemListElement":[{"@type":"ListItem","position":1,"name":"In\u00edcio","item":"https:\/\/cursos.ufrrj.br\/posgraduacao\/profqui\/"},{"@type":"ListItem","position":2,"name":"J\u00e9ssica Alves de Medeiros Areas"}]},{"@type":"WebSite","@id":"https:\/\/cursos.ufrrj.br\/posgraduacao\/profqui\/#website","url":"https:\/\/cursos.ufrrj.br\/posgraduacao\/profqui\/","name":"Programa de Mestrado Profissional em Qu\u00edmica em Rede Nacional (PROFQUI),","description":"Universidade Federal Rural do Rio de Janeiro \u2013 UFRRJ","potentialAction":[{"@type":"SearchAction","target":{"@type":"EntryPoint","urlTemplate":"https:\/\/cursos.ufrrj.br\/posgraduacao\/profqui\/?s={search_term_string}"},"query-input":{"@type":"PropertyValueSpecification","valueRequired":true,"valueName":"search_term_string"}}],"inLanguage":"pt-BR"},{"@type":"Person","@id":"https:\/\/cursos.ufrrj.br\/posgraduacao\/profqui\/#\/schema\/person\/94e0f551c65ce00d675b0cbbf8313bdf","name":"claudio","image":{"@type":"ImageObject","inLanguage":"pt-BR","@id":"https:\/\/secure.gravatar.com\/avatar\/240ddbde0248db34fb721d717a5ea73f43746c5e9e1fb1b7a19b725080da6355?s=96&d=mm&r=g","url":"https:\/\/secure.gravatar.com\/avatar\/240ddbde0248db34fb721d717a5ea73f43746c5e9e1fb1b7a19b725080da6355?s=96&d=mm&r=g","contentUrl":"https:\/\/secure.gravatar.com\/avatar\/240ddbde0248db34fb721d717a5ea73f43746c5e9e1fb1b7a19b725080da6355?s=96&d=mm&r=g","caption":"claudio"},"description":"GLPI 41543","url":"https:\/\/cursos.ufrrj.br\/posgraduacao\/profqui\/author\/claudio\/"}]}},"acf":[],"_links":{"self":[{"href":"https:\/\/cursos.ufrrj.br\/posgraduacao\/profqui\/wp-json\/wp\/v2\/posts\/12616","targetHints":{"allow":["GET"]}}],"collection":[{"href":"https:\/\/cursos.ufrrj.br\/posgraduacao\/profqui\/wp-json\/wp\/v2\/posts"}],"about":[{"href":"https:\/\/cursos.ufrrj.br\/posgraduacao\/profqui\/wp-json\/wp\/v2\/types\/post"}],"author":[{"embeddable":true,"href":"https:\/\/cursos.ufrrj.br\/posgraduacao\/profqui\/wp-json\/wp\/v2\/users\/168"}],"replies":[{"embeddable":true,"href":"https:\/\/cursos.ufrrj.br\/posgraduacao\/profqui\/wp-json\/wp\/v2\/comments?post=12616"}],"version-history":[{"count":4,"href":"https:\/\/cursos.ufrrj.br\/posgraduacao\/profqui\/wp-json\/wp\/v2\/posts\/12616\/revisions"}],"predecessor-version":[{"id":12620,"href":"https:\/\/cursos.ufrrj.br\/posgraduacao\/profqui\/wp-json\/wp\/v2\/posts\/12616\/revisions\/12620"}],"wp:attachment":[{"href":"https:\/\/cursos.ufrrj.br\/posgraduacao\/profqui\/wp-json\/wp\/v2\/media?parent=12616"}],"wp:term":[{"taxonomy":"category","embeddable":true,"href":"https:\/\/cursos.ufrrj.br\/posgraduacao\/profqui\/wp-json\/wp\/v2\/categories?post=12616"},{"taxonomy":"post_tag","embeddable":true,"href":"https:\/\/cursos.ufrrj.br\/posgraduacao\/profqui\/wp-json\/wp\/v2\/tags?post=12616"}],"curies":[{"name":"wp","href":"https:\/\/api.w.org\/{rel}","templated":true}]}}