{"id":12602,"date":"2026-08-26T13:21:39","date_gmt":"2026-08-26T16:21:39","guid":{"rendered":"https:\/\/cursos.ufrrj.br\/posgraduacao\/profqui\/?p=12602"},"modified":"2026-08-26T13:21:40","modified_gmt":"2026-08-26T16:21:40","slug":"diogenes-chaves-lopes","status":"publish","type":"post","link":"https:\/\/cursos.ufrrj.br\/posgraduacao\/profqui\/diogenes-chaves-lopes\/","title":{"rendered":"Di\u00f3genes Chaves Lopes"},"content":{"rendered":"\n<h2 class=\"wp-block-heading has-black-color has-text-color has-link-color wp-elements-1\" style=\"font-size:26px\">O papel esquecido da radioatividade no ensino da estrutura at\u00f4mica em escolas da rede estadual de ensino no Rio de Janeiro: Elabora\u00e7\u00e3o e aplica\u00e7\u00e3o de uma Sequ\u00eancia Did\u00e1tica<\/h2>\n\n\n\n<p class=\"has-black-color has-text-color has-link-color wp-elements-2 wp-block-paragraph\">Palavras-chave: Ensino de Qu\u00edmica, Estrutura At\u00f4mica, Radioatividade<br>Data: 02\/12\/2022<br><\/p>\n\n\n\n<h2 class=\"wp-block-heading has-black-color has-text-color has-link-color wp-elements-3\" style=\"font-size:20px\">Resumo<\/h2>\n\n\n\n<p class=\"has-black-color has-text-color has-link-color wp-elements-4 wp-block-paragraph\" style=\"font-size:14px\"><br>A presente disserta\u00e7\u00e3o faz uma revis\u00e3o bibliogr\u00e1fica da abordagem dada \u00e0 tem\u00e1tica daradioatividade no estudo da estrutura at\u00f4mica, analisa as altera\u00e7\u00f5es do curr\u00edculo de qu\u00edmicadas escolas estaduais do Rio de Janeiro nas \u00faltimas duas d\u00e9cadas e prop\u00f5e uma sequ\u00eanciadid\u00e1tica como possibilidade para o ensino da radioatividade. A revis\u00e3o bibliogr\u00e1fica foi feitanas bases de dados do Google Acad\u00eamico e SciELO usando como palavras-chaveRadioatividade, Ensino de Qu\u00edmica e Estrutura At\u00f4mica. Foram priorizados trabalhosdivulgados entre os anos de 2000 e 2020 em l\u00edngua portuguesa. Na an\u00e1lise dos curr\u00edculosimplementados pela Secretaria de Estado de Educa\u00e7\u00e3o do Rio de Janeiro foram consideradosos curr\u00edculos do per\u00edodo de 2000 a 2012, levando-se em considera\u00e7\u00e3o as altera\u00e7\u00f5es feitasneste per\u00edodo para adequa\u00e7\u00e3o aos sistemas externos de avalia\u00e7\u00e3o. Apesar das tentativas deaperfei\u00e7oar o curr\u00edculo do ensino m\u00e9dio, inclusive o curr\u00edculo de qu\u00edmica, n\u00e3o conseguimosobservar nenhuma melhora significativa. Identificamos, nesta revis\u00e3o bibliogr\u00e1fica, que h\u00e1sim um esfor\u00e7o da comunidade do ensino de qu\u00edmica em aproximar a radioatividade doestudo da evolu\u00e7\u00e3o dos modelos at\u00f4micos, por\u00e9m ainda consideramos t\u00edmidas taisiniciativas. Verificamos tamb\u00e9m a busca de alternativas em diferentes estados da federa\u00e7\u00e3opara o ensino da radioatividade, sem, no entanto, podermos concluir que haja uma melhorana aceita\u00e7\u00e3o\/ compreens\u00e3o da radioatividade com impacto positivo na sociedade. Propomosuma sequ\u00eancia did\u00e1tica (SD) sustentada na Natureza da Ci\u00eancia (NdC) e dividida em tr\u00easmomentos, quais sejam, um formul\u00e1rio, a leitura de um artigo cient\u00edfico e um v\u00eddeo,associados a duas rodas de conversa.<\/p>\n\n\n\n<h2 class=\"wp-block-heading\" style=\"font-size:20px\">Membros da banca<\/h2>\n\n\n\n<ul class=\"wp-block-list\">\n<li class=\"has-black-color has-text-color has-link-color wp-elements-5\">Presidente &#8211; MARCELO HAWRYLAK HERBST (ORIENTADOR) UFRRJ<\/li>\n\n\n\n<li class=\"has-black-color has-text-color has-link-color wp-elements-6\">Externo &#8211; MARCELO AZEVEDO NEVES UFRRJ<\/li>\n\n\n\n<li class=\"has-black-color has-text-color has-link-color wp-elements-7\">Externo &#8211; JORGE CARDOSO MESSEDER IFRJ<\/li>\n<\/ul>\n\n\n\n<p class=\"has-black-color has-text-color has-link-color wp-elements-8 wp-block-paragraph\" style=\"font-size:14px\"><br><a href=\"https:\/\/rima.ufrrj.br\/jspui\/bitstream\/20.500.14407\/15746\/3\/2022%20-%20Di%c3%b3genes%20Chaves%20Lopes.Pdf\" target=\"_blank\" rel=\"noreferrer noopener\"><strong><mark style=\"background-color:#8ed1fc\" class=\"has-inline-color\">Vers\u00e3o final da disserta\u00e7\u00e3o<\/mark><\/strong><\/a><\/p>\n\n\n\n<p class=\"wp-block-paragraph\"><\/p>\n","protected":false},"excerpt":{"rendered":"<p>O papel esquecido da radioatividade no ensino da estrutura at\u00f4mica em escolas da rede estadual de ensino no Rio de Janeiro: Elabora\u00e7\u00e3o [&hellip;]<\/p>\n","protected":false},"author":168,"featured_media":0,"comment_status":"closed","ping_status":"closed","sticky":false,"template":"","format":"standard","meta":{"_acf_changed":false,"footnotes":"","_links_to":"","_links_to_target":""},"categories":[1],"tags":[],"class_list":["post-12602","post","type-post","status-publish","format-standard","hentry","category-sem-categoria"],"yoast_head":"<!-- This site is optimized with the Yoast SEO plugin v28.2 - https:\/\/yoast.com\/product\/yoast-seo-wordpress\/ -->\n<title>Di\u00f3genes Chaves Lopes - Programa de Mestrado Profissional em Qu\u00edmica em Rede Nacional (PROFQUI),<\/title>\n<meta name=\"robots\" content=\"index, follow, max-snippet:-1, max-image-preview:large, max-video-preview:-1\" \/>\n<link rel=\"canonical\" href=\"https:\/\/cursos.ufrrj.br\/posgraduacao\/profqui\/diogenes-chaves-lopes\/\" \/>\n<meta property=\"og:locale\" content=\"pt_BR\" \/>\n<meta property=\"og:type\" content=\"article\" \/>\n<meta property=\"og:title\" content=\"Di\u00f3genes Chaves Lopes - Programa de Mestrado Profissional em Qu\u00edmica em Rede Nacional (PROFQUI),\" \/>\n<meta property=\"og:description\" content=\"O papel esquecido da radioatividade no ensino da estrutura at\u00f4mica em escolas da rede estadual de ensino no Rio de Janeiro: Elabora\u00e7\u00e3o [&hellip;]\" \/>\n<meta property=\"og:url\" content=\"https:\/\/cursos.ufrrj.br\/posgraduacao\/profqui\/diogenes-chaves-lopes\/\" \/>\n<meta property=\"og:site_name\" content=\"Programa de Mestrado Profissional em Qu\u00edmica em Rede Nacional (PROFQUI),\" \/>\n<meta property=\"article:publisher\" content=\"https:\/\/www.facebook.com\/MestradoProfissionalEmGestaoeEstrategia\" \/>\n<meta property=\"article:published_time\" content=\"2026-08-26T16:21:39+00:00\" \/>\n<meta property=\"article:modified_time\" content=\"2026-08-26T16:21:40+00:00\" \/>\n<meta name=\"author\" content=\"claudio\" \/>\n<meta name=\"twitter:card\" content=\"summary_large_image\" \/>\n<meta name=\"twitter:label1\" content=\"Escrito por\" \/>\n\t<meta name=\"twitter:data1\" content=\"claudio\" \/>\n\t<meta name=\"twitter:label2\" content=\"Est. tempo de leitura\" \/>\n\t<meta name=\"twitter:data2\" content=\"2 minutos\" \/>\n<script type=\"application\/ld+json\" class=\"yoast-schema-graph\">{\"@context\":\"https:\\\/\\\/schema.org\",\"@graph\":[{\"@type\":\"Article\",\"@id\":\"https:\\\/\\\/cursos.ufrrj.br\\\/posgraduacao\\\/profqui\\\/diogenes-chaves-lopes\\\/#article\",\"isPartOf\":{\"@id\":\"https:\\\/\\\/cursos.ufrrj.br\\\/posgraduacao\\\/profqui\\\/diogenes-chaves-lopes\\\/\"},\"author\":{\"name\":\"claudio\",\"@id\":\"https:\\\/\\\/cursos.ufrrj.br\\\/posgraduacao\\\/profqui\\\/#\\\/schema\\\/person\\\/94e0f551c65ce00d675b0cbbf8313bdf\"},\"headline\":\"Di\u00f3genes Chaves Lopes\",\"datePublished\":\"2026-08-26T16:21:39+00:00\",\"dateModified\":\"2026-08-26T16:21:40+00:00\",\"mainEntityOfPage\":{\"@id\":\"https:\\\/\\\/cursos.ufrrj.br\\\/posgraduacao\\\/profqui\\\/diogenes-chaves-lopes\\\/\"},\"wordCount\":356,\"inLanguage\":\"pt-BR\"},{\"@type\":\"WebPage\",\"@id\":\"https:\\\/\\\/cursos.ufrrj.br\\\/posgraduacao\\\/profqui\\\/diogenes-chaves-lopes\\\/\",\"url\":\"https:\\\/\\\/cursos.ufrrj.br\\\/posgraduacao\\\/profqui\\\/diogenes-chaves-lopes\\\/\",\"name\":\"Di\u00f3genes Chaves Lopes - Programa de Mestrado Profissional em Qu\u00edmica em Rede Nacional (PROFQUI),\",\"isPartOf\":{\"@id\":\"https:\\\/\\\/cursos.ufrrj.br\\\/posgraduacao\\\/profqui\\\/#website\"},\"datePublished\":\"2026-08-26T16:21:39+00:00\",\"dateModified\":\"2026-08-26T16:21:40+00:00\",\"author\":{\"@id\":\"https:\\\/\\\/cursos.ufrrj.br\\\/posgraduacao\\\/profqui\\\/#\\\/schema\\\/person\\\/94e0f551c65ce00d675b0cbbf8313bdf\"},\"breadcrumb\":{\"@id\":\"https:\\\/\\\/cursos.ufrrj.br\\\/posgraduacao\\\/profqui\\\/diogenes-chaves-lopes\\\/#breadcrumb\"},\"inLanguage\":\"pt-BR\",\"potentialAction\":[{\"@type\":\"ReadAction\",\"target\":[\"https:\\\/\\\/cursos.ufrrj.br\\\/posgraduacao\\\/profqui\\\/diogenes-chaves-lopes\\\/\"]}]},{\"@type\":\"BreadcrumbList\",\"@id\":\"https:\\\/\\\/cursos.ufrrj.br\\\/posgraduacao\\\/profqui\\\/diogenes-chaves-lopes\\\/#breadcrumb\",\"itemListElement\":[{\"@type\":\"ListItem\",\"position\":1,\"name\":\"In\u00edcio\",\"item\":\"https:\\\/\\\/cursos.ufrrj.br\\\/posgraduacao\\\/profqui\\\/\"},{\"@type\":\"ListItem\",\"position\":2,\"name\":\"Di\u00f3genes Chaves Lopes\"}]},{\"@type\":\"WebSite\",\"@id\":\"https:\\\/\\\/cursos.ufrrj.br\\\/posgraduacao\\\/profqui\\\/#website\",\"url\":\"https:\\\/\\\/cursos.ufrrj.br\\\/posgraduacao\\\/profqui\\\/\",\"name\":\"Programa de Mestrado Profissional em Qu\u00edmica em Rede Nacional (PROFQUI),\",\"description\":\"Universidade Federal Rural do Rio de Janeiro \u2013 UFRRJ\",\"potentialAction\":[{\"@type\":\"SearchAction\",\"target\":{\"@type\":\"EntryPoint\",\"urlTemplate\":\"https:\\\/\\\/cursos.ufrrj.br\\\/posgraduacao\\\/profqui\\\/?s={search_term_string}\"},\"query-input\":{\"@type\":\"PropertyValueSpecification\",\"valueRequired\":true,\"valueName\":\"search_term_string\"}}],\"inLanguage\":\"pt-BR\"},{\"@type\":\"Person\",\"@id\":\"https:\\\/\\\/cursos.ufrrj.br\\\/posgraduacao\\\/profqui\\\/#\\\/schema\\\/person\\\/94e0f551c65ce00d675b0cbbf8313bdf\",\"name\":\"claudio\",\"image\":{\"@type\":\"ImageObject\",\"inLanguage\":\"pt-BR\",\"@id\":\"https:\\\/\\\/secure.gravatar.com\\\/avatar\\\/240ddbde0248db34fb721d717a5ea73f43746c5e9e1fb1b7a19b725080da6355?s=96&d=mm&r=g\",\"url\":\"https:\\\/\\\/secure.gravatar.com\\\/avatar\\\/240ddbde0248db34fb721d717a5ea73f43746c5e9e1fb1b7a19b725080da6355?s=96&d=mm&r=g\",\"contentUrl\":\"https:\\\/\\\/secure.gravatar.com\\\/avatar\\\/240ddbde0248db34fb721d717a5ea73f43746c5e9e1fb1b7a19b725080da6355?s=96&d=mm&r=g\",\"caption\":\"claudio\"},\"description\":\"GLPI 41543\",\"url\":\"https:\\\/\\\/cursos.ufrrj.br\\\/posgraduacao\\\/profqui\\\/author\\\/claudio\\\/\"}]}<\/script>\n<!-- \/ Yoast SEO plugin. -->","yoast_head_json":{"title":"Di\u00f3genes Chaves Lopes - Programa de Mestrado Profissional em Qu\u00edmica em Rede Nacional (PROFQUI),","robots":{"index":"index","follow":"follow","max-snippet":"max-snippet:-1","max-image-preview":"max-image-preview:large","max-video-preview":"max-video-preview:-1"},"canonical":"https:\/\/cursos.ufrrj.br\/posgraduacao\/profqui\/diogenes-chaves-lopes\/","og_locale":"pt_BR","og_type":"article","og_title":"Di\u00f3genes Chaves Lopes - Programa de Mestrado Profissional em Qu\u00edmica em Rede Nacional (PROFQUI),","og_description":"O papel esquecido da radioatividade no ensino da estrutura at\u00f4mica em escolas da rede estadual de ensino no Rio de Janeiro: Elabora\u00e7\u00e3o [&hellip;]","og_url":"https:\/\/cursos.ufrrj.br\/posgraduacao\/profqui\/diogenes-chaves-lopes\/","og_site_name":"Programa de Mestrado Profissional em Qu\u00edmica em Rede Nacional (PROFQUI),","article_publisher":"https:\/\/www.facebook.com\/MestradoProfissionalEmGestaoeEstrategia","article_published_time":"2026-08-26T16:21:39+00:00","article_modified_time":"2026-08-26T16:21:40+00:00","author":"claudio","twitter_card":"summary_large_image","twitter_misc":{"Escrito por":"claudio","Est. tempo de leitura":"2 minutos"},"schema":{"@context":"https:\/\/schema.org","@graph":[{"@type":"Article","@id":"https:\/\/cursos.ufrrj.br\/posgraduacao\/profqui\/diogenes-chaves-lopes\/#article","isPartOf":{"@id":"https:\/\/cursos.ufrrj.br\/posgraduacao\/profqui\/diogenes-chaves-lopes\/"},"author":{"name":"claudio","@id":"https:\/\/cursos.ufrrj.br\/posgraduacao\/profqui\/#\/schema\/person\/94e0f551c65ce00d675b0cbbf8313bdf"},"headline":"Di\u00f3genes Chaves Lopes","datePublished":"2026-08-26T16:21:39+00:00","dateModified":"2026-08-26T16:21:40+00:00","mainEntityOfPage":{"@id":"https:\/\/cursos.ufrrj.br\/posgraduacao\/profqui\/diogenes-chaves-lopes\/"},"wordCount":356,"inLanguage":"pt-BR"},{"@type":"WebPage","@id":"https:\/\/cursos.ufrrj.br\/posgraduacao\/profqui\/diogenes-chaves-lopes\/","url":"https:\/\/cursos.ufrrj.br\/posgraduacao\/profqui\/diogenes-chaves-lopes\/","name":"Di\u00f3genes Chaves Lopes - Programa de Mestrado Profissional em Qu\u00edmica em Rede Nacional (PROFQUI),","isPartOf":{"@id":"https:\/\/cursos.ufrrj.br\/posgraduacao\/profqui\/#website"},"datePublished":"2026-08-26T16:21:39+00:00","dateModified":"2026-08-26T16:21:40+00:00","author":{"@id":"https:\/\/cursos.ufrrj.br\/posgraduacao\/profqui\/#\/schema\/person\/94e0f551c65ce00d675b0cbbf8313bdf"},"breadcrumb":{"@id":"https:\/\/cursos.ufrrj.br\/posgraduacao\/profqui\/diogenes-chaves-lopes\/#breadcrumb"},"inLanguage":"pt-BR","potentialAction":[{"@type":"ReadAction","target":["https:\/\/cursos.ufrrj.br\/posgraduacao\/profqui\/diogenes-chaves-lopes\/"]}]},{"@type":"BreadcrumbList","@id":"https:\/\/cursos.ufrrj.br\/posgraduacao\/profqui\/diogenes-chaves-lopes\/#breadcrumb","itemListElement":[{"@type":"ListItem","position":1,"name":"In\u00edcio","item":"https:\/\/cursos.ufrrj.br\/posgraduacao\/profqui\/"},{"@type":"ListItem","position":2,"name":"Di\u00f3genes Chaves Lopes"}]},{"@type":"WebSite","@id":"https:\/\/cursos.ufrrj.br\/posgraduacao\/profqui\/#website","url":"https:\/\/cursos.ufrrj.br\/posgraduacao\/profqui\/","name":"Programa de Mestrado Profissional em Qu\u00edmica em Rede Nacional (PROFQUI),","description":"Universidade Federal Rural do Rio de Janeiro \u2013 UFRRJ","potentialAction":[{"@type":"SearchAction","target":{"@type":"EntryPoint","urlTemplate":"https:\/\/cursos.ufrrj.br\/posgraduacao\/profqui\/?s={search_term_string}"},"query-input":{"@type":"PropertyValueSpecification","valueRequired":true,"valueName":"search_term_string"}}],"inLanguage":"pt-BR"},{"@type":"Person","@id":"https:\/\/cursos.ufrrj.br\/posgraduacao\/profqui\/#\/schema\/person\/94e0f551c65ce00d675b0cbbf8313bdf","name":"claudio","image":{"@type":"ImageObject","inLanguage":"pt-BR","@id":"https:\/\/secure.gravatar.com\/avatar\/240ddbde0248db34fb721d717a5ea73f43746c5e9e1fb1b7a19b725080da6355?s=96&d=mm&r=g","url":"https:\/\/secure.gravatar.com\/avatar\/240ddbde0248db34fb721d717a5ea73f43746c5e9e1fb1b7a19b725080da6355?s=96&d=mm&r=g","contentUrl":"https:\/\/secure.gravatar.com\/avatar\/240ddbde0248db34fb721d717a5ea73f43746c5e9e1fb1b7a19b725080da6355?s=96&d=mm&r=g","caption":"claudio"},"description":"GLPI 41543","url":"https:\/\/cursos.ufrrj.br\/posgraduacao\/profqui\/author\/claudio\/"}]}},"acf":[],"_links":{"self":[{"href":"https:\/\/cursos.ufrrj.br\/posgraduacao\/profqui\/wp-json\/wp\/v2\/posts\/12602","targetHints":{"allow":["GET"]}}],"collection":[{"href":"https:\/\/cursos.ufrrj.br\/posgraduacao\/profqui\/wp-json\/wp\/v2\/posts"}],"about":[{"href":"https:\/\/cursos.ufrrj.br\/posgraduacao\/profqui\/wp-json\/wp\/v2\/types\/post"}],"author":[{"embeddable":true,"href":"https:\/\/cursos.ufrrj.br\/posgraduacao\/profqui\/wp-json\/wp\/v2\/users\/168"}],"replies":[{"embeddable":true,"href":"https:\/\/cursos.ufrrj.br\/posgraduacao\/profqui\/wp-json\/wp\/v2\/comments?post=12602"}],"version-history":[{"count":4,"href":"https:\/\/cursos.ufrrj.br\/posgraduacao\/profqui\/wp-json\/wp\/v2\/posts\/12602\/revisions"}],"predecessor-version":[{"id":12606,"href":"https:\/\/cursos.ufrrj.br\/posgraduacao\/profqui\/wp-json\/wp\/v2\/posts\/12602\/revisions\/12606"}],"wp:attachment":[{"href":"https:\/\/cursos.ufrrj.br\/posgraduacao\/profqui\/wp-json\/wp\/v2\/media?parent=12602"}],"wp:term":[{"taxonomy":"category","embeddable":true,"href":"https:\/\/cursos.ufrrj.br\/posgraduacao\/profqui\/wp-json\/wp\/v2\/categories?post=12602"},{"taxonomy":"post_tag","embeddable":true,"href":"https:\/\/cursos.ufrrj.br\/posgraduacao\/profqui\/wp-json\/wp\/v2\/tags?post=12602"}],"curies":[{"name":"wp","href":"https:\/\/api.w.org\/{rel}","templated":true}]}}