{"id":12580,"date":"2026-08-26T07:43:01","date_gmt":"2026-08-26T10:43:01","guid":{"rendered":"https:\/\/cursos.ufrrj.br\/posgraduacao\/profqui\/?p=12580"},"modified":"2026-08-26T09:13:01","modified_gmt":"2026-08-26T12:13:01","slug":"selecao","status":"publish","type":"post","link":"https:\/\/cursos.ufrrj.br\/posgraduacao\/profqui\/selecao\/","title":{"rendered":"Sele\u00e7\u00e3o"},"content":{"rendered":"\n<p class=\"wp-block-paragraph\">Est\u00e3o abertas as inscri\u00e7\u00f5es para o processo seletivo 2026 do&nbsp;<strong>Mestrado Profissional em Qu\u00edmica em Rede Nacional (PROFQUI)<\/strong>, pelo polo da&nbsp;<strong>Universidade Federal Rural do Rio de Janeiro (UFRRJ)<\/strong>. O programa \u00e9 voltado \u00e0 forma\u00e7\u00e3o continuada de professores da Educa\u00e7\u00e3o B\u00e1sica na \u00e1rea de Qu\u00edmica.<\/p>\n\n\n\n<p class=\"wp-block-paragraph\">As inscri\u00e7\u00f5es podem ser realizadas&nbsp;<strong>at\u00e9 28 de setembro de 2026<\/strong>, conforme as orienta\u00e7\u00f5es estabelecidas no edital. O curso integra o PROFQUI, programa de mestrado profissional em rede nacional, e busca contribuir para o aprimoramento da forma\u00e7\u00e3o e da pr\u00e1tica docente no ensino de Qu\u00edmica.<\/p>\n\n\n\n<p class=\"wp-block-paragraph\">No polo da UFRRJ, as aulas s\u00e3o realizadas no&nbsp;<strong>campus de Serop\u00e9dica, \u00e0s sextas-feiras<\/strong>.<\/p>\n\n\n\n<p class=\"wp-block-paragraph\">Os interessados devem consultar o edital para informa\u00e7\u00f5es sobre requisitos, n\u00famero de vagas, etapas do processo seletivo e documenta\u00e7\u00e3o necess\u00e1ria.<\/p>\n\n\n\n<p class=\"wp-block-paragraph\"><strong><em>Servi\u00e7o<\/em><\/strong>&nbsp;\u2013<\/p>\n\n\n\n<p class=\"wp-block-paragraph\"><strong>Processo Seletivo PROFQUI 2026 \u2013 Polo UFRRJ<\/strong><strong><br><\/strong><strong>Inscri\u00e7\u00f5es:&nbsp;<\/strong>at\u00e9 28 de setembro de 2026<br><strong>Polo UFRRJ:<\/strong>&nbsp;campus de Serop\u00e9dica<br><strong>P\u00fablico-alvo:&nbsp;<\/strong>professores da Educa\u00e7\u00e3o B\u00e1sica<br><strong>Edital e informa\u00e7\u00f5es:&nbsp;<\/strong><a href=\"https:\/\/profqui.iq.ufrj.br\/edital-2026\/\"><strong>https:\/\/profqui.iq.ufrj.br\/edital-2026\/<\/strong><\/a><\/p>\n\n\n\n<p class=\"wp-block-paragraph\"><strong>Mais informa\u00e7\u00f5es tamb\u00e9m est\u00e3o dispon\u00edveis no perfil do PROFQUI-UFRRJ no Instagram: @profquiufrrj.<\/strong><\/p>\n\n\n\n<p class=\"wp-block-paragraph\"><strong><em>Texto:<\/em><\/strong>&nbsp;<em>La\u00eds Veiga, bolsista de Jornalismo da CCS\/PROPPGI.<\/em><\/p>\n","protected":false},"excerpt":{"rendered":"<p>Est\u00e3o abertas as inscri\u00e7\u00f5es para o processo seletivo 2026 do&nbsp;Mestrado Profissional em Qu\u00edmica em Rede Nacional (PROFQUI), pelo polo da&nbsp;Universidade Federal Rural [&hellip;]<\/p>\n","protected":false},"author":168,"featured_media":12601,"comment_status":"closed","ping_status":"closed","sticky":false,"template":"","format":"standard","meta":{"_acf_changed":false,"footnotes":"","_links_to":"","_links_to_target":""},"categories":[12],"tags":[],"class_list":["post-12580","post","type-post","status-publish","format-standard","has-post-thumbnail","hentry","category-noticias"],"yoast_head":"<!-- This site is optimized with the Yoast SEO plugin v28.2 - https:\/\/yoast.com\/product\/yoast-seo-wordpress\/ -->\n<title>Sele\u00e7\u00e3o - Programa de Mestrado Profissional em Qu\u00edmica em Rede Nacional (PROFQUI),<\/title>\n<meta name=\"robots\" content=\"index, follow, max-snippet:-1, max-image-preview:large, max-video-preview:-1\" \/>\n<link rel=\"canonical\" href=\"https:\/\/cursos.ufrrj.br\/posgraduacao\/profqui\/selecao\/\" \/>\n<meta property=\"og:locale\" content=\"pt_BR\" \/>\n<meta property=\"og:type\" content=\"article\" \/>\n<meta property=\"og:title\" content=\"Sele\u00e7\u00e3o - Programa de Mestrado Profissional em Qu\u00edmica em Rede Nacional (PROFQUI),\" \/>\n<meta property=\"og:description\" content=\"Est\u00e3o abertas as inscri\u00e7\u00f5es para o processo seletivo 2026 do&nbsp;Mestrado Profissional em Qu\u00edmica em Rede Nacional (PROFQUI), pelo polo da&nbsp;Universidade Federal Rural [&hellip;]\" \/>\n<meta property=\"og:url\" content=\"https:\/\/cursos.ufrrj.br\/posgraduacao\/profqui\/selecao\/\" \/>\n<meta property=\"og:site_name\" content=\"Programa de Mestrado Profissional em Qu\u00edmica em Rede Nacional (PROFQUI),\" \/>\n<meta property=\"article:publisher\" content=\"https:\/\/www.facebook.com\/MestradoProfissionalEmGestaoeEstrategia\" \/>\n<meta property=\"article:published_time\" content=\"2026-08-26T10:43:01+00:00\" \/>\n<meta property=\"article:modified_time\" content=\"2026-08-26T12:13:01+00:00\" \/>\n<meta property=\"og:image\" content=\"https:\/\/cursos.ufrrj.br\/posgraduacao\/profqui\/files\/2026\/08\/novo-1-e1787746342778.jpg\" \/>\n\t<meta property=\"og:image:width\" content=\"1536\" \/>\n\t<meta property=\"og:image:height\" content=\"956\" \/>\n\t<meta property=\"og:image:type\" content=\"image\/jpeg\" \/>\n<meta name=\"author\" content=\"claudio\" \/>\n<meta name=\"twitter:card\" content=\"summary_large_image\" \/>\n<meta name=\"twitter:label1\" content=\"Escrito por\" \/>\n\t<meta name=\"twitter:data1\" content=\"claudio\" \/>\n\t<meta name=\"twitter:label2\" content=\"Est. tempo de leitura\" \/>\n\t<meta name=\"twitter:data2\" content=\"2 minutos\" \/>\n<script type=\"application\/ld+json\" class=\"yoast-schema-graph\">{\"@context\":\"https:\\\/\\\/schema.org\",\"@graph\":[{\"@type\":\"Article\",\"@id\":\"https:\\\/\\\/cursos.ufrrj.br\\\/posgraduacao\\\/profqui\\\/selecao\\\/#article\",\"isPartOf\":{\"@id\":\"https:\\\/\\\/cursos.ufrrj.br\\\/posgraduacao\\\/profqui\\\/selecao\\\/\"},\"author\":{\"name\":\"claudio\",\"@id\":\"https:\\\/\\\/cursos.ufrrj.br\\\/posgraduacao\\\/profqui\\\/#\\\/schema\\\/person\\\/94e0f551c65ce00d675b0cbbf8313bdf\"},\"headline\":\"Sele\u00e7\u00e3o\",\"datePublished\":\"2026-08-26T10:43:01+00:00\",\"dateModified\":\"2026-08-26T12:13:01+00:00\",\"mainEntityOfPage\":{\"@id\":\"https:\\\/\\\/cursos.ufrrj.br\\\/posgraduacao\\\/profqui\\\/selecao\\\/\"},\"wordCount\":212,\"image\":{\"@id\":\"https:\\\/\\\/cursos.ufrrj.br\\\/posgraduacao\\\/profqui\\\/selecao\\\/#primaryimage\"},\"thumbnailUrl\":\"https:\\\/\\\/cursos.ufrrj.br\\\/posgraduacao\\\/profqui\\\/files\\\/2026\\\/08\\\/novo-1-e1787746342778.jpg\",\"articleSection\":[\"Noticias\"],\"inLanguage\":\"pt-BR\"},{\"@type\":\"WebPage\",\"@id\":\"https:\\\/\\\/cursos.ufrrj.br\\\/posgraduacao\\\/profqui\\\/selecao\\\/\",\"url\":\"https:\\\/\\\/cursos.ufrrj.br\\\/posgraduacao\\\/profqui\\\/selecao\\\/\",\"name\":\"Sele\u00e7\u00e3o - Programa de Mestrado Profissional em Qu\u00edmica em Rede Nacional (PROFQUI),\",\"isPartOf\":{\"@id\":\"https:\\\/\\\/cursos.ufrrj.br\\\/posgraduacao\\\/profqui\\\/#website\"},\"primaryImageOfPage\":{\"@id\":\"https:\\\/\\\/cursos.ufrrj.br\\\/posgraduacao\\\/profqui\\\/selecao\\\/#primaryimage\"},\"image\":{\"@id\":\"https:\\\/\\\/cursos.ufrrj.br\\\/posgraduacao\\\/profqui\\\/selecao\\\/#primaryimage\"},\"thumbnailUrl\":\"https:\\\/\\\/cursos.ufrrj.br\\\/posgraduacao\\\/profqui\\\/files\\\/2026\\\/08\\\/novo-1-e1787746342778.jpg\",\"datePublished\":\"2026-08-26T10:43:01+00:00\",\"dateModified\":\"2026-08-26T12:13:01+00:00\",\"author\":{\"@id\":\"https:\\\/\\\/cursos.ufrrj.br\\\/posgraduacao\\\/profqui\\\/#\\\/schema\\\/person\\\/94e0f551c65ce00d675b0cbbf8313bdf\"},\"breadcrumb\":{\"@id\":\"https:\\\/\\\/cursos.ufrrj.br\\\/posgraduacao\\\/profqui\\\/selecao\\\/#breadcrumb\"},\"inLanguage\":\"pt-BR\",\"potentialAction\":[{\"@type\":\"ReadAction\",\"target\":[\"https:\\\/\\\/cursos.ufrrj.br\\\/posgraduacao\\\/profqui\\\/selecao\\\/\"]}]},{\"@type\":\"ImageObject\",\"inLanguage\":\"pt-BR\",\"@id\":\"https:\\\/\\\/cursos.ufrrj.br\\\/posgraduacao\\\/profqui\\\/selecao\\\/#primaryimage\",\"url\":\"https:\\\/\\\/cursos.ufrrj.br\\\/posgraduacao\\\/profqui\\\/files\\\/2026\\\/08\\\/novo-1-e1787746342778.jpg\",\"contentUrl\":\"https:\\\/\\\/cursos.ufrrj.br\\\/posgraduacao\\\/profqui\\\/files\\\/2026\\\/08\\\/novo-1-e1787746342778.jpg\",\"width\":1536,\"height\":956},{\"@type\":\"BreadcrumbList\",\"@id\":\"https:\\\/\\\/cursos.ufrrj.br\\\/posgraduacao\\\/profqui\\\/selecao\\\/#breadcrumb\",\"itemListElement\":[{\"@type\":\"ListItem\",\"position\":1,\"name\":\"In\u00edcio\",\"item\":\"https:\\\/\\\/cursos.ufrrj.br\\\/posgraduacao\\\/profqui\\\/\"},{\"@type\":\"ListItem\",\"position\":2,\"name\":\"Sele\u00e7\u00e3o\"}]},{\"@type\":\"WebSite\",\"@id\":\"https:\\\/\\\/cursos.ufrrj.br\\\/posgraduacao\\\/profqui\\\/#website\",\"url\":\"https:\\\/\\\/cursos.ufrrj.br\\\/posgraduacao\\\/profqui\\\/\",\"name\":\"Programa de Mestrado Profissional em Qu\u00edmica em Rede Nacional (PROFQUI),\",\"description\":\"Universidade Federal Rural do Rio de Janeiro \u2013 UFRRJ\",\"potentialAction\":[{\"@type\":\"SearchAction\",\"target\":{\"@type\":\"EntryPoint\",\"urlTemplate\":\"https:\\\/\\\/cursos.ufrrj.br\\\/posgraduacao\\\/profqui\\\/?s={search_term_string}\"},\"query-input\":{\"@type\":\"PropertyValueSpecification\",\"valueRequired\":true,\"valueName\":\"search_term_string\"}}],\"inLanguage\":\"pt-BR\"},{\"@type\":\"Person\",\"@id\":\"https:\\\/\\\/cursos.ufrrj.br\\\/posgraduacao\\\/profqui\\\/#\\\/schema\\\/person\\\/94e0f551c65ce00d675b0cbbf8313bdf\",\"name\":\"claudio\",\"image\":{\"@type\":\"ImageObject\",\"inLanguage\":\"pt-BR\",\"@id\":\"https:\\\/\\\/secure.gravatar.com\\\/avatar\\\/240ddbde0248db34fb721d717a5ea73f43746c5e9e1fb1b7a19b725080da6355?s=96&d=mm&r=g\",\"url\":\"https:\\\/\\\/secure.gravatar.com\\\/avatar\\\/240ddbde0248db34fb721d717a5ea73f43746c5e9e1fb1b7a19b725080da6355?s=96&d=mm&r=g\",\"contentUrl\":\"https:\\\/\\\/secure.gravatar.com\\\/avatar\\\/240ddbde0248db34fb721d717a5ea73f43746c5e9e1fb1b7a19b725080da6355?s=96&d=mm&r=g\",\"caption\":\"claudio\"},\"description\":\"GLPI 41543\",\"url\":\"https:\\\/\\\/cursos.ufrrj.br\\\/posgraduacao\\\/profqui\\\/author\\\/claudio\\\/\"}]}<\/script>\n<!-- \/ Yoast SEO plugin. -->","yoast_head_json":{"title":"Sele\u00e7\u00e3o - Programa de Mestrado Profissional em Qu\u00edmica em Rede Nacional (PROFQUI),","robots":{"index":"index","follow":"follow","max-snippet":"max-snippet:-1","max-image-preview":"max-image-preview:large","max-video-preview":"max-video-preview:-1"},"canonical":"https:\/\/cursos.ufrrj.br\/posgraduacao\/profqui\/selecao\/","og_locale":"pt_BR","og_type":"article","og_title":"Sele\u00e7\u00e3o - Programa de Mestrado Profissional em Qu\u00edmica em Rede Nacional (PROFQUI),","og_description":"Est\u00e3o abertas as inscri\u00e7\u00f5es para o processo seletivo 2026 do&nbsp;Mestrado Profissional em Qu\u00edmica em Rede Nacional (PROFQUI), pelo polo da&nbsp;Universidade Federal Rural [&hellip;]","og_url":"https:\/\/cursos.ufrrj.br\/posgraduacao\/profqui\/selecao\/","og_site_name":"Programa de Mestrado Profissional em Qu\u00edmica em Rede Nacional (PROFQUI),","article_publisher":"https:\/\/www.facebook.com\/MestradoProfissionalEmGestaoeEstrategia","article_published_time":"2026-08-26T10:43:01+00:00","article_modified_time":"2026-08-26T12:13:01+00:00","og_image":[{"width":1536,"height":956,"url":"https:\/\/cursos.ufrrj.br\/posgraduacao\/profqui\/files\/2026\/08\/novo-1-e1787746342778.jpg","type":"image\/jpeg"}],"author":"claudio","twitter_card":"summary_large_image","twitter_misc":{"Escrito por":"claudio","Est. tempo de leitura":"2 minutos"},"schema":{"@context":"https:\/\/schema.org","@graph":[{"@type":"Article","@id":"https:\/\/cursos.ufrrj.br\/posgraduacao\/profqui\/selecao\/#article","isPartOf":{"@id":"https:\/\/cursos.ufrrj.br\/posgraduacao\/profqui\/selecao\/"},"author":{"name":"claudio","@id":"https:\/\/cursos.ufrrj.br\/posgraduacao\/profqui\/#\/schema\/person\/94e0f551c65ce00d675b0cbbf8313bdf"},"headline":"Sele\u00e7\u00e3o","datePublished":"2026-08-26T10:43:01+00:00","dateModified":"2026-08-26T12:13:01+00:00","mainEntityOfPage":{"@id":"https:\/\/cursos.ufrrj.br\/posgraduacao\/profqui\/selecao\/"},"wordCount":212,"image":{"@id":"https:\/\/cursos.ufrrj.br\/posgraduacao\/profqui\/selecao\/#primaryimage"},"thumbnailUrl":"https:\/\/cursos.ufrrj.br\/posgraduacao\/profqui\/files\/2026\/08\/novo-1-e1787746342778.jpg","articleSection":["Noticias"],"inLanguage":"pt-BR"},{"@type":"WebPage","@id":"https:\/\/cursos.ufrrj.br\/posgraduacao\/profqui\/selecao\/","url":"https:\/\/cursos.ufrrj.br\/posgraduacao\/profqui\/selecao\/","name":"Sele\u00e7\u00e3o - Programa de Mestrado Profissional em Qu\u00edmica em Rede Nacional (PROFQUI),","isPartOf":{"@id":"https:\/\/cursos.ufrrj.br\/posgraduacao\/profqui\/#website"},"primaryImageOfPage":{"@id":"https:\/\/cursos.ufrrj.br\/posgraduacao\/profqui\/selecao\/#primaryimage"},"image":{"@id":"https:\/\/cursos.ufrrj.br\/posgraduacao\/profqui\/selecao\/#primaryimage"},"thumbnailUrl":"https:\/\/cursos.ufrrj.br\/posgraduacao\/profqui\/files\/2026\/08\/novo-1-e1787746342778.jpg","datePublished":"2026-08-26T10:43:01+00:00","dateModified":"2026-08-26T12:13:01+00:00","author":{"@id":"https:\/\/cursos.ufrrj.br\/posgraduacao\/profqui\/#\/schema\/person\/94e0f551c65ce00d675b0cbbf8313bdf"},"breadcrumb":{"@id":"https:\/\/cursos.ufrrj.br\/posgraduacao\/profqui\/selecao\/#breadcrumb"},"inLanguage":"pt-BR","potentialAction":[{"@type":"ReadAction","target":["https:\/\/cursos.ufrrj.br\/posgraduacao\/profqui\/selecao\/"]}]},{"@type":"ImageObject","inLanguage":"pt-BR","@id":"https:\/\/cursos.ufrrj.br\/posgraduacao\/profqui\/selecao\/#primaryimage","url":"https:\/\/cursos.ufrrj.br\/posgraduacao\/profqui\/files\/2026\/08\/novo-1-e1787746342778.jpg","contentUrl":"https:\/\/cursos.ufrrj.br\/posgraduacao\/profqui\/files\/2026\/08\/novo-1-e1787746342778.jpg","width":1536,"height":956},{"@type":"BreadcrumbList","@id":"https:\/\/cursos.ufrrj.br\/posgraduacao\/profqui\/selecao\/#breadcrumb","itemListElement":[{"@type":"ListItem","position":1,"name":"In\u00edcio","item":"https:\/\/cursos.ufrrj.br\/posgraduacao\/profqui\/"},{"@type":"ListItem","position":2,"name":"Sele\u00e7\u00e3o"}]},{"@type":"WebSite","@id":"https:\/\/cursos.ufrrj.br\/posgraduacao\/profqui\/#website","url":"https:\/\/cursos.ufrrj.br\/posgraduacao\/profqui\/","name":"Programa de Mestrado Profissional em Qu\u00edmica em Rede Nacional (PROFQUI),","description":"Universidade Federal Rural do Rio de Janeiro \u2013 UFRRJ","potentialAction":[{"@type":"SearchAction","target":{"@type":"EntryPoint","urlTemplate":"https:\/\/cursos.ufrrj.br\/posgraduacao\/profqui\/?s={search_term_string}"},"query-input":{"@type":"PropertyValueSpecification","valueRequired":true,"valueName":"search_term_string"}}],"inLanguage":"pt-BR"},{"@type":"Person","@id":"https:\/\/cursos.ufrrj.br\/posgraduacao\/profqui\/#\/schema\/person\/94e0f551c65ce00d675b0cbbf8313bdf","name":"claudio","image":{"@type":"ImageObject","inLanguage":"pt-BR","@id":"https:\/\/secure.gravatar.com\/avatar\/240ddbde0248db34fb721d717a5ea73f43746c5e9e1fb1b7a19b725080da6355?s=96&d=mm&r=g","url":"https:\/\/secure.gravatar.com\/avatar\/240ddbde0248db34fb721d717a5ea73f43746c5e9e1fb1b7a19b725080da6355?s=96&d=mm&r=g","contentUrl":"https:\/\/secure.gravatar.com\/avatar\/240ddbde0248db34fb721d717a5ea73f43746c5e9e1fb1b7a19b725080da6355?s=96&d=mm&r=g","caption":"claudio"},"description":"GLPI 41543","url":"https:\/\/cursos.ufrrj.br\/posgraduacao\/profqui\/author\/claudio\/"}]}},"acf":[],"_links":{"self":[{"href":"https:\/\/cursos.ufrrj.br\/posgraduacao\/profqui\/wp-json\/wp\/v2\/posts\/12580","targetHints":{"allow":["GET"]}}],"collection":[{"href":"https:\/\/cursos.ufrrj.br\/posgraduacao\/profqui\/wp-json\/wp\/v2\/posts"}],"about":[{"href":"https:\/\/cursos.ufrrj.br\/posgraduacao\/profqui\/wp-json\/wp\/v2\/types\/post"}],"author":[{"embeddable":true,"href":"https:\/\/cursos.ufrrj.br\/posgraduacao\/profqui\/wp-json\/wp\/v2\/users\/168"}],"replies":[{"embeddable":true,"href":"https:\/\/cursos.ufrrj.br\/posgraduacao\/profqui\/wp-json\/wp\/v2\/comments?post=12580"}],"version-history":[{"count":2,"href":"https:\/\/cursos.ufrrj.br\/posgraduacao\/profqui\/wp-json\/wp\/v2\/posts\/12580\/revisions"}],"predecessor-version":[{"id":12589,"href":"https:\/\/cursos.ufrrj.br\/posgraduacao\/profqui\/wp-json\/wp\/v2\/posts\/12580\/revisions\/12589"}],"wp:featuredmedia":[{"embeddable":true,"href":"https:\/\/cursos.ufrrj.br\/posgraduacao\/profqui\/wp-json\/wp\/v2\/media\/12601"}],"wp:attachment":[{"href":"https:\/\/cursos.ufrrj.br\/posgraduacao\/profqui\/wp-json\/wp\/v2\/media?parent=12580"}],"wp:term":[{"taxonomy":"category","embeddable":true,"href":"https:\/\/cursos.ufrrj.br\/posgraduacao\/profqui\/wp-json\/wp\/v2\/categories?post=12580"},{"taxonomy":"post_tag","embeddable":true,"href":"https:\/\/cursos.ufrrj.br\/posgraduacao\/profqui\/wp-json\/wp\/v2\/tags?post=12580"}],"curies":[{"name":"wp","href":"https:\/\/api.w.org\/{rel}","templated":true}]}}