{"id":12565,"date":"2026-08-25T14:27:19","date_gmt":"2026-08-25T17:27:19","guid":{"rendered":"https:\/\/cursos.ufrrj.br\/posgraduacao\/profqui\/?p=12565"},"modified":"2026-08-25T14:27:21","modified_gmt":"2026-08-25T17:27:21","slug":"aline-soares-fonseca-de-azevedo","status":"publish","type":"post","link":"https:\/\/cursos.ufrrj.br\/posgraduacao\/profqui\/aline-soares-fonseca-de-azevedo\/","title":{"rendered":"Aline Soares Fonseca de Azevedo"},"content":{"rendered":"\n<h2 class=\"wp-block-heading has-black-color has-text-color has-link-color wp-elements-1\" style=\"font-size:26px\">Pl\u00e1sticos e micropl\u00e1sticos como tema gerador no ensino de pol\u00edmeros sob o prisma da sustentabilidade<\/h2>\n\n\n\n<p class=\"has-black-color has-text-color has-link-color wp-elements-2 wp-block-paragraph\"><strong>Palavras-chave<\/strong>: micropl\u00e1sticos, Ensino de Qu\u00edmica, Os Tr\u00eas Momentos Pedag\u00f3gicos.<br><strong>Data<\/strong>: 04\/11\/2022<br><\/p>\n\n\n\n<h2 class=\"wp-block-heading\" style=\"font-size:20px\">Resumo<\/h2>\n\n\n\n<p class=\"has-black-color has-text-color has-link-color wp-elements-3 wp-block-paragraph\" style=\"font-size:14px\">Essa pesquisa descreve interven\u00e7\u00f5es presenciais e online, em 2021 e 2022, com alunos doterceiro ano do Ensino M\u00e9dio de uma escola estadual localizada na Baixada Fluminense, RJ etem como objetivo explorar o tema gerador Pl\u00e1sticos e Micropl\u00e1sticos e contextualizar oconte\u00fado de Pol\u00edmeros em Qu\u00edmica Org\u00e2nica. Como apoio e sustenta\u00e7\u00e3o a import\u00e2ncia dessaproposta de pesquisa utilizou-se as diretrizes da Base Nacional Comum Curricular, oCurr\u00edculo M\u00ednimo do Estado do Rio de Janeiro, livros did\u00e1ticos do PNLD 2021 e os Objetivosde Desenvolvimento Sustent\u00e1vel da Agenda 2030, da UNESCO. Foi elaborado umplanejamento adequado ao momento pand\u00eamico utilizando os Tr\u00eas Momentos Pedag\u00f3gicoscomo refer\u00eancia, no qual contou com interven\u00e7\u00f5es sequenciais em tr\u00eas momentos diferentes:enquete inicial virtual, aula expositiva e enquete final virtual mais um bate-papo expositivo. Aenquete inicial fez parte do primeiro momento, nos anos de 2021 e 2022, e continha 8 e 12perguntas, respectivamente, objetivas e discursivas, sobre o tema Pl\u00e1sticos e Micropl\u00e1sticos,com a finalidade de perceber o conhecimento da tem\u00e1tica pelo p\u00fablico alvo. Essa enquete foiaplicada em formato virtual, atrav\u00e9s da ferramenta do Google, o Google Forms. Participaramdesse momento 19 alunos em 2021 e 46 alunos em 2022. Foi constatado a partir dosresultados obtidos que, mais de 50 % dos participantes desconheciam a mat\u00e9ria-prima dopl\u00e1stico, o termo micropl\u00e1stico e o tempo de decomposi\u00e7\u00e3o dos materiais pl\u00e1sticos. Assim,foi poss\u00edvel elaborar o segundo momento dando \u00eanfase aos assuntos desconhecidos ou poucoconhecidos. Portanto, uma aula expositiva foi elaborada sistematicamente utilizando recursode multim\u00eddia durante a apresenta\u00e7\u00e3o de t\u00f3picos relevantes para a compreens\u00e3o da tem\u00e1tica.Durante o segundo momento, participaram em 2021 e 2022, 22 e 49 alunos, respectivamente.Elaborou-se para o terceiro momento uma segunda enquete, tamb\u00e9m virtual e utilizando oGoogle Forms. Essa enquete contemplou 15 quest\u00f5es, objetivas e discursivas, tanto em 2021quanto em 2022. Junto com o link da enquete foi enviado aos alunos participantes um podcastsobre a tem\u00e1tica para agregar no conte\u00fado. Responderam \u00e0 enquete, 14 alunos em 2021 e 33alunos em 2022. Al\u00e9m da realiza\u00e7\u00e3o dessa etapa, uma roda de conversa foi idealizada paraesse momento como proposta complementar, possibilitando aos alunos participarem usando, tamb\u00e9m, a oralidade. Esse momento foi composto por 19 e 42 alunos, respectivamente, em2021 e 2022. Foi poss\u00edvel, atrav\u00e9s dos resultados obtidos na enquete aplicada no terceiromomento, perceber o qu\u00e3o as interven\u00e7\u00f5es foram positivas na compreens\u00e3o da tem\u00e1tica.Enquanto, a roda de conversa idealizada tornou-se um bate-papo expositivo uma vez que aparticipa\u00e7\u00e3o dos alunos foi t\u00edmida. Os resultados mostraram que a tem\u00e1tica, t\u00e3o presente emnosso cotidiano, era praticamente desconhecida pelos alunos, e servem para refor\u00e7ar o quanto\u00e9 necess\u00e1rio discutir e desenvolver o tema na Educa\u00e7\u00e3o B\u00e1sica. Al\u00e9m de promover o Ensinode Qu\u00edmica atrav\u00e9s da aproxima\u00e7\u00e3o dos alunos com a ci\u00eancia e a tecnologia, tamb\u00e9m foiposs\u00edvel incentivar o pensamento cr\u00edtico e a reflex\u00e3o sobre o consumo sustent\u00e1vel e o descarteadequado de res\u00edduos pl\u00e1sticos.<\/p>\n\n\n\n<h2 class=\"wp-block-heading has-black-color has-text-color has-link-color wp-elements-4\" style=\"font-size:20px\">Membros da banca<\/h2>\n\n\n\n<ul class=\"wp-block-list\">\n<li class=\"has-black-color has-text-color has-link-color wp-elements-5\" style=\"font-size:14px\"><strong>Presidente<\/strong> &#8211; MARCELO HAWRYLAK HERBST (ORIENTADOR) UFRRJ<\/li>\n\n\n\n<li class=\"has-black-color has-text-color has-link-color wp-elements-6\" style=\"font-size:14px\"><strong>Interno<\/strong> &#8211; CLAUDIO EDUARDO RODRIGUES DOS SANTOS UFRRJ<\/li>\n\n\n\n<li class=\"has-black-color has-text-color has-link-color wp-elements-7\" style=\"font-size:14px\"><strong>Externa<\/strong> &#8211; ANA CRISTINA SOUZA DOS SANTOS UFRRJ<\/li>\n\n\n\n<li class=\"has-black-color has-text-color has-link-color wp-elements-8\" style=\"font-size:14px\"><strong>Externa<\/strong> &#8211; JUSSARA LOPES DE MIRANDA UFRJ<\/li>\n\n\n\n<li class=\"has-black-color has-text-color has-link-color wp-elements-9\" style=\"font-size:14px\"><strong>Externo <\/strong>&#8211; RODRIGO VOLCAN ALMEIDA UFRJ<\/li>\n<\/ul>\n\n\n\n<p class=\"has-black-color has-text-color has-link-color wp-elements-10 wp-block-paragraph\"><a href=\"https:\/\/rima.ufrrj.br\/jspui\/bitstream\/20.500.14407\/15735\/3\/2022%20-%20Aline%20Soares%20Fonseca%20de%20Azevedo.Pdf\" target=\"_blank\" rel=\"noreferrer noopener\"><strong><mark style=\"background-color:#8ed1fc\" class=\"has-inline-color\">Vers\u00e3o final da disserta\u00e7\u00e3o<\/mark><\/strong><\/a><\/p>\n","protected":false},"excerpt":{"rendered":"<p>Pl\u00e1sticos e micropl\u00e1sticos como tema gerador no ensino de pol\u00edmeros sob o prisma da sustentabilidade Palavras-chave: micropl\u00e1sticos, Ensino de Qu\u00edmica, Os Tr\u00eas [&hellip;]<\/p>\n","protected":false},"author":168,"featured_media":0,"comment_status":"closed","ping_status":"closed","sticky":false,"template":"","format":"standard","meta":{"_acf_changed":false,"footnotes":"","_links_to":"","_links_to_target":""},"categories":[1],"tags":[],"class_list":["post-12565","post","type-post","status-publish","format-standard","hentry","category-sem-categoria"],"yoast_head":"<!-- This site is optimized with the Yoast SEO plugin v28.2 - https:\/\/yoast.com\/product\/yoast-seo-wordpress\/ -->\n<title>Aline Soares Fonseca de Azevedo - Programa de Mestrado Profissional em Qu\u00edmica em Rede Nacional (PROFQUI),<\/title>\n<meta name=\"robots\" content=\"index, follow, max-snippet:-1, max-image-preview:large, max-video-preview:-1\" \/>\n<link rel=\"canonical\" href=\"https:\/\/cursos.ufrrj.br\/posgraduacao\/profqui\/aline-soares-fonseca-de-azevedo\/\" \/>\n<meta property=\"og:locale\" content=\"pt_BR\" \/>\n<meta property=\"og:type\" content=\"article\" \/>\n<meta property=\"og:title\" content=\"Aline Soares Fonseca de Azevedo - Programa de Mestrado Profissional em Qu\u00edmica em Rede Nacional (PROFQUI),\" \/>\n<meta property=\"og:description\" content=\"Pl\u00e1sticos e micropl\u00e1sticos como tema gerador no ensino de pol\u00edmeros sob o prisma da sustentabilidade Palavras-chave: micropl\u00e1sticos, Ensino de Qu\u00edmica, Os Tr\u00eas [&hellip;]\" \/>\n<meta property=\"og:url\" content=\"https:\/\/cursos.ufrrj.br\/posgraduacao\/profqui\/aline-soares-fonseca-de-azevedo\/\" \/>\n<meta property=\"og:site_name\" content=\"Programa de Mestrado Profissional em Qu\u00edmica em Rede Nacional (PROFQUI),\" \/>\n<meta property=\"article:publisher\" content=\"https:\/\/www.facebook.com\/MestradoProfissionalEmGestaoeEstrategia\" \/>\n<meta property=\"article:published_time\" content=\"2026-08-25T17:27:19+00:00\" \/>\n<meta property=\"article:modified_time\" content=\"2026-08-25T17:27:21+00:00\" \/>\n<meta name=\"author\" content=\"claudio\" \/>\n<meta name=\"twitter:card\" content=\"summary_large_image\" \/>\n<meta name=\"twitter:label1\" content=\"Escrito por\" \/>\n\t<meta name=\"twitter:data1\" content=\"claudio\" \/>\n\t<meta name=\"twitter:label2\" content=\"Est. tempo de leitura\" \/>\n\t<meta name=\"twitter:data2\" content=\"3 minutos\" \/>\n<script type=\"application\/ld+json\" class=\"yoast-schema-graph\">{\"@context\":\"https:\\\/\\\/schema.org\",\"@graph\":[{\"@type\":\"Article\",\"@id\":\"https:\\\/\\\/cursos.ufrrj.br\\\/posgraduacao\\\/profqui\\\/aline-soares-fonseca-de-azevedo\\\/#article\",\"isPartOf\":{\"@id\":\"https:\\\/\\\/cursos.ufrrj.br\\\/posgraduacao\\\/profqui\\\/aline-soares-fonseca-de-azevedo\\\/\"},\"author\":{\"name\":\"claudio\",\"@id\":\"https:\\\/\\\/cursos.ufrrj.br\\\/posgraduacao\\\/profqui\\\/#\\\/schema\\\/person\\\/94e0f551c65ce00d675b0cbbf8313bdf\"},\"headline\":\"Aline Soares Fonseca de Azevedo\",\"datePublished\":\"2026-08-25T17:27:19+00:00\",\"dateModified\":\"2026-08-25T17:27:21+00:00\",\"mainEntityOfPage\":{\"@id\":\"https:\\\/\\\/cursos.ufrrj.br\\\/posgraduacao\\\/profqui\\\/aline-soares-fonseca-de-azevedo\\\/\"},\"wordCount\":589,\"inLanguage\":\"pt-BR\"},{\"@type\":\"WebPage\",\"@id\":\"https:\\\/\\\/cursos.ufrrj.br\\\/posgraduacao\\\/profqui\\\/aline-soares-fonseca-de-azevedo\\\/\",\"url\":\"https:\\\/\\\/cursos.ufrrj.br\\\/posgraduacao\\\/profqui\\\/aline-soares-fonseca-de-azevedo\\\/\",\"name\":\"Aline Soares Fonseca de Azevedo - Programa de Mestrado Profissional em Qu\u00edmica em Rede Nacional (PROFQUI),\",\"isPartOf\":{\"@id\":\"https:\\\/\\\/cursos.ufrrj.br\\\/posgraduacao\\\/profqui\\\/#website\"},\"datePublished\":\"2026-08-25T17:27:19+00:00\",\"dateModified\":\"2026-08-25T17:27:21+00:00\",\"author\":{\"@id\":\"https:\\\/\\\/cursos.ufrrj.br\\\/posgraduacao\\\/profqui\\\/#\\\/schema\\\/person\\\/94e0f551c65ce00d675b0cbbf8313bdf\"},\"breadcrumb\":{\"@id\":\"https:\\\/\\\/cursos.ufrrj.br\\\/posgraduacao\\\/profqui\\\/aline-soares-fonseca-de-azevedo\\\/#breadcrumb\"},\"inLanguage\":\"pt-BR\",\"potentialAction\":[{\"@type\":\"ReadAction\",\"target\":[\"https:\\\/\\\/cursos.ufrrj.br\\\/posgraduacao\\\/profqui\\\/aline-soares-fonseca-de-azevedo\\\/\"]}]},{\"@type\":\"BreadcrumbList\",\"@id\":\"https:\\\/\\\/cursos.ufrrj.br\\\/posgraduacao\\\/profqui\\\/aline-soares-fonseca-de-azevedo\\\/#breadcrumb\",\"itemListElement\":[{\"@type\":\"ListItem\",\"position\":1,\"name\":\"In\u00edcio\",\"item\":\"https:\\\/\\\/cursos.ufrrj.br\\\/posgraduacao\\\/profqui\\\/\"},{\"@type\":\"ListItem\",\"position\":2,\"name\":\"Aline Soares Fonseca de Azevedo\"}]},{\"@type\":\"WebSite\",\"@id\":\"https:\\\/\\\/cursos.ufrrj.br\\\/posgraduacao\\\/profqui\\\/#website\",\"url\":\"https:\\\/\\\/cursos.ufrrj.br\\\/posgraduacao\\\/profqui\\\/\",\"name\":\"Programa de Mestrado Profissional em Qu\u00edmica em Rede Nacional (PROFQUI),\",\"description\":\"Universidade Federal Rural do Rio de Janeiro \u2013 UFRRJ\",\"potentialAction\":[{\"@type\":\"SearchAction\",\"target\":{\"@type\":\"EntryPoint\",\"urlTemplate\":\"https:\\\/\\\/cursos.ufrrj.br\\\/posgraduacao\\\/profqui\\\/?s={search_term_string}\"},\"query-input\":{\"@type\":\"PropertyValueSpecification\",\"valueRequired\":true,\"valueName\":\"search_term_string\"}}],\"inLanguage\":\"pt-BR\"},{\"@type\":\"Person\",\"@id\":\"https:\\\/\\\/cursos.ufrrj.br\\\/posgraduacao\\\/profqui\\\/#\\\/schema\\\/person\\\/94e0f551c65ce00d675b0cbbf8313bdf\",\"name\":\"claudio\",\"image\":{\"@type\":\"ImageObject\",\"inLanguage\":\"pt-BR\",\"@id\":\"https:\\\/\\\/secure.gravatar.com\\\/avatar\\\/240ddbde0248db34fb721d717a5ea73f43746c5e9e1fb1b7a19b725080da6355?s=96&d=mm&r=g\",\"url\":\"https:\\\/\\\/secure.gravatar.com\\\/avatar\\\/240ddbde0248db34fb721d717a5ea73f43746c5e9e1fb1b7a19b725080da6355?s=96&d=mm&r=g\",\"contentUrl\":\"https:\\\/\\\/secure.gravatar.com\\\/avatar\\\/240ddbde0248db34fb721d717a5ea73f43746c5e9e1fb1b7a19b725080da6355?s=96&d=mm&r=g\",\"caption\":\"claudio\"},\"description\":\"GLPI 41543\",\"url\":\"https:\\\/\\\/cursos.ufrrj.br\\\/posgraduacao\\\/profqui\\\/author\\\/claudio\\\/\"}]}<\/script>\n<!-- \/ Yoast SEO plugin. -->","yoast_head_json":{"title":"Aline Soares Fonseca de Azevedo - Programa de Mestrado Profissional em Qu\u00edmica em Rede Nacional (PROFQUI),","robots":{"index":"index","follow":"follow","max-snippet":"max-snippet:-1","max-image-preview":"max-image-preview:large","max-video-preview":"max-video-preview:-1"},"canonical":"https:\/\/cursos.ufrrj.br\/posgraduacao\/profqui\/aline-soares-fonseca-de-azevedo\/","og_locale":"pt_BR","og_type":"article","og_title":"Aline Soares Fonseca de Azevedo - Programa de Mestrado Profissional em Qu\u00edmica em Rede Nacional (PROFQUI),","og_description":"Pl\u00e1sticos e micropl\u00e1sticos como tema gerador no ensino de pol\u00edmeros sob o prisma da sustentabilidade Palavras-chave: micropl\u00e1sticos, Ensino de Qu\u00edmica, Os Tr\u00eas [&hellip;]","og_url":"https:\/\/cursos.ufrrj.br\/posgraduacao\/profqui\/aline-soares-fonseca-de-azevedo\/","og_site_name":"Programa de Mestrado Profissional em Qu\u00edmica em Rede Nacional (PROFQUI),","article_publisher":"https:\/\/www.facebook.com\/MestradoProfissionalEmGestaoeEstrategia","article_published_time":"2026-08-25T17:27:19+00:00","article_modified_time":"2026-08-25T17:27:21+00:00","author":"claudio","twitter_card":"summary_large_image","twitter_misc":{"Escrito por":"claudio","Est. tempo de leitura":"3 minutos"},"schema":{"@context":"https:\/\/schema.org","@graph":[{"@type":"Article","@id":"https:\/\/cursos.ufrrj.br\/posgraduacao\/profqui\/aline-soares-fonseca-de-azevedo\/#article","isPartOf":{"@id":"https:\/\/cursos.ufrrj.br\/posgraduacao\/profqui\/aline-soares-fonseca-de-azevedo\/"},"author":{"name":"claudio","@id":"https:\/\/cursos.ufrrj.br\/posgraduacao\/profqui\/#\/schema\/person\/94e0f551c65ce00d675b0cbbf8313bdf"},"headline":"Aline Soares Fonseca de Azevedo","datePublished":"2026-08-25T17:27:19+00:00","dateModified":"2026-08-25T17:27:21+00:00","mainEntityOfPage":{"@id":"https:\/\/cursos.ufrrj.br\/posgraduacao\/profqui\/aline-soares-fonseca-de-azevedo\/"},"wordCount":589,"inLanguage":"pt-BR"},{"@type":"WebPage","@id":"https:\/\/cursos.ufrrj.br\/posgraduacao\/profqui\/aline-soares-fonseca-de-azevedo\/","url":"https:\/\/cursos.ufrrj.br\/posgraduacao\/profqui\/aline-soares-fonseca-de-azevedo\/","name":"Aline Soares Fonseca de Azevedo - Programa de Mestrado Profissional em Qu\u00edmica em Rede Nacional (PROFQUI),","isPartOf":{"@id":"https:\/\/cursos.ufrrj.br\/posgraduacao\/profqui\/#website"},"datePublished":"2026-08-25T17:27:19+00:00","dateModified":"2026-08-25T17:27:21+00:00","author":{"@id":"https:\/\/cursos.ufrrj.br\/posgraduacao\/profqui\/#\/schema\/person\/94e0f551c65ce00d675b0cbbf8313bdf"},"breadcrumb":{"@id":"https:\/\/cursos.ufrrj.br\/posgraduacao\/profqui\/aline-soares-fonseca-de-azevedo\/#breadcrumb"},"inLanguage":"pt-BR","potentialAction":[{"@type":"ReadAction","target":["https:\/\/cursos.ufrrj.br\/posgraduacao\/profqui\/aline-soares-fonseca-de-azevedo\/"]}]},{"@type":"BreadcrumbList","@id":"https:\/\/cursos.ufrrj.br\/posgraduacao\/profqui\/aline-soares-fonseca-de-azevedo\/#breadcrumb","itemListElement":[{"@type":"ListItem","position":1,"name":"In\u00edcio","item":"https:\/\/cursos.ufrrj.br\/posgraduacao\/profqui\/"},{"@type":"ListItem","position":2,"name":"Aline Soares Fonseca de Azevedo"}]},{"@type":"WebSite","@id":"https:\/\/cursos.ufrrj.br\/posgraduacao\/profqui\/#website","url":"https:\/\/cursos.ufrrj.br\/posgraduacao\/profqui\/","name":"Programa de Mestrado Profissional em Qu\u00edmica em Rede Nacional (PROFQUI),","description":"Universidade Federal Rural do Rio de Janeiro \u2013 UFRRJ","potentialAction":[{"@type":"SearchAction","target":{"@type":"EntryPoint","urlTemplate":"https:\/\/cursos.ufrrj.br\/posgraduacao\/profqui\/?s={search_term_string}"},"query-input":{"@type":"PropertyValueSpecification","valueRequired":true,"valueName":"search_term_string"}}],"inLanguage":"pt-BR"},{"@type":"Person","@id":"https:\/\/cursos.ufrrj.br\/posgraduacao\/profqui\/#\/schema\/person\/94e0f551c65ce00d675b0cbbf8313bdf","name":"claudio","image":{"@type":"ImageObject","inLanguage":"pt-BR","@id":"https:\/\/secure.gravatar.com\/avatar\/240ddbde0248db34fb721d717a5ea73f43746c5e9e1fb1b7a19b725080da6355?s=96&d=mm&r=g","url":"https:\/\/secure.gravatar.com\/avatar\/240ddbde0248db34fb721d717a5ea73f43746c5e9e1fb1b7a19b725080da6355?s=96&d=mm&r=g","contentUrl":"https:\/\/secure.gravatar.com\/avatar\/240ddbde0248db34fb721d717a5ea73f43746c5e9e1fb1b7a19b725080da6355?s=96&d=mm&r=g","caption":"claudio"},"description":"GLPI 41543","url":"https:\/\/cursos.ufrrj.br\/posgraduacao\/profqui\/author\/claudio\/"}]}},"acf":[],"_links":{"self":[{"href":"https:\/\/cursos.ufrrj.br\/posgraduacao\/profqui\/wp-json\/wp\/v2\/posts\/12565","targetHints":{"allow":["GET"]}}],"collection":[{"href":"https:\/\/cursos.ufrrj.br\/posgraduacao\/profqui\/wp-json\/wp\/v2\/posts"}],"about":[{"href":"https:\/\/cursos.ufrrj.br\/posgraduacao\/profqui\/wp-json\/wp\/v2\/types\/post"}],"author":[{"embeddable":true,"href":"https:\/\/cursos.ufrrj.br\/posgraduacao\/profqui\/wp-json\/wp\/v2\/users\/168"}],"replies":[{"embeddable":true,"href":"https:\/\/cursos.ufrrj.br\/posgraduacao\/profqui\/wp-json\/wp\/v2\/comments?post=12565"}],"version-history":[{"count":4,"href":"https:\/\/cursos.ufrrj.br\/posgraduacao\/profqui\/wp-json\/wp\/v2\/posts\/12565\/revisions"}],"predecessor-version":[{"id":12569,"href":"https:\/\/cursos.ufrrj.br\/posgraduacao\/profqui\/wp-json\/wp\/v2\/posts\/12565\/revisions\/12569"}],"wp:attachment":[{"href":"https:\/\/cursos.ufrrj.br\/posgraduacao\/profqui\/wp-json\/wp\/v2\/media?parent=12565"}],"wp:term":[{"taxonomy":"category","embeddable":true,"href":"https:\/\/cursos.ufrrj.br\/posgraduacao\/profqui\/wp-json\/wp\/v2\/categories?post=12565"},{"taxonomy":"post_tag","embeddable":true,"href":"https:\/\/cursos.ufrrj.br\/posgraduacao\/profqui\/wp-json\/wp\/v2\/tags?post=12565"}],"curies":[{"name":"wp","href":"https:\/\/api.w.org\/{rel}","templated":true}]}}