{"id":12548,"date":"2026-08-25T13:49:41","date_gmt":"2026-08-25T16:49:41","guid":{"rendered":"https:\/\/cursos.ufrrj.br\/posgraduacao\/profqui\/?p=12548"},"modified":"2026-08-25T13:49:42","modified_gmt":"2026-08-25T16:49:42","slug":"carla-cristina-de-souza-marinho","status":"publish","type":"post","link":"https:\/\/cursos.ufrrj.br\/posgraduacao\/profqui\/carla-cristina-de-souza-marinho\/","title":{"rendered":"Carla Cristina de Souza Marinho"},"content":{"rendered":"\n<h3 class=\"wp-block-heading has-black-color has-text-color has-link-color wp-elements-1\" style=\"font-size:26px\">ABORDAGEM L\u00daDICO-EXPERIMENTAL PARA O ENSINO DE QU\u00cdMICA: uma sequ\u00eancia did\u00e1tica para a abordagem do conceito de acidez e basicidade<\/h3>\n\n\n\n<p class=\"has-black-color has-text-color has-link-color wp-elements-2 wp-block-paragraph\" style=\"font-size:14px\"><strong>Palavras-chave<\/strong>: Sequ\u00eancia did\u00e1tica; acidez e basicidade; ensino de qu\u00edmica<br><strong>Data<\/strong> : 30\/07\/2021<\/p>\n\n\n\n<h2 class=\"wp-block-heading\" style=\"font-size:20px\">Resumo<\/h2>\n\n\n\n<p class=\"has-black-color has-text-color has-link-color wp-elements-3 wp-block-paragraph\" style=\"font-size:14px\">Como forma de trabalhar os conceitos qu\u00edmicos de forma mais contextualizada e relacionados com o cotidiano dos alunos, esta pesquisa teve como objetivo a elabora\u00e7\u00e3o de uma sequ\u00eancia did\u00e1tica (SD) sobre o tema acidez e basicidade, aplicada a uma turma do 9\u00ba ano do Ensino Fundamental. A escolha da SD como metodologia de ensino deveu-se ao fato de ser uma proposta de ensino onde \u00e9 poss\u00edvel utilizar variadas estrat\u00e9gias metodol\u00f3gicas e recursos did\u00e1ticos para abordar determinado tema. Quando uma SD \u00e9 bem planejada, ela pode facilitar a aprendizagem, trazer uma maior motiva\u00e7\u00e3o para a aula e tornar o aluno mais participativo no processo. Antes de iniciar as atividades propostas pela sequ\u00eancia did\u00e1tica, foi realizado um question\u00e1rio com oito perguntas abertas com o objetivo de levantar as ideias pr\u00e9vias dos alunos em rela\u00e7\u00e3o ao conte\u00fado de \u00e1cidos e bases, conceito de pH, e saber se tais temas estavam presentes no cotidiano deles. Ap\u00f3s esse levantamento, a SD foi executada em 5 aulas e a metodologia utilizada foram as atividades de problematiza\u00e7\u00e3o, de leitura, atividades l\u00fadicas e experimentais. As atividades aplicadas tiveram como objetivos: a busca de uma aprendizagem significativa e contextualizada dos conte\u00fados, baseada na teoria de David Ausubel; e alunos mais protagonistas na constru\u00e7\u00e3o do conhecimento, sendo orientados pelo professor, baseado em um dos principais pressupostos de Vygotsky, o processo de media\u00e7\u00e3o. Diante das atividades realizadas pelos discentes, foi poss\u00edvel perceber os avan\u00e7os alcan\u00e7ados com esta estrat\u00e9gia de ensino, uma evolu\u00e7\u00e3o dos conhecimentos e um comportamento participativo e motivado dos alunos durante as aulas, atingindo assim o principal objetivo do trabalho, propiciar aos estudantes uma aprendizagem significativa.<\/p>\n\n\n\n<h2 class=\"wp-block-heading\" style=\"font-size:20px\">Membros da banca<\/h2>\n\n\n\n<ul class=\"wp-block-list\">\n<li class=\"has-black-color has-text-color has-link-color wp-elements-4\" style=\"font-size:14px\"><strong>Presidente<\/strong>  &#8211; ANDRESSA ESTEVES DE SOUZA DOS SANTOS<\/li>\n\n\n\n<li class=\"has-black-color has-text-color has-link-color wp-elements-5\" style=\"font-size:14px\"><strong>Interno<\/strong> &#8211; ANDRE MARQUES DOS SANTOS<\/li>\n\n\n\n<li class=\"has-black-color has-text-color has-link-color wp-elements-6\" style=\"font-size:14px\"><strong>Interno<\/strong> &#8211; CLAUDIO EDUARDO RODRIGUES DOS SANTOS<\/li>\n\n\n\n<li class=\"has-black-color has-text-color has-link-color wp-elements-7\" style=\"font-size:14px\"><strong>Externa ao Programa<\/strong> &#8211; ANA CRISTINA SOUZA DOS SANTOS<\/li>\n\n\n\n<li class=\"has-black-color has-text-color has-link-color wp-elements-8\" style=\"font-size:14px\"><strong>Externo \u00e0 Institui\u00e7\u00e3o<\/strong> &#8211; GUILHERME PEREIRA GUEDES &#8211; UFF<\/li>\n<\/ul>\n\n\n\n<p class=\"has-black-color has-text-color has-link-color wp-elements-9 wp-block-paragraph\" style=\"font-size:14px\"><a href=\"https:\/\/rima.ufrrj.br\/jspui\/bitstream\/20.500.14407\/15740\/3\/2021%20-%20Carla%20Cristina%20de%20Souza%20Marinho.pdf\" target=\"_blank\" rel=\"noreferrer noopener\"><mark style=\"background-color:#8ed1fc\" class=\"has-inline-color\"><strong>Vers\u00e3o final da disserta\u00e7\u00e3o<\/strong><\/mark><\/a><br><\/p>\n\n\n\n<p class=\"wp-block-paragraph\" style=\"font-size:14px\"><\/p>\n\n\n\n<p class=\"wp-block-paragraph\" style=\"font-size:14px\"><\/p>\n","protected":false},"excerpt":{"rendered":"<p>ABORDAGEM L\u00daDICO-EXPERIMENTAL PARA O ENSINO DE QU\u00cdMICA: uma sequ\u00eancia did\u00e1tica para a abordagem do conceito de acidez e basicidade Palavras-chave: Sequ\u00eancia did\u00e1tica; [&hellip;]<\/p>\n","protected":false},"author":168,"featured_media":0,"comment_status":"closed","ping_status":"closed","sticky":false,"template":"","format":"standard","meta":{"_acf_changed":false,"footnotes":"","_links_to":"","_links_to_target":""},"categories":[1],"tags":[],"class_list":["post-12548","post","type-post","status-publish","format-standard","hentry","category-sem-categoria"],"yoast_head":"<!-- This site is optimized with the Yoast SEO plugin v28.2 - https:\/\/yoast.com\/product\/yoast-seo-wordpress\/ -->\n<title>Carla Cristina de Souza Marinho - Programa de Mestrado Profissional em Qu\u00edmica em Rede Nacional (PROFQUI),<\/title>\n<meta name=\"robots\" content=\"index, follow, max-snippet:-1, max-image-preview:large, max-video-preview:-1\" \/>\n<link rel=\"canonical\" href=\"https:\/\/cursos.ufrrj.br\/posgraduacao\/profqui\/carla-cristina-de-souza-marinho\/\" \/>\n<meta property=\"og:locale\" content=\"pt_BR\" \/>\n<meta property=\"og:type\" content=\"article\" \/>\n<meta property=\"og:title\" content=\"Carla Cristina de Souza Marinho - Programa de Mestrado Profissional em Qu\u00edmica em Rede Nacional (PROFQUI),\" \/>\n<meta property=\"og:description\" content=\"ABORDAGEM L\u00daDICO-EXPERIMENTAL PARA O ENSINO DE QU\u00cdMICA: uma sequ\u00eancia did\u00e1tica para a abordagem do conceito de acidez e basicidade Palavras-chave: Sequ\u00eancia did\u00e1tica; [&hellip;]\" \/>\n<meta property=\"og:url\" content=\"https:\/\/cursos.ufrrj.br\/posgraduacao\/profqui\/carla-cristina-de-souza-marinho\/\" \/>\n<meta property=\"og:site_name\" content=\"Programa de Mestrado Profissional em Qu\u00edmica em Rede Nacional (PROFQUI),\" \/>\n<meta property=\"article:publisher\" content=\"https:\/\/www.facebook.com\/MestradoProfissionalEmGestaoeEstrategia\" \/>\n<meta property=\"article:published_time\" content=\"2026-08-25T16:49:41+00:00\" \/>\n<meta property=\"article:modified_time\" content=\"2026-08-25T16:49:42+00:00\" \/>\n<meta name=\"author\" content=\"claudio\" \/>\n<meta name=\"twitter:card\" content=\"summary_large_image\" \/>\n<meta name=\"twitter:label1\" content=\"Escrito por\" \/>\n\t<meta name=\"twitter:data1\" content=\"claudio\" \/>\n\t<meta name=\"twitter:label2\" content=\"Est. tempo de leitura\" \/>\n\t<meta name=\"twitter:data2\" content=\"2 minutos\" \/>\n<script type=\"application\/ld+json\" class=\"yoast-schema-graph\">{\"@context\":\"https:\\\/\\\/schema.org\",\"@graph\":[{\"@type\":\"Article\",\"@id\":\"https:\\\/\\\/cursos.ufrrj.br\\\/posgraduacao\\\/profqui\\\/carla-cristina-de-souza-marinho\\\/#article\",\"isPartOf\":{\"@id\":\"https:\\\/\\\/cursos.ufrrj.br\\\/posgraduacao\\\/profqui\\\/carla-cristina-de-souza-marinho\\\/\"},\"author\":{\"name\":\"claudio\",\"@id\":\"https:\\\/\\\/cursos.ufrrj.br\\\/posgraduacao\\\/profqui\\\/#\\\/schema\\\/person\\\/94e0f551c65ce00d675b0cbbf8313bdf\"},\"headline\":\"Carla Cristina de Souza Marinho\",\"datePublished\":\"2026-08-25T16:49:41+00:00\",\"dateModified\":\"2026-08-25T16:49:42+00:00\",\"mainEntityOfPage\":{\"@id\":\"https:\\\/\\\/cursos.ufrrj.br\\\/posgraduacao\\\/profqui\\\/carla-cristina-de-souza-marinho\\\/\"},\"wordCount\":379,\"inLanguage\":\"pt-BR\"},{\"@type\":\"WebPage\",\"@id\":\"https:\\\/\\\/cursos.ufrrj.br\\\/posgraduacao\\\/profqui\\\/carla-cristina-de-souza-marinho\\\/\",\"url\":\"https:\\\/\\\/cursos.ufrrj.br\\\/posgraduacao\\\/profqui\\\/carla-cristina-de-souza-marinho\\\/\",\"name\":\"Carla Cristina de Souza Marinho - Programa de Mestrado Profissional em Qu\u00edmica em Rede Nacional (PROFQUI),\",\"isPartOf\":{\"@id\":\"https:\\\/\\\/cursos.ufrrj.br\\\/posgraduacao\\\/profqui\\\/#website\"},\"datePublished\":\"2026-08-25T16:49:41+00:00\",\"dateModified\":\"2026-08-25T16:49:42+00:00\",\"author\":{\"@id\":\"https:\\\/\\\/cursos.ufrrj.br\\\/posgraduacao\\\/profqui\\\/#\\\/schema\\\/person\\\/94e0f551c65ce00d675b0cbbf8313bdf\"},\"breadcrumb\":{\"@id\":\"https:\\\/\\\/cursos.ufrrj.br\\\/posgraduacao\\\/profqui\\\/carla-cristina-de-souza-marinho\\\/#breadcrumb\"},\"inLanguage\":\"pt-BR\",\"potentialAction\":[{\"@type\":\"ReadAction\",\"target\":[\"https:\\\/\\\/cursos.ufrrj.br\\\/posgraduacao\\\/profqui\\\/carla-cristina-de-souza-marinho\\\/\"]}]},{\"@type\":\"BreadcrumbList\",\"@id\":\"https:\\\/\\\/cursos.ufrrj.br\\\/posgraduacao\\\/profqui\\\/carla-cristina-de-souza-marinho\\\/#breadcrumb\",\"itemListElement\":[{\"@type\":\"ListItem\",\"position\":1,\"name\":\"In\u00edcio\",\"item\":\"https:\\\/\\\/cursos.ufrrj.br\\\/posgraduacao\\\/profqui\\\/\"},{\"@type\":\"ListItem\",\"position\":2,\"name\":\"Carla Cristina de Souza Marinho\"}]},{\"@type\":\"WebSite\",\"@id\":\"https:\\\/\\\/cursos.ufrrj.br\\\/posgraduacao\\\/profqui\\\/#website\",\"url\":\"https:\\\/\\\/cursos.ufrrj.br\\\/posgraduacao\\\/profqui\\\/\",\"name\":\"Programa de Mestrado Profissional em Qu\u00edmica em Rede Nacional (PROFQUI),\",\"description\":\"Universidade Federal Rural do Rio de Janeiro \u2013 UFRRJ\",\"potentialAction\":[{\"@type\":\"SearchAction\",\"target\":{\"@type\":\"EntryPoint\",\"urlTemplate\":\"https:\\\/\\\/cursos.ufrrj.br\\\/posgraduacao\\\/profqui\\\/?s={search_term_string}\"},\"query-input\":{\"@type\":\"PropertyValueSpecification\",\"valueRequired\":true,\"valueName\":\"search_term_string\"}}],\"inLanguage\":\"pt-BR\"},{\"@type\":\"Person\",\"@id\":\"https:\\\/\\\/cursos.ufrrj.br\\\/posgraduacao\\\/profqui\\\/#\\\/schema\\\/person\\\/94e0f551c65ce00d675b0cbbf8313bdf\",\"name\":\"claudio\",\"image\":{\"@type\":\"ImageObject\",\"inLanguage\":\"pt-BR\",\"@id\":\"https:\\\/\\\/secure.gravatar.com\\\/avatar\\\/240ddbde0248db34fb721d717a5ea73f43746c5e9e1fb1b7a19b725080da6355?s=96&d=mm&r=g\",\"url\":\"https:\\\/\\\/secure.gravatar.com\\\/avatar\\\/240ddbde0248db34fb721d717a5ea73f43746c5e9e1fb1b7a19b725080da6355?s=96&d=mm&r=g\",\"contentUrl\":\"https:\\\/\\\/secure.gravatar.com\\\/avatar\\\/240ddbde0248db34fb721d717a5ea73f43746c5e9e1fb1b7a19b725080da6355?s=96&d=mm&r=g\",\"caption\":\"claudio\"},\"description\":\"GLPI 41543\",\"url\":\"https:\\\/\\\/cursos.ufrrj.br\\\/posgraduacao\\\/profqui\\\/author\\\/claudio\\\/\"}]}<\/script>\n<!-- \/ Yoast SEO plugin. -->","yoast_head_json":{"title":"Carla Cristina de Souza Marinho - Programa de Mestrado Profissional em Qu\u00edmica em Rede Nacional (PROFQUI),","robots":{"index":"index","follow":"follow","max-snippet":"max-snippet:-1","max-image-preview":"max-image-preview:large","max-video-preview":"max-video-preview:-1"},"canonical":"https:\/\/cursos.ufrrj.br\/posgraduacao\/profqui\/carla-cristina-de-souza-marinho\/","og_locale":"pt_BR","og_type":"article","og_title":"Carla Cristina de Souza Marinho - Programa de Mestrado Profissional em Qu\u00edmica em Rede Nacional (PROFQUI),","og_description":"ABORDAGEM L\u00daDICO-EXPERIMENTAL PARA O ENSINO DE QU\u00cdMICA: uma sequ\u00eancia did\u00e1tica para a abordagem do conceito de acidez e basicidade Palavras-chave: Sequ\u00eancia did\u00e1tica; [&hellip;]","og_url":"https:\/\/cursos.ufrrj.br\/posgraduacao\/profqui\/carla-cristina-de-souza-marinho\/","og_site_name":"Programa de Mestrado Profissional em Qu\u00edmica em Rede Nacional (PROFQUI),","article_publisher":"https:\/\/www.facebook.com\/MestradoProfissionalEmGestaoeEstrategia","article_published_time":"2026-08-25T16:49:41+00:00","article_modified_time":"2026-08-25T16:49:42+00:00","author":"claudio","twitter_card":"summary_large_image","twitter_misc":{"Escrito por":"claudio","Est. tempo de leitura":"2 minutos"},"schema":{"@context":"https:\/\/schema.org","@graph":[{"@type":"Article","@id":"https:\/\/cursos.ufrrj.br\/posgraduacao\/profqui\/carla-cristina-de-souza-marinho\/#article","isPartOf":{"@id":"https:\/\/cursos.ufrrj.br\/posgraduacao\/profqui\/carla-cristina-de-souza-marinho\/"},"author":{"name":"claudio","@id":"https:\/\/cursos.ufrrj.br\/posgraduacao\/profqui\/#\/schema\/person\/94e0f551c65ce00d675b0cbbf8313bdf"},"headline":"Carla Cristina de Souza Marinho","datePublished":"2026-08-25T16:49:41+00:00","dateModified":"2026-08-25T16:49:42+00:00","mainEntityOfPage":{"@id":"https:\/\/cursos.ufrrj.br\/posgraduacao\/profqui\/carla-cristina-de-souza-marinho\/"},"wordCount":379,"inLanguage":"pt-BR"},{"@type":"WebPage","@id":"https:\/\/cursos.ufrrj.br\/posgraduacao\/profqui\/carla-cristina-de-souza-marinho\/","url":"https:\/\/cursos.ufrrj.br\/posgraduacao\/profqui\/carla-cristina-de-souza-marinho\/","name":"Carla Cristina de Souza Marinho - Programa de Mestrado Profissional em Qu\u00edmica em Rede Nacional (PROFQUI),","isPartOf":{"@id":"https:\/\/cursos.ufrrj.br\/posgraduacao\/profqui\/#website"},"datePublished":"2026-08-25T16:49:41+00:00","dateModified":"2026-08-25T16:49:42+00:00","author":{"@id":"https:\/\/cursos.ufrrj.br\/posgraduacao\/profqui\/#\/schema\/person\/94e0f551c65ce00d675b0cbbf8313bdf"},"breadcrumb":{"@id":"https:\/\/cursos.ufrrj.br\/posgraduacao\/profqui\/carla-cristina-de-souza-marinho\/#breadcrumb"},"inLanguage":"pt-BR","potentialAction":[{"@type":"ReadAction","target":["https:\/\/cursos.ufrrj.br\/posgraduacao\/profqui\/carla-cristina-de-souza-marinho\/"]}]},{"@type":"BreadcrumbList","@id":"https:\/\/cursos.ufrrj.br\/posgraduacao\/profqui\/carla-cristina-de-souza-marinho\/#breadcrumb","itemListElement":[{"@type":"ListItem","position":1,"name":"In\u00edcio","item":"https:\/\/cursos.ufrrj.br\/posgraduacao\/profqui\/"},{"@type":"ListItem","position":2,"name":"Carla Cristina de Souza Marinho"}]},{"@type":"WebSite","@id":"https:\/\/cursos.ufrrj.br\/posgraduacao\/profqui\/#website","url":"https:\/\/cursos.ufrrj.br\/posgraduacao\/profqui\/","name":"Programa de Mestrado Profissional em Qu\u00edmica em Rede Nacional (PROFQUI),","description":"Universidade Federal Rural do Rio de Janeiro \u2013 UFRRJ","potentialAction":[{"@type":"SearchAction","target":{"@type":"EntryPoint","urlTemplate":"https:\/\/cursos.ufrrj.br\/posgraduacao\/profqui\/?s={search_term_string}"},"query-input":{"@type":"PropertyValueSpecification","valueRequired":true,"valueName":"search_term_string"}}],"inLanguage":"pt-BR"},{"@type":"Person","@id":"https:\/\/cursos.ufrrj.br\/posgraduacao\/profqui\/#\/schema\/person\/94e0f551c65ce00d675b0cbbf8313bdf","name":"claudio","image":{"@type":"ImageObject","inLanguage":"pt-BR","@id":"https:\/\/secure.gravatar.com\/avatar\/240ddbde0248db34fb721d717a5ea73f43746c5e9e1fb1b7a19b725080da6355?s=96&d=mm&r=g","url":"https:\/\/secure.gravatar.com\/avatar\/240ddbde0248db34fb721d717a5ea73f43746c5e9e1fb1b7a19b725080da6355?s=96&d=mm&r=g","contentUrl":"https:\/\/secure.gravatar.com\/avatar\/240ddbde0248db34fb721d717a5ea73f43746c5e9e1fb1b7a19b725080da6355?s=96&d=mm&r=g","caption":"claudio"},"description":"GLPI 41543","url":"https:\/\/cursos.ufrrj.br\/posgraduacao\/profqui\/author\/claudio\/"}]}},"acf":[],"_links":{"self":[{"href":"https:\/\/cursos.ufrrj.br\/posgraduacao\/profqui\/wp-json\/wp\/v2\/posts\/12548","targetHints":{"allow":["GET"]}}],"collection":[{"href":"https:\/\/cursos.ufrrj.br\/posgraduacao\/profqui\/wp-json\/wp\/v2\/posts"}],"about":[{"href":"https:\/\/cursos.ufrrj.br\/posgraduacao\/profqui\/wp-json\/wp\/v2\/types\/post"}],"author":[{"embeddable":true,"href":"https:\/\/cursos.ufrrj.br\/posgraduacao\/profqui\/wp-json\/wp\/v2\/users\/168"}],"replies":[{"embeddable":true,"href":"https:\/\/cursos.ufrrj.br\/posgraduacao\/profqui\/wp-json\/wp\/v2\/comments?post=12548"}],"version-history":[{"count":6,"href":"https:\/\/cursos.ufrrj.br\/posgraduacao\/profqui\/wp-json\/wp\/v2\/posts\/12548\/revisions"}],"predecessor-version":[{"id":12554,"href":"https:\/\/cursos.ufrrj.br\/posgraduacao\/profqui\/wp-json\/wp\/v2\/posts\/12548\/revisions\/12554"}],"wp:attachment":[{"href":"https:\/\/cursos.ufrrj.br\/posgraduacao\/profqui\/wp-json\/wp\/v2\/media?parent=12548"}],"wp:term":[{"taxonomy":"category","embeddable":true,"href":"https:\/\/cursos.ufrrj.br\/posgraduacao\/profqui\/wp-json\/wp\/v2\/categories?post=12548"},{"taxonomy":"post_tag","embeddable":true,"href":"https:\/\/cursos.ufrrj.br\/posgraduacao\/profqui\/wp-json\/wp\/v2\/tags?post=12548"}],"curies":[{"name":"wp","href":"https:\/\/api.w.org\/{rel}","templated":true}]}}