{"id":12532,"date":"2026-08-25T13:21:38","date_gmt":"2026-08-25T16:21:38","guid":{"rendered":"https:\/\/cursos.ufrrj.br\/posgraduacao\/profqui\/?p=12532"},"modified":"2026-08-25T13:21:38","modified_gmt":"2026-08-25T16:21:38","slug":"jaqueline-da-rocha","status":"publish","type":"post","link":"https:\/\/cursos.ufrrj.br\/posgraduacao\/profqui\/jaqueline-da-rocha\/","title":{"rendered":"Jaqueline da Rocha"},"content":{"rendered":"\n<h2 class=\"wp-block-heading\" style=\"font-size:26px\">UMA PROPOSTA DE AULA EXPERIMENTAL L\u00daDICA COM CONOTA\u00c7\u00c3O FORENSE COMO FERRAMENTA DID\u00c1TICA MOTIVACIONAL PARA O ENSINO DE QU\u00cdMICA NO ENSINO M\u00c9DIO<\/h2>\n\n\n\n<p class=\"has-black-color has-text-color has-link-color wp-elements-1 wp-block-paragraph\"><strong>Palavras-chaves<\/strong>:Aprendizagem significativa; ensino de qu\u00edmica; qu\u00edmica forense<br><strong>Data<\/strong> : 11\/09\/2020<\/p>\n\n\n\n<h2 class=\"wp-block-heading\" style=\"font-size:20px\">Resumo<\/h2>\n\n\n\n<p class=\"has-black-color has-text-color has-link-color wp-elements-2 wp-block-paragraph\">A carreira de professor n\u00e3o \u00e9 f\u00e1cil, h\u00e1 enormes desafios, como a falta de reconhecimento por parte da sociedade e a desvaloriza\u00e7\u00e3o salarial, al\u00e9m disso, frequentemente necessita mudar pr\u00e1ticas de ensino, devido a alta velocidade com que a sociedade se modifica ao longo tempo. Assim, alguns professores vocacionados buscam inovar suas pr\u00e1ticas. Desta forma, uma aula experimental l\u00fadica, com conota\u00e7\u00e3o forense, foi planejada, realizada e avaliada, a partir de materiais alternativos em um laborat\u00f3rio de uma escola p\u00fablica situada na cidade de Nova Igua\u00e7u, no estado do Rio de Janeiro, no ano de 2019. A aula experimental foi aplicada para alunos do terceiro ano do ensino m\u00e9dio e teve como objetivos a busca de uma Aprendizagem Significativa e contextualizada dos conte\u00fados, baseada nas teorias de David Ausubel e de Paulo Freire, e a melhoraria das rela\u00e7\u00f5es interpessoais de colabora\u00e7\u00e3o entre os envolvidos no processo de ensino-aprendizagem. Na aplica\u00e7\u00e3o da aula experimental, verificou-se o envolvimento dos alunos de forma positiva nas atividades propostas, destacando seu interesse em trabalhar com o tema forense. Por meio dos question\u00e1rios aplicados, a maioria dos alunos percebeu a import\u00e2ncia da ci\u00eancia, de um modo geral, com destaque especial para a qu\u00edmica na vida cotidiana. N\u00e3o menos importante foi a possibilidade que o experimento ofereceu de trabalhar com diferentes conte\u00fados qu\u00edmicos, tais como: solu\u00e7\u00f5es (preparo e c\u00e1lculo de concentra\u00e7\u00e3o), n\u00famero de oxida\u00e7\u00e3o, rea\u00e7\u00f5es e o fen\u00f4meno da fluoresc\u00eancia, visto que tais temas foram inseridos no contexto da aula e tiveram um significado real para os alunos, que participaram ativamente do processo de ensino-aprendizagem mediado pela professora. A partir dos resultados, pode-se concluir que o experimento proposto \u00e9 bastante interessante para ser aplicado ao ensino m\u00e9dio. O manuseio da ninidrina (veja a pg. 27) deve ser feito com equipamento de prote\u00e7\u00e3o individual.<\/p>\n\n\n\n<h2 class=\"wp-block-heading\" style=\"font-size:20px\">Membros da banca<\/h2>\n\n\n\n<ul class=\"wp-block-list\">\n<li class=\"has-black-color has-text-color has-link-color wp-elements-3\" style=\"font-size:14px\">Interna &#8211; 2451384 &#8211; ANDRESSA ESTEVES DE SOUZA DOS SANTOS<\/li>\n\n\n\n<li class=\"has-black-color has-text-color has-link-color wp-elements-4\" style=\"font-size:14px\">Interno &#8211; 1714151 &#8211; ROBERTO BARBOSA DE CASTILHO<\/li>\n\n\n\n<li class=\"has-black-color has-text-color has-link-color wp-elements-5\" style=\"font-size:14px\">Externa \u00e0 Institui\u00e7\u00e3o &#8211; ANDREA ROSANE DA SILVA<\/li>\n\n\n\n<li class=\"has-black-color has-text-color has-link-color wp-elements-6\" style=\"font-size:14px\">Externo \u00e0 Institui\u00e7\u00e3o &#8211; BAUER DE OLIVEIRA BERNARDES<\/li>\n<\/ul>\n\n\n\n<p class=\"has-black-color has-text-color has-link-color wp-elements-7 wp-block-paragraph\"><mark style=\"background-color:#8ed1fc\" class=\"has-inline-color\"><a href=\"https:\/\/rima.ufrrj.br\/jspui\/bitstream\/20.500.14407\/15743\/3\/2020%20-%20Jaqueline%20da%20Rocha.pdf\" target=\"_blank\" rel=\"noreferrer noopener\">Disserta\u00e7\u00e3o final<\/a><\/mark><\/p>\n\n\n\n<p class=\"wp-block-paragraph\"><\/p>\n","protected":false},"excerpt":{"rendered":"<p>UMA PROPOSTA DE AULA EXPERIMENTAL L\u00daDICA COM CONOTA\u00c7\u00c3O FORENSE COMO FERRAMENTA DID\u00c1TICA MOTIVACIONAL PARA O ENSINO DE QU\u00cdMICA NO ENSINO M\u00c9DIO Palavras-chaves:Aprendizagem [&hellip;]<\/p>\n","protected":false},"author":168,"featured_media":0,"comment_status":"closed","ping_status":"closed","sticky":false,"template":"","format":"standard","meta":{"_acf_changed":false,"footnotes":"","_links_to":"","_links_to_target":""},"categories":[1],"tags":[],"class_list":["post-12532","post","type-post","status-publish","format-standard","hentry","category-sem-categoria"],"yoast_head":"<!-- This site is optimized with the Yoast SEO plugin v28.2 - https:\/\/yoast.com\/product\/yoast-seo-wordpress\/ -->\n<title>Jaqueline da Rocha - Programa de Mestrado Profissional em Qu\u00edmica em Rede Nacional (PROFQUI),<\/title>\n<meta name=\"robots\" content=\"index, follow, max-snippet:-1, max-image-preview:large, max-video-preview:-1\" \/>\n<link rel=\"canonical\" href=\"https:\/\/cursos.ufrrj.br\/posgraduacao\/profqui\/jaqueline-da-rocha\/\" \/>\n<meta property=\"og:locale\" content=\"pt_BR\" \/>\n<meta property=\"og:type\" content=\"article\" \/>\n<meta property=\"og:title\" content=\"Jaqueline da Rocha - Programa de Mestrado Profissional em Qu\u00edmica em Rede Nacional (PROFQUI),\" \/>\n<meta property=\"og:description\" content=\"UMA PROPOSTA DE AULA EXPERIMENTAL L\u00daDICA COM CONOTA\u00c7\u00c3O FORENSE COMO FERRAMENTA DID\u00c1TICA MOTIVACIONAL PARA O ENSINO DE QU\u00cdMICA NO ENSINO M\u00c9DIO Palavras-chaves:Aprendizagem [&hellip;]\" \/>\n<meta property=\"og:url\" content=\"https:\/\/cursos.ufrrj.br\/posgraduacao\/profqui\/jaqueline-da-rocha\/\" \/>\n<meta property=\"og:site_name\" content=\"Programa de Mestrado Profissional em Qu\u00edmica em Rede Nacional (PROFQUI),\" \/>\n<meta property=\"article:publisher\" content=\"https:\/\/www.facebook.com\/MestradoProfissionalEmGestaoeEstrategia\" \/>\n<meta property=\"article:published_time\" content=\"2026-08-25T16:21:38+00:00\" \/>\n<meta name=\"author\" content=\"claudio\" \/>\n<meta name=\"twitter:card\" content=\"summary_large_image\" \/>\n<meta name=\"twitter:label1\" content=\"Escrito por\" \/>\n\t<meta name=\"twitter:data1\" content=\"claudio\" \/>\n\t<meta name=\"twitter:label2\" content=\"Est. tempo de leitura\" \/>\n\t<meta name=\"twitter:data2\" content=\"2 minutos\" \/>\n<script type=\"application\/ld+json\" class=\"yoast-schema-graph\">{\"@context\":\"https:\\\/\\\/schema.org\",\"@graph\":[{\"@type\":\"Article\",\"@id\":\"https:\\\/\\\/cursos.ufrrj.br\\\/posgraduacao\\\/profqui\\\/jaqueline-da-rocha\\\/#article\",\"isPartOf\":{\"@id\":\"https:\\\/\\\/cursos.ufrrj.br\\\/posgraduacao\\\/profqui\\\/jaqueline-da-rocha\\\/\"},\"author\":{\"name\":\"claudio\",\"@id\":\"https:\\\/\\\/cursos.ufrrj.br\\\/posgraduacao\\\/profqui\\\/#\\\/schema\\\/person\\\/94e0f551c65ce00d675b0cbbf8313bdf\"},\"headline\":\"Jaqueline da Rocha\",\"datePublished\":\"2026-08-25T16:21:38+00:00\",\"mainEntityOfPage\":{\"@id\":\"https:\\\/\\\/cursos.ufrrj.br\\\/posgraduacao\\\/profqui\\\/jaqueline-da-rocha\\\/\"},\"wordCount\":402,\"inLanguage\":\"pt-BR\"},{\"@type\":\"WebPage\",\"@id\":\"https:\\\/\\\/cursos.ufrrj.br\\\/posgraduacao\\\/profqui\\\/jaqueline-da-rocha\\\/\",\"url\":\"https:\\\/\\\/cursos.ufrrj.br\\\/posgraduacao\\\/profqui\\\/jaqueline-da-rocha\\\/\",\"name\":\"Jaqueline da Rocha - Programa de Mestrado Profissional em Qu\u00edmica em Rede Nacional (PROFQUI),\",\"isPartOf\":{\"@id\":\"https:\\\/\\\/cursos.ufrrj.br\\\/posgraduacao\\\/profqui\\\/#website\"},\"datePublished\":\"2026-08-25T16:21:38+00:00\",\"author\":{\"@id\":\"https:\\\/\\\/cursos.ufrrj.br\\\/posgraduacao\\\/profqui\\\/#\\\/schema\\\/person\\\/94e0f551c65ce00d675b0cbbf8313bdf\"},\"breadcrumb\":{\"@id\":\"https:\\\/\\\/cursos.ufrrj.br\\\/posgraduacao\\\/profqui\\\/jaqueline-da-rocha\\\/#breadcrumb\"},\"inLanguage\":\"pt-BR\",\"potentialAction\":[{\"@type\":\"ReadAction\",\"target\":[\"https:\\\/\\\/cursos.ufrrj.br\\\/posgraduacao\\\/profqui\\\/jaqueline-da-rocha\\\/\"]}]},{\"@type\":\"BreadcrumbList\",\"@id\":\"https:\\\/\\\/cursos.ufrrj.br\\\/posgraduacao\\\/profqui\\\/jaqueline-da-rocha\\\/#breadcrumb\",\"itemListElement\":[{\"@type\":\"ListItem\",\"position\":1,\"name\":\"In\u00edcio\",\"item\":\"https:\\\/\\\/cursos.ufrrj.br\\\/posgraduacao\\\/profqui\\\/\"},{\"@type\":\"ListItem\",\"position\":2,\"name\":\"Jaqueline da Rocha\"}]},{\"@type\":\"WebSite\",\"@id\":\"https:\\\/\\\/cursos.ufrrj.br\\\/posgraduacao\\\/profqui\\\/#website\",\"url\":\"https:\\\/\\\/cursos.ufrrj.br\\\/posgraduacao\\\/profqui\\\/\",\"name\":\"Programa de Mestrado Profissional em Qu\u00edmica em Rede Nacional (PROFQUI),\",\"description\":\"Universidade Federal Rural do Rio de Janeiro \u2013 UFRRJ\",\"potentialAction\":[{\"@type\":\"SearchAction\",\"target\":{\"@type\":\"EntryPoint\",\"urlTemplate\":\"https:\\\/\\\/cursos.ufrrj.br\\\/posgraduacao\\\/profqui\\\/?s={search_term_string}\"},\"query-input\":{\"@type\":\"PropertyValueSpecification\",\"valueRequired\":true,\"valueName\":\"search_term_string\"}}],\"inLanguage\":\"pt-BR\"},{\"@type\":\"Person\",\"@id\":\"https:\\\/\\\/cursos.ufrrj.br\\\/posgraduacao\\\/profqui\\\/#\\\/schema\\\/person\\\/94e0f551c65ce00d675b0cbbf8313bdf\",\"name\":\"claudio\",\"image\":{\"@type\":\"ImageObject\",\"inLanguage\":\"pt-BR\",\"@id\":\"https:\\\/\\\/secure.gravatar.com\\\/avatar\\\/240ddbde0248db34fb721d717a5ea73f43746c5e9e1fb1b7a19b725080da6355?s=96&d=mm&r=g\",\"url\":\"https:\\\/\\\/secure.gravatar.com\\\/avatar\\\/240ddbde0248db34fb721d717a5ea73f43746c5e9e1fb1b7a19b725080da6355?s=96&d=mm&r=g\",\"contentUrl\":\"https:\\\/\\\/secure.gravatar.com\\\/avatar\\\/240ddbde0248db34fb721d717a5ea73f43746c5e9e1fb1b7a19b725080da6355?s=96&d=mm&r=g\",\"caption\":\"claudio\"},\"description\":\"GLPI 41543\",\"url\":\"https:\\\/\\\/cursos.ufrrj.br\\\/posgraduacao\\\/profqui\\\/author\\\/claudio\\\/\"}]}<\/script>\n<!-- \/ Yoast SEO plugin. -->","yoast_head_json":{"title":"Jaqueline da Rocha - Programa de Mestrado Profissional em Qu\u00edmica em Rede Nacional (PROFQUI),","robots":{"index":"index","follow":"follow","max-snippet":"max-snippet:-1","max-image-preview":"max-image-preview:large","max-video-preview":"max-video-preview:-1"},"canonical":"https:\/\/cursos.ufrrj.br\/posgraduacao\/profqui\/jaqueline-da-rocha\/","og_locale":"pt_BR","og_type":"article","og_title":"Jaqueline da Rocha - Programa de Mestrado Profissional em Qu\u00edmica em Rede Nacional (PROFQUI),","og_description":"UMA PROPOSTA DE AULA EXPERIMENTAL L\u00daDICA COM CONOTA\u00c7\u00c3O FORENSE COMO FERRAMENTA DID\u00c1TICA MOTIVACIONAL PARA O ENSINO DE QU\u00cdMICA NO ENSINO M\u00c9DIO Palavras-chaves:Aprendizagem [&hellip;]","og_url":"https:\/\/cursos.ufrrj.br\/posgraduacao\/profqui\/jaqueline-da-rocha\/","og_site_name":"Programa de Mestrado Profissional em Qu\u00edmica em Rede Nacional (PROFQUI),","article_publisher":"https:\/\/www.facebook.com\/MestradoProfissionalEmGestaoeEstrategia","article_published_time":"2026-08-25T16:21:38+00:00","author":"claudio","twitter_card":"summary_large_image","twitter_misc":{"Escrito por":"claudio","Est. tempo de leitura":"2 minutos"},"schema":{"@context":"https:\/\/schema.org","@graph":[{"@type":"Article","@id":"https:\/\/cursos.ufrrj.br\/posgraduacao\/profqui\/jaqueline-da-rocha\/#article","isPartOf":{"@id":"https:\/\/cursos.ufrrj.br\/posgraduacao\/profqui\/jaqueline-da-rocha\/"},"author":{"name":"claudio","@id":"https:\/\/cursos.ufrrj.br\/posgraduacao\/profqui\/#\/schema\/person\/94e0f551c65ce00d675b0cbbf8313bdf"},"headline":"Jaqueline da Rocha","datePublished":"2026-08-25T16:21:38+00:00","mainEntityOfPage":{"@id":"https:\/\/cursos.ufrrj.br\/posgraduacao\/profqui\/jaqueline-da-rocha\/"},"wordCount":402,"inLanguage":"pt-BR"},{"@type":"WebPage","@id":"https:\/\/cursos.ufrrj.br\/posgraduacao\/profqui\/jaqueline-da-rocha\/","url":"https:\/\/cursos.ufrrj.br\/posgraduacao\/profqui\/jaqueline-da-rocha\/","name":"Jaqueline da Rocha - Programa de Mestrado Profissional em Qu\u00edmica em Rede Nacional (PROFQUI),","isPartOf":{"@id":"https:\/\/cursos.ufrrj.br\/posgraduacao\/profqui\/#website"},"datePublished":"2026-08-25T16:21:38+00:00","author":{"@id":"https:\/\/cursos.ufrrj.br\/posgraduacao\/profqui\/#\/schema\/person\/94e0f551c65ce00d675b0cbbf8313bdf"},"breadcrumb":{"@id":"https:\/\/cursos.ufrrj.br\/posgraduacao\/profqui\/jaqueline-da-rocha\/#breadcrumb"},"inLanguage":"pt-BR","potentialAction":[{"@type":"ReadAction","target":["https:\/\/cursos.ufrrj.br\/posgraduacao\/profqui\/jaqueline-da-rocha\/"]}]},{"@type":"BreadcrumbList","@id":"https:\/\/cursos.ufrrj.br\/posgraduacao\/profqui\/jaqueline-da-rocha\/#breadcrumb","itemListElement":[{"@type":"ListItem","position":1,"name":"In\u00edcio","item":"https:\/\/cursos.ufrrj.br\/posgraduacao\/profqui\/"},{"@type":"ListItem","position":2,"name":"Jaqueline da Rocha"}]},{"@type":"WebSite","@id":"https:\/\/cursos.ufrrj.br\/posgraduacao\/profqui\/#website","url":"https:\/\/cursos.ufrrj.br\/posgraduacao\/profqui\/","name":"Programa de Mestrado Profissional em Qu\u00edmica em Rede Nacional (PROFQUI),","description":"Universidade Federal Rural do Rio de Janeiro \u2013 UFRRJ","potentialAction":[{"@type":"SearchAction","target":{"@type":"EntryPoint","urlTemplate":"https:\/\/cursos.ufrrj.br\/posgraduacao\/profqui\/?s={search_term_string}"},"query-input":{"@type":"PropertyValueSpecification","valueRequired":true,"valueName":"search_term_string"}}],"inLanguage":"pt-BR"},{"@type":"Person","@id":"https:\/\/cursos.ufrrj.br\/posgraduacao\/profqui\/#\/schema\/person\/94e0f551c65ce00d675b0cbbf8313bdf","name":"claudio","image":{"@type":"ImageObject","inLanguage":"pt-BR","@id":"https:\/\/secure.gravatar.com\/avatar\/240ddbde0248db34fb721d717a5ea73f43746c5e9e1fb1b7a19b725080da6355?s=96&d=mm&r=g","url":"https:\/\/secure.gravatar.com\/avatar\/240ddbde0248db34fb721d717a5ea73f43746c5e9e1fb1b7a19b725080da6355?s=96&d=mm&r=g","contentUrl":"https:\/\/secure.gravatar.com\/avatar\/240ddbde0248db34fb721d717a5ea73f43746c5e9e1fb1b7a19b725080da6355?s=96&d=mm&r=g","caption":"claudio"},"description":"GLPI 41543","url":"https:\/\/cursos.ufrrj.br\/posgraduacao\/profqui\/author\/claudio\/"}]}},"acf":[],"_links":{"self":[{"href":"https:\/\/cursos.ufrrj.br\/posgraduacao\/profqui\/wp-json\/wp\/v2\/posts\/12532","targetHints":{"allow":["GET"]}}],"collection":[{"href":"https:\/\/cursos.ufrrj.br\/posgraduacao\/profqui\/wp-json\/wp\/v2\/posts"}],"about":[{"href":"https:\/\/cursos.ufrrj.br\/posgraduacao\/profqui\/wp-json\/wp\/v2\/types\/post"}],"author":[{"embeddable":true,"href":"https:\/\/cursos.ufrrj.br\/posgraduacao\/profqui\/wp-json\/wp\/v2\/users\/168"}],"replies":[{"embeddable":true,"href":"https:\/\/cursos.ufrrj.br\/posgraduacao\/profqui\/wp-json\/wp\/v2\/comments?post=12532"}],"version-history":[{"count":5,"href":"https:\/\/cursos.ufrrj.br\/posgraduacao\/profqui\/wp-json\/wp\/v2\/posts\/12532\/revisions"}],"predecessor-version":[{"id":12537,"href":"https:\/\/cursos.ufrrj.br\/posgraduacao\/profqui\/wp-json\/wp\/v2\/posts\/12532\/revisions\/12537"}],"wp:attachment":[{"href":"https:\/\/cursos.ufrrj.br\/posgraduacao\/profqui\/wp-json\/wp\/v2\/media?parent=12532"}],"wp:term":[{"taxonomy":"category","embeddable":true,"href":"https:\/\/cursos.ufrrj.br\/posgraduacao\/profqui\/wp-json\/wp\/v2\/categories?post=12532"},{"taxonomy":"post_tag","embeddable":true,"href":"https:\/\/cursos.ufrrj.br\/posgraduacao\/profqui\/wp-json\/wp\/v2\/tags?post=12532"}],"curies":[{"name":"wp","href":"https:\/\/api.w.org\/{rel}","templated":true}]}}