{"id":12441,"date":"2026-08-21T12:29:00","date_gmt":"2026-08-21T15:29:00","guid":{"rendered":"https:\/\/cursos.ufrrj.br\/posgraduacao\/profqui\/?p=12441"},"modified":"2026-08-21T12:52:04","modified_gmt":"2026-08-21T15:52:04","slug":"ramon-batista-inocencio","status":"publish","type":"post","link":"https:\/\/cursos.ufrrj.br\/posgraduacao\/profqui\/ramon-batista-inocencio\/","title":{"rendered":"Ramon Batista Inoc\u00eancio"},"content":{"rendered":"\n<h2 class=\"wp-block-heading has-black-color has-text-color has-link-color wp-elements-1\" style=\"font-size:26px\">APRENDIZAGEM BASEADA EM PROJETOS (PBL) APLICADA NO ENSINO DE ELETROQUIMICA PARA ALUNOS DO ENSINO MEDIO<\/h2>\n\n\n\n<p class=\"has-black-color has-text-color has-link-color wp-elements-2 wp-block-paragraph\" style=\"font-size:14px\"><strong>Palavras &#8211; chave<\/strong>: ABP, metodologia ativa, ensino de eletroqu\u00edmica, baterias, reciclagem<br><strong>Data da defesa<\/strong>: 12\/12\/2019<\/p>\n\n\n\n<p class=\"has-black-color has-text-color has-link-color wp-elements-3 wp-block-paragraph\" style=\"font-size:20px\"><strong>Resumo<\/strong><\/p>\n\n\n\n<p class=\"has-black-color has-text-color has-link-color wp-elements-4 wp-block-paragraph\" style=\"font-size:14px\">Este trabalho de pesquisa aplicou a metodologia ativa de ensino denominada Aprendizagem Baseada em Projetos (APB) ou, em ingl\u00eas, Project-Based Learning (PBL), no ensino de eletroqu\u00edmica no Ensino M\u00e9dio. A metodologia PBL \u00e9 uma abordagem estruturada que envolve os alunos na conquista de conhecimentos e compet\u00eancias, propiciando ao mesmo um ambiente enriquecido a ser utilizado pelos professores em sala de aula, dentro do qual pretendemos discutir a teoria de eletroqu\u00edmica, al\u00e9m de refletir sobre o uso de pilhas e baterias no cotidiano. Na metodologia PBL, os alunos inter-relacionam-se em equipes para solucionar um problema real de forma inovadora, l\u00fadica, inclusiva e eficiente, demonstrando senso de responsabilidade nas decis\u00f5es e atitudes frente aos desafios do cotidiano. Nessa perspectiva, foi definido um ambiente a ser utilizado pelos professores de qu\u00edmica, em sala de aula, para atender alunos do 2o ano do Ensino M\u00e9dio da Educa\u00e7\u00e3o B\u00e1sica, aqui representada pela Escola do CEPE, localizada no munic\u00edpio de Miguel Pereira-RJ. Os alunos s\u00e3o desafiados a tra\u00e7ar um projeto e resolver um desafio: montar um carrinho movido a pilhas ou baterias de celular utilizando materiais simples e recicl\u00e1veis. A partir de discuss\u00f5es, os estudantes foram estimulados na compreens\u00e3o do funcionamento de diferentes tipos de pilhas e baterias dispon\u00edveis no com\u00e9rcio, al\u00e9m de criarem pilhas com materiais caseiros. Outra vertente, que tamb\u00e9m foi explorada em sala de aula, e de grande import\u00e2ncia na atualidade, envolve o descarte e a reciclagem de pilhas e baterias e seu impacto ambiental, uma vez que est\u00e1 em discuss\u00e3o, de forma bastante ampla na m\u00eddia, a migra\u00e7\u00e3o de matriz energ\u00e9tica dos motores a combust\u00e3o para motores el\u00e9tricos. Os conte\u00fados trabalhados, bem como os experimentos desenvolvidos em sala de aula, e tamb\u00e9m fora dela, funcionaram como facilitadores do aprendizado do conte\u00fado de eletroqu\u00edmica, al\u00e9m de trazerem impactos extremamente positivos na conscientiza\u00e7\u00e3o ambiental dos estudantes envolvidos, como tamb\u00e9m na comunidade nas proximidades da escola.<\/p>\n\n\n\n<h2 class=\"wp-block-heading has-black-color has-text-color has-link-color wp-elements-5\" style=\"font-size:20px\">Membros da banca<\/h2>\n\n\n\n<ul class=\"wp-block-list\">\n<li class=\"has-black-color has-text-color has-link-color wp-elements-6\" style=\"font-size:14px\"><strong>Presidente <\/strong>&#8211; MARCO EDILSON FREIRE DE LIMA<\/li>\n\n\n\n<li class=\"has-black-color has-text-color has-link-color wp-elements-7\" style=\"font-size:14px\"><strong>Interno<\/strong> &#8211; GLAUCO FAVILLA BAUERFELDT<\/li>\n\n\n\n<li class=\"has-black-color has-text-color has-link-color wp-elements-8\" style=\"font-size:14px\"><strong>Interno<\/strong> &#8211; ANDRE MARQUES DOS SANTOS<\/li>\n\n\n\n<li class=\"has-black-color has-text-color has-link-color wp-elements-9\" style=\"font-size:14px\"><strong>Externo \u00e0 Institui\u00e7\u00e3o <\/strong>&#8211; EVERTON RANGEL BISPO &#8211; UNISUAM<\/li>\n\n\n\n<li class=\"has-black-color has-text-color has-link-color wp-elements-10\" style=\"font-size:14px\"><strong>Externo \u00e0 Institui\u00e7\u00e3o<\/strong> &#8211; BAUER DE OLIVEIRA BERNARDES \u2013 IFRJ<\/li>\n<\/ul>\n\n\n\n<p class=\"has-black-color has-text-color has-link-color wp-elements-11 wp-block-paragraph\"><a href=\"https:\/\/rima.ufrrj.br\/jspui\/bitstream\/20.500.14407\/15741\/3\/2019%20-%20Ramon%20Batista%20Inoc%c3%aancio.pdf\" target=\"_blank\" rel=\"noreferrer noopener\"><mark style=\"background-color:#8ed1fc\" class=\"has-inline-color has-black-color\"><strong>Vers\u00e3o final da disserta\u00e7\u00e3o<\/strong><\/mark><\/a><\/p>\n\n\n\n<p class=\"wp-block-paragraph\"><\/p>\n","protected":false},"excerpt":{"rendered":"<p>APRENDIZAGEM BASEADA EM PROJETOS (PBL) APLICADA NO ENSINO DE ELETROQUIMICA PARA ALUNOS DO ENSINO MEDIO Palavras &#8211; chave: ABP, metodologia ativa, ensino [&hellip;]<\/p>\n","protected":false},"author":168,"featured_media":0,"comment_status":"closed","ping_status":"closed","sticky":false,"template":"","format":"standard","meta":{"_acf_changed":false,"footnotes":"","_links_to":"","_links_to_target":""},"categories":[1],"tags":[],"class_list":["post-12441","post","type-post","status-publish","format-standard","hentry","category-sem-categoria"],"yoast_head":"<!-- This site is optimized with the Yoast SEO plugin v28.2 - https:\/\/yoast.com\/product\/yoast-seo-wordpress\/ -->\n<title>Ramon Batista Inoc\u00eancio - Programa de Mestrado Profissional em Qu\u00edmica em Rede Nacional (PROFQUI),<\/title>\n<meta name=\"robots\" content=\"index, follow, max-snippet:-1, max-image-preview:large, max-video-preview:-1\" \/>\n<link rel=\"canonical\" href=\"https:\/\/cursos.ufrrj.br\/posgraduacao\/profqui\/ramon-batista-inocencio\/\" \/>\n<meta property=\"og:locale\" content=\"pt_BR\" \/>\n<meta property=\"og:type\" content=\"article\" \/>\n<meta property=\"og:title\" content=\"Ramon Batista Inoc\u00eancio - Programa de Mestrado Profissional em Qu\u00edmica em Rede Nacional (PROFQUI),\" \/>\n<meta property=\"og:description\" content=\"APRENDIZAGEM BASEADA EM PROJETOS (PBL) APLICADA NO ENSINO DE ELETROQUIMICA PARA ALUNOS DO ENSINO MEDIO Palavras &#8211; chave: ABP, metodologia ativa, ensino [&hellip;]\" \/>\n<meta property=\"og:url\" content=\"https:\/\/cursos.ufrrj.br\/posgraduacao\/profqui\/ramon-batista-inocencio\/\" \/>\n<meta property=\"og:site_name\" content=\"Programa de Mestrado Profissional em Qu\u00edmica em Rede Nacional (PROFQUI),\" \/>\n<meta property=\"article:publisher\" content=\"https:\/\/www.facebook.com\/MestradoProfissionalEmGestaoeEstrategia\" \/>\n<meta property=\"article:published_time\" content=\"2026-08-21T15:29:00+00:00\" \/>\n<meta property=\"article:modified_time\" content=\"2026-08-21T15:52:04+00:00\" \/>\n<meta name=\"author\" content=\"claudio\" \/>\n<meta name=\"twitter:card\" content=\"summary_large_image\" \/>\n<meta name=\"twitter:label1\" content=\"Escrito por\" \/>\n\t<meta name=\"twitter:data1\" content=\"claudio\" \/>\n\t<meta name=\"twitter:label2\" content=\"Est. tempo de leitura\" \/>\n\t<meta name=\"twitter:data2\" content=\"3 minutos\" \/>\n<script type=\"application\/ld+json\" class=\"yoast-schema-graph\">{\"@context\":\"https:\\\/\\\/schema.org\",\"@graph\":[{\"@type\":\"Article\",\"@id\":\"https:\\\/\\\/cursos.ufrrj.br\\\/posgraduacao\\\/profqui\\\/ramon-batista-inocencio\\\/#article\",\"isPartOf\":{\"@id\":\"https:\\\/\\\/cursos.ufrrj.br\\\/posgraduacao\\\/profqui\\\/ramon-batista-inocencio\\\/\"},\"author\":{\"name\":\"claudio\",\"@id\":\"https:\\\/\\\/cursos.ufrrj.br\\\/posgraduacao\\\/profqui\\\/#\\\/schema\\\/person\\\/94e0f551c65ce00d675b0cbbf8313bdf\"},\"headline\":\"Ramon Batista Inoc\u00eancio\",\"datePublished\":\"2026-08-21T15:29:00+00:00\",\"dateModified\":\"2026-08-21T15:52:04+00:00\",\"mainEntityOfPage\":{\"@id\":\"https:\\\/\\\/cursos.ufrrj.br\\\/posgraduacao\\\/profqui\\\/ramon-batista-inocencio\\\/\"},\"wordCount\":426,\"inLanguage\":\"pt-BR\"},{\"@type\":\"WebPage\",\"@id\":\"https:\\\/\\\/cursos.ufrrj.br\\\/posgraduacao\\\/profqui\\\/ramon-batista-inocencio\\\/\",\"url\":\"https:\\\/\\\/cursos.ufrrj.br\\\/posgraduacao\\\/profqui\\\/ramon-batista-inocencio\\\/\",\"name\":\"Ramon Batista Inoc\u00eancio - Programa de Mestrado Profissional em Qu\u00edmica em Rede Nacional (PROFQUI),\",\"isPartOf\":{\"@id\":\"https:\\\/\\\/cursos.ufrrj.br\\\/posgraduacao\\\/profqui\\\/#website\"},\"datePublished\":\"2026-08-21T15:29:00+00:00\",\"dateModified\":\"2026-08-21T15:52:04+00:00\",\"author\":{\"@id\":\"https:\\\/\\\/cursos.ufrrj.br\\\/posgraduacao\\\/profqui\\\/#\\\/schema\\\/person\\\/94e0f551c65ce00d675b0cbbf8313bdf\"},\"breadcrumb\":{\"@id\":\"https:\\\/\\\/cursos.ufrrj.br\\\/posgraduacao\\\/profqui\\\/ramon-batista-inocencio\\\/#breadcrumb\"},\"inLanguage\":\"pt-BR\",\"potentialAction\":[{\"@type\":\"ReadAction\",\"target\":[\"https:\\\/\\\/cursos.ufrrj.br\\\/posgraduacao\\\/profqui\\\/ramon-batista-inocencio\\\/\"]}]},{\"@type\":\"BreadcrumbList\",\"@id\":\"https:\\\/\\\/cursos.ufrrj.br\\\/posgraduacao\\\/profqui\\\/ramon-batista-inocencio\\\/#breadcrumb\",\"itemListElement\":[{\"@type\":\"ListItem\",\"position\":1,\"name\":\"In\u00edcio\",\"item\":\"https:\\\/\\\/cursos.ufrrj.br\\\/posgraduacao\\\/profqui\\\/\"},{\"@type\":\"ListItem\",\"position\":2,\"name\":\"Ramon Batista Inoc\u00eancio\"}]},{\"@type\":\"WebSite\",\"@id\":\"https:\\\/\\\/cursos.ufrrj.br\\\/posgraduacao\\\/profqui\\\/#website\",\"url\":\"https:\\\/\\\/cursos.ufrrj.br\\\/posgraduacao\\\/profqui\\\/\",\"name\":\"Programa de Mestrado Profissional em Qu\u00edmica em Rede Nacional (PROFQUI),\",\"description\":\"Universidade Federal Rural do Rio de Janeiro \u2013 UFRRJ\",\"potentialAction\":[{\"@type\":\"SearchAction\",\"target\":{\"@type\":\"EntryPoint\",\"urlTemplate\":\"https:\\\/\\\/cursos.ufrrj.br\\\/posgraduacao\\\/profqui\\\/?s={search_term_string}\"},\"query-input\":{\"@type\":\"PropertyValueSpecification\",\"valueRequired\":true,\"valueName\":\"search_term_string\"}}],\"inLanguage\":\"pt-BR\"},{\"@type\":\"Person\",\"@id\":\"https:\\\/\\\/cursos.ufrrj.br\\\/posgraduacao\\\/profqui\\\/#\\\/schema\\\/person\\\/94e0f551c65ce00d675b0cbbf8313bdf\",\"name\":\"claudio\",\"image\":{\"@type\":\"ImageObject\",\"inLanguage\":\"pt-BR\",\"@id\":\"https:\\\/\\\/secure.gravatar.com\\\/avatar\\\/240ddbde0248db34fb721d717a5ea73f43746c5e9e1fb1b7a19b725080da6355?s=96&d=mm&r=g\",\"url\":\"https:\\\/\\\/secure.gravatar.com\\\/avatar\\\/240ddbde0248db34fb721d717a5ea73f43746c5e9e1fb1b7a19b725080da6355?s=96&d=mm&r=g\",\"contentUrl\":\"https:\\\/\\\/secure.gravatar.com\\\/avatar\\\/240ddbde0248db34fb721d717a5ea73f43746c5e9e1fb1b7a19b725080da6355?s=96&d=mm&r=g\",\"caption\":\"claudio\"},\"description\":\"GLPI 41543\",\"url\":\"https:\\\/\\\/cursos.ufrrj.br\\\/posgraduacao\\\/profqui\\\/author\\\/claudio\\\/\"}]}<\/script>\n<!-- \/ Yoast SEO plugin. -->","yoast_head_json":{"title":"Ramon Batista Inoc\u00eancio - Programa de Mestrado Profissional em Qu\u00edmica em Rede Nacional (PROFQUI),","robots":{"index":"index","follow":"follow","max-snippet":"max-snippet:-1","max-image-preview":"max-image-preview:large","max-video-preview":"max-video-preview:-1"},"canonical":"https:\/\/cursos.ufrrj.br\/posgraduacao\/profqui\/ramon-batista-inocencio\/","og_locale":"pt_BR","og_type":"article","og_title":"Ramon Batista Inoc\u00eancio - Programa de Mestrado Profissional em Qu\u00edmica em Rede Nacional (PROFQUI),","og_description":"APRENDIZAGEM BASEADA EM PROJETOS (PBL) APLICADA NO ENSINO DE ELETROQUIMICA PARA ALUNOS DO ENSINO MEDIO Palavras &#8211; chave: ABP, metodologia ativa, ensino [&hellip;]","og_url":"https:\/\/cursos.ufrrj.br\/posgraduacao\/profqui\/ramon-batista-inocencio\/","og_site_name":"Programa de Mestrado Profissional em Qu\u00edmica em Rede Nacional (PROFQUI),","article_publisher":"https:\/\/www.facebook.com\/MestradoProfissionalEmGestaoeEstrategia","article_published_time":"2026-08-21T15:29:00+00:00","article_modified_time":"2026-08-21T15:52:04+00:00","author":"claudio","twitter_card":"summary_large_image","twitter_misc":{"Escrito por":"claudio","Est. tempo de leitura":"3 minutos"},"schema":{"@context":"https:\/\/schema.org","@graph":[{"@type":"Article","@id":"https:\/\/cursos.ufrrj.br\/posgraduacao\/profqui\/ramon-batista-inocencio\/#article","isPartOf":{"@id":"https:\/\/cursos.ufrrj.br\/posgraduacao\/profqui\/ramon-batista-inocencio\/"},"author":{"name":"claudio","@id":"https:\/\/cursos.ufrrj.br\/posgraduacao\/profqui\/#\/schema\/person\/94e0f551c65ce00d675b0cbbf8313bdf"},"headline":"Ramon Batista Inoc\u00eancio","datePublished":"2026-08-21T15:29:00+00:00","dateModified":"2026-08-21T15:52:04+00:00","mainEntityOfPage":{"@id":"https:\/\/cursos.ufrrj.br\/posgraduacao\/profqui\/ramon-batista-inocencio\/"},"wordCount":426,"inLanguage":"pt-BR"},{"@type":"WebPage","@id":"https:\/\/cursos.ufrrj.br\/posgraduacao\/profqui\/ramon-batista-inocencio\/","url":"https:\/\/cursos.ufrrj.br\/posgraduacao\/profqui\/ramon-batista-inocencio\/","name":"Ramon Batista Inoc\u00eancio - Programa de Mestrado Profissional em Qu\u00edmica em Rede Nacional (PROFQUI),","isPartOf":{"@id":"https:\/\/cursos.ufrrj.br\/posgraduacao\/profqui\/#website"},"datePublished":"2026-08-21T15:29:00+00:00","dateModified":"2026-08-21T15:52:04+00:00","author":{"@id":"https:\/\/cursos.ufrrj.br\/posgraduacao\/profqui\/#\/schema\/person\/94e0f551c65ce00d675b0cbbf8313bdf"},"breadcrumb":{"@id":"https:\/\/cursos.ufrrj.br\/posgraduacao\/profqui\/ramon-batista-inocencio\/#breadcrumb"},"inLanguage":"pt-BR","potentialAction":[{"@type":"ReadAction","target":["https:\/\/cursos.ufrrj.br\/posgraduacao\/profqui\/ramon-batista-inocencio\/"]}]},{"@type":"BreadcrumbList","@id":"https:\/\/cursos.ufrrj.br\/posgraduacao\/profqui\/ramon-batista-inocencio\/#breadcrumb","itemListElement":[{"@type":"ListItem","position":1,"name":"In\u00edcio","item":"https:\/\/cursos.ufrrj.br\/posgraduacao\/profqui\/"},{"@type":"ListItem","position":2,"name":"Ramon Batista Inoc\u00eancio"}]},{"@type":"WebSite","@id":"https:\/\/cursos.ufrrj.br\/posgraduacao\/profqui\/#website","url":"https:\/\/cursos.ufrrj.br\/posgraduacao\/profqui\/","name":"Programa de Mestrado Profissional em Qu\u00edmica em Rede Nacional (PROFQUI),","description":"Universidade Federal Rural do Rio de Janeiro \u2013 UFRRJ","potentialAction":[{"@type":"SearchAction","target":{"@type":"EntryPoint","urlTemplate":"https:\/\/cursos.ufrrj.br\/posgraduacao\/profqui\/?s={search_term_string}"},"query-input":{"@type":"PropertyValueSpecification","valueRequired":true,"valueName":"search_term_string"}}],"inLanguage":"pt-BR"},{"@type":"Person","@id":"https:\/\/cursos.ufrrj.br\/posgraduacao\/profqui\/#\/schema\/person\/94e0f551c65ce00d675b0cbbf8313bdf","name":"claudio","image":{"@type":"ImageObject","inLanguage":"pt-BR","@id":"https:\/\/secure.gravatar.com\/avatar\/240ddbde0248db34fb721d717a5ea73f43746c5e9e1fb1b7a19b725080da6355?s=96&d=mm&r=g","url":"https:\/\/secure.gravatar.com\/avatar\/240ddbde0248db34fb721d717a5ea73f43746c5e9e1fb1b7a19b725080da6355?s=96&d=mm&r=g","contentUrl":"https:\/\/secure.gravatar.com\/avatar\/240ddbde0248db34fb721d717a5ea73f43746c5e9e1fb1b7a19b725080da6355?s=96&d=mm&r=g","caption":"claudio"},"description":"GLPI 41543","url":"https:\/\/cursos.ufrrj.br\/posgraduacao\/profqui\/author\/claudio\/"}]}},"acf":[],"_links":{"self":[{"href":"https:\/\/cursos.ufrrj.br\/posgraduacao\/profqui\/wp-json\/wp\/v2\/posts\/12441","targetHints":{"allow":["GET"]}}],"collection":[{"href":"https:\/\/cursos.ufrrj.br\/posgraduacao\/profqui\/wp-json\/wp\/v2\/posts"}],"about":[{"href":"https:\/\/cursos.ufrrj.br\/posgraduacao\/profqui\/wp-json\/wp\/v2\/types\/post"}],"author":[{"embeddable":true,"href":"https:\/\/cursos.ufrrj.br\/posgraduacao\/profqui\/wp-json\/wp\/v2\/users\/168"}],"replies":[{"embeddable":true,"href":"https:\/\/cursos.ufrrj.br\/posgraduacao\/profqui\/wp-json\/wp\/v2\/comments?post=12441"}],"version-history":[{"count":7,"href":"https:\/\/cursos.ufrrj.br\/posgraduacao\/profqui\/wp-json\/wp\/v2\/posts\/12441\/revisions"}],"predecessor-version":[{"id":12448,"href":"https:\/\/cursos.ufrrj.br\/posgraduacao\/profqui\/wp-json\/wp\/v2\/posts\/12441\/revisions\/12448"}],"wp:attachment":[{"href":"https:\/\/cursos.ufrrj.br\/posgraduacao\/profqui\/wp-json\/wp\/v2\/media?parent=12441"}],"wp:term":[{"taxonomy":"category","embeddable":true,"href":"https:\/\/cursos.ufrrj.br\/posgraduacao\/profqui\/wp-json\/wp\/v2\/categories?post=12441"},{"taxonomy":"post_tag","embeddable":true,"href":"https:\/\/cursos.ufrrj.br\/posgraduacao\/profqui\/wp-json\/wp\/v2\/tags?post=12441"}],"curies":[{"name":"wp","href":"https:\/\/api.w.org\/{rel}","templated":true}]}}