{"id":12429,"date":"2026-08-21T12:10:18","date_gmt":"2026-08-21T15:10:18","guid":{"rendered":"https:\/\/cursos.ufrrj.br\/posgraduacao\/profqui\/?p=12429"},"modified":"2026-08-21T12:55:33","modified_gmt":"2026-08-21T15:55:33","slug":"valeria-aparecida-leitao-ribeiro","status":"publish","type":"post","link":"https:\/\/cursos.ufrrj.br\/posgraduacao\/profqui\/valeria-aparecida-leitao-ribeiro\/","title":{"rendered":"Valeria Aparecida Leit\u00e3o Ribeiro"},"content":{"rendered":"\n<h3 class=\"wp-block-heading has-black-color has-text-color has-link-color wp-elements-1\" style=\"font-size:26px\">Uso do boldo do telhado verde do Col\u00e9gio Estadual Erich Walter Heine: uma alternativa no ensino de qu\u00edmica<\/h3>\n\n\n\n<p class=\"has-black-color has-text-color has-link-color wp-elements-2 wp-block-paragraph\" style=\"font-size:14px\"><br><strong>Palavras-chave:<\/strong> Plectranthus amboinicus, Plantas medicinais, Ensino de qu\u00edmica, Telhado verde <br><strong>Data da defesa <\/strong>: 06\/12\/2019<\/p>\n\n\n\n<h3 class=\"wp-block-heading has-black-color has-text-color has-link-color wp-elements-3\" style=\"font-size:20px\">Resumo<\/h3>\n\n\n\n<p class=\"has-black-color has-text-color has-link-color wp-elements-4 wp-block-paragraph\" style=\"font-size:14px\">O ecotelhado foi implantado no Col\u00e9gio Estadual Erich Walter Heine (CEEWH), uma dupla escola (ensino m\u00e9dio integrado em Administra\u00e7\u00e3o), quando na sua inaugura\u00e7\u00e3o, em 2011, com o intuito de diminuir a sensa\u00e7\u00e3o t\u00e9rmica do ambiente escolar, captar a \u00e1gua da chuva para uso na irriga\u00e7\u00e3o e em atividades educacionais e interdisciplinares. O projeto Telhado Verde consiste em cuidar das centenas de mudas de boldo que se localizam no telhado do col\u00e9gio, classificado como o \u00fanico col\u00e9gio sustent\u00e1vel da Am\u00e9rica Latina. Sua utiliza\u00e7\u00e3o traz benef\u00edcios como a melhoria t\u00e9rmica e a purifica\u00e7\u00e3o do ar, que ocorre com a absor\u00e7\u00e3o de CO2 pela vegeta\u00e7\u00e3o e libera\u00e7\u00e3o de oxig\u00eanio, al\u00e9m de ser uma \u00e1rea que pode ser utilizada como um espa\u00e7o de estudo de diversas \u00e1reas, integrando as disciplinas no ambiente escolar. Assim esse trabalho visa utilizar o boldo do telhado verde do CEEWH como uma oficina tem\u00e1tica para auxiliar aos estudantes nas aulas de qu\u00edmica do 3\u00ba ano do Ensino M\u00e9dio, na constru\u00e7\u00e3o de alguns conceitos de Qu\u00edmica Org\u00e2nica, tomando como base os componentes qu\u00edmicos presentes nessa planta medicinal t\u00e3o popularmente conhecida. As oficinas tem\u00e1ticas constituem uma ferramenta alternativa utilizada pelos professores para inserir um contexto da realidade dos estudantes na sala de aula. A escolha de um tema relevante do cotidiano pode promover aprendizagem e despertar o interesse do estudante nas aulas. O uso do boldo como fonte de pesquisa pode servir como forma de motiva\u00e7\u00e3o e contextualiza\u00e7\u00e3o, aproximando o conte\u00fado da qu\u00edmica com o cotidiano do aluno.<\/p>\n\n\n\n<p class=\"has-black-color has-text-color has-link-color wp-elements-5 wp-block-paragraph\" style=\"font-size:14px\">Nesse trabalho, a oficina tem\u00e1tica foi realizada em sete etapas sendo, inicialmente, aplicado um question\u00e1rio para verificar o conhecimento dos estudantes do 3\u00aa ano do ensino m\u00e9dio sobre as plantas medicinais, defini\u00e7\u00e3o, uso e riscos. Em seguida, os alunos realizaram pesquisa sobre alguns constituintes qu\u00edmicos do boldo respons\u00e1veis, provavelmente, por suas propriedades medicinais, uma pesquisa sobre plantas medicinais em geral e uma sobre algumas das variedades do boldo conhecidas.<\/p>\n\n\n\n<p class=\"has-black-color has-text-color has-link-color wp-elements-6 wp-block-paragraph\" style=\"font-size:14px\">A experimenta\u00e7\u00e3o tamb\u00e9m \u00e9 uma parte muito importante da oficina tem\u00e1tica e, assim, foram preparados extratos aquoso e hidroalc\u00f3olico das folhas do boldo, a fim de se buscar informa\u00e7\u00f5es sobre a sua composi\u00e7\u00e3o qu\u00edmica b\u00e1sica, al\u00e9m de ter sido feita uma exsicata do boldo para an\u00e1lise de sua esp\u00e9cie, sendo classificado como Plectranthus amboinicus. Com o resultado dessa pesquisa e experimenta\u00e7\u00f5es p\u00f4de-se trabalhar as fun\u00e7\u00f5es org\u00e2nicas existentes nos compostos refor\u00e7ando o conhecimento j\u00e1 adquirido em aula, al\u00e9m de ter-se criado o perfil do boldo cultivado no telhado verde do CEEWH. Como produto desse trabalho foi elaborado, pelos alunos, uma cartilha com o intuito de informar \u00e0 comunidade escolar e a popula\u00e7\u00e3o circunvizinha sobre o uso correto dos fitoter\u00e1picos, com destaque para o boldo. Esse material promover\u00e1 uma intera\u00e7\u00e3o entre os alunos e a comunidade local, e alertar\u00e1 sobre o uso de planta medicinal, que dependendo da dosagem do princ\u00edpio ativo pode promover benef\u00edcios, mas se utilizado indiscriminadamente pode causar riscos ou danos \u00e0 sa\u00fade. Com esse projeto buscou-se motivar os alunos para o ensino da qu\u00edmica, proporcionando uma aprendizagem atrav\u00e9s das aulas contextualizadas.<\/p>\n\n\n\n<h3 class=\"wp-block-heading has-black-color has-text-color has-link-color wp-elements-7\" style=\"font-size:20px\">Membros da banca<\/h3>\n\n\n\n<ul class=\"wp-block-list\">\n<li class=\"has-black-color has-text-color has-link-color wp-elements-8\" style=\"font-size:14px\"><strong>Presidente<\/strong> &#8211; Rosane Nora Castro &#8211; UFRRJ<\/li>\n\n\n\n<li class=\"has-black-color has-text-color has-link-color wp-elements-9\" style=\"font-size:14px\"><strong>Interno<\/strong> &#8211; Marcelo Hawrylak Herbst &#8211; UFRRJ<\/li>\n\n\n\n<li class=\"has-black-color has-text-color has-link-color wp-elements-10\" style=\"font-size:14px\"><strong>Externo ao Programa<\/strong> &#8211; 1809123 &#8211;  Andre  Marque dos Santos UFRRJ<\/li>\n\n\n\n<li class=\"has-black-color has-text-color has-link-color wp-elements-11\" style=\"font-size:14px\"><strong>Externa \u00e0 Institui\u00e7\u00e3o<\/strong> &#8211; Frances Regiane dos Santos<\/li>\n\n\n\n<li class=\"has-black-color has-text-color has-link-color wp-elements-12\" style=\"font-size:14px\"><strong>Externo \u00e0 Institui\u00e7\u00e3o<\/strong> &#8211; Vitor Sueth Santiago  \u2013 IFRJ<\/li>\n<\/ul>\n\n\n\n<p class=\"wp-block-paragraph\" style=\"font-size:14px\"><a href=\"https:\/\/rima.ufrrj.br\/jspui\/bitstream\/20.500.14407\/15742\/3\/2019%20-%20Valeria%20Aparecida%20Leit%c3%a3o%20Ribeiro.pdf\" target=\"_blank\" rel=\"noreferrer noopener\"><mark style=\"background-color:#8ed1fc\" class=\"has-inline-color has-black-color\"><strong>Vers\u00e3o final da disserta\u00e7\u00e3o<\/strong><\/mark><\/a><\/p>\n\n\n\n<p class=\"wp-block-paragraph\"><\/p>\n","protected":false},"excerpt":{"rendered":"<p>Uso do boldo do telhado verde do Col\u00e9gio Estadual Erich Walter Heine: uma alternativa no ensino de qu\u00edmica Palavras-chave: Plectranthus amboinicus, Plantas [&hellip;]<\/p>\n","protected":false},"author":168,"featured_media":0,"comment_status":"closed","ping_status":"closed","sticky":false,"template":"","format":"standard","meta":{"_acf_changed":false,"footnotes":"","_links_to":"","_links_to_target":""},"categories":[1],"tags":[],"class_list":["post-12429","post","type-post","status-publish","format-standard","hentry","category-sem-categoria"],"yoast_head":"<!-- This site is optimized with the Yoast SEO plugin v28.2 - https:\/\/yoast.com\/product\/yoast-seo-wordpress\/ -->\n<title>Valeria Aparecida Leit\u00e3o Ribeiro - Programa de Mestrado Profissional em Qu\u00edmica em Rede Nacional (PROFQUI),<\/title>\n<meta name=\"robots\" content=\"index, follow, max-snippet:-1, max-image-preview:large, max-video-preview:-1\" \/>\n<link rel=\"canonical\" href=\"https:\/\/cursos.ufrrj.br\/posgraduacao\/profqui\/valeria-aparecida-leitao-ribeiro\/\" \/>\n<meta property=\"og:locale\" content=\"pt_BR\" \/>\n<meta property=\"og:type\" content=\"article\" \/>\n<meta property=\"og:title\" content=\"Valeria Aparecida Leit\u00e3o Ribeiro - Programa de Mestrado Profissional em Qu\u00edmica em Rede Nacional (PROFQUI),\" \/>\n<meta property=\"og:description\" content=\"Uso do boldo do telhado verde do Col\u00e9gio Estadual Erich Walter Heine: uma alternativa no ensino de qu\u00edmica Palavras-chave: Plectranthus amboinicus, Plantas [&hellip;]\" \/>\n<meta property=\"og:url\" content=\"https:\/\/cursos.ufrrj.br\/posgraduacao\/profqui\/valeria-aparecida-leitao-ribeiro\/\" \/>\n<meta property=\"og:site_name\" content=\"Programa de Mestrado Profissional em Qu\u00edmica em Rede Nacional (PROFQUI),\" \/>\n<meta property=\"article:publisher\" content=\"https:\/\/www.facebook.com\/MestradoProfissionalEmGestaoeEstrategia\" \/>\n<meta property=\"article:published_time\" content=\"2026-08-21T15:10:18+00:00\" \/>\n<meta property=\"article:modified_time\" content=\"2026-08-21T15:55:33+00:00\" \/>\n<meta name=\"author\" content=\"claudio\" \/>\n<meta name=\"twitter:card\" content=\"summary_large_image\" \/>\n<meta name=\"twitter:label1\" content=\"Escrito por\" \/>\n\t<meta name=\"twitter:data1\" content=\"claudio\" \/>\n\t<meta name=\"twitter:label2\" content=\"Est. tempo de leitura\" \/>\n\t<meta name=\"twitter:data2\" content=\"4 minutos\" \/>\n<script type=\"application\/ld+json\" class=\"yoast-schema-graph\">{\"@context\":\"https:\\\/\\\/schema.org\",\"@graph\":[{\"@type\":\"Article\",\"@id\":\"https:\\\/\\\/cursos.ufrrj.br\\\/posgraduacao\\\/profqui\\\/valeria-aparecida-leitao-ribeiro\\\/#article\",\"isPartOf\":{\"@id\":\"https:\\\/\\\/cursos.ufrrj.br\\\/posgraduacao\\\/profqui\\\/valeria-aparecida-leitao-ribeiro\\\/\"},\"author\":{\"name\":\"claudio\",\"@id\":\"https:\\\/\\\/cursos.ufrrj.br\\\/posgraduacao\\\/profqui\\\/#\\\/schema\\\/person\\\/94e0f551c65ce00d675b0cbbf8313bdf\"},\"headline\":\"Valeria Aparecida Leit\u00e3o Ribeiro\",\"datePublished\":\"2026-08-21T15:10:18+00:00\",\"dateModified\":\"2026-08-21T15:55:33+00:00\",\"mainEntityOfPage\":{\"@id\":\"https:\\\/\\\/cursos.ufrrj.br\\\/posgraduacao\\\/profqui\\\/valeria-aparecida-leitao-ribeiro\\\/\"},\"wordCount\":647,\"inLanguage\":\"pt-BR\"},{\"@type\":\"WebPage\",\"@id\":\"https:\\\/\\\/cursos.ufrrj.br\\\/posgraduacao\\\/profqui\\\/valeria-aparecida-leitao-ribeiro\\\/\",\"url\":\"https:\\\/\\\/cursos.ufrrj.br\\\/posgraduacao\\\/profqui\\\/valeria-aparecida-leitao-ribeiro\\\/\",\"name\":\"Valeria Aparecida Leit\u00e3o Ribeiro - Programa de Mestrado Profissional em Qu\u00edmica em Rede Nacional (PROFQUI),\",\"isPartOf\":{\"@id\":\"https:\\\/\\\/cursos.ufrrj.br\\\/posgraduacao\\\/profqui\\\/#website\"},\"datePublished\":\"2026-08-21T15:10:18+00:00\",\"dateModified\":\"2026-08-21T15:55:33+00:00\",\"author\":{\"@id\":\"https:\\\/\\\/cursos.ufrrj.br\\\/posgraduacao\\\/profqui\\\/#\\\/schema\\\/person\\\/94e0f551c65ce00d675b0cbbf8313bdf\"},\"breadcrumb\":{\"@id\":\"https:\\\/\\\/cursos.ufrrj.br\\\/posgraduacao\\\/profqui\\\/valeria-aparecida-leitao-ribeiro\\\/#breadcrumb\"},\"inLanguage\":\"pt-BR\",\"potentialAction\":[{\"@type\":\"ReadAction\",\"target\":[\"https:\\\/\\\/cursos.ufrrj.br\\\/posgraduacao\\\/profqui\\\/valeria-aparecida-leitao-ribeiro\\\/\"]}]},{\"@type\":\"BreadcrumbList\",\"@id\":\"https:\\\/\\\/cursos.ufrrj.br\\\/posgraduacao\\\/profqui\\\/valeria-aparecida-leitao-ribeiro\\\/#breadcrumb\",\"itemListElement\":[{\"@type\":\"ListItem\",\"position\":1,\"name\":\"In\u00edcio\",\"item\":\"https:\\\/\\\/cursos.ufrrj.br\\\/posgraduacao\\\/profqui\\\/\"},{\"@type\":\"ListItem\",\"position\":2,\"name\":\"Valeria Aparecida Leit\u00e3o Ribeiro\"}]},{\"@type\":\"WebSite\",\"@id\":\"https:\\\/\\\/cursos.ufrrj.br\\\/posgraduacao\\\/profqui\\\/#website\",\"url\":\"https:\\\/\\\/cursos.ufrrj.br\\\/posgraduacao\\\/profqui\\\/\",\"name\":\"Programa de Mestrado Profissional em Qu\u00edmica em Rede Nacional (PROFQUI),\",\"description\":\"Universidade Federal Rural do Rio de Janeiro \u2013 UFRRJ\",\"potentialAction\":[{\"@type\":\"SearchAction\",\"target\":{\"@type\":\"EntryPoint\",\"urlTemplate\":\"https:\\\/\\\/cursos.ufrrj.br\\\/posgraduacao\\\/profqui\\\/?s={search_term_string}\"},\"query-input\":{\"@type\":\"PropertyValueSpecification\",\"valueRequired\":true,\"valueName\":\"search_term_string\"}}],\"inLanguage\":\"pt-BR\"},{\"@type\":\"Person\",\"@id\":\"https:\\\/\\\/cursos.ufrrj.br\\\/posgraduacao\\\/profqui\\\/#\\\/schema\\\/person\\\/94e0f551c65ce00d675b0cbbf8313bdf\",\"name\":\"claudio\",\"image\":{\"@type\":\"ImageObject\",\"inLanguage\":\"pt-BR\",\"@id\":\"https:\\\/\\\/secure.gravatar.com\\\/avatar\\\/240ddbde0248db34fb721d717a5ea73f43746c5e9e1fb1b7a19b725080da6355?s=96&d=mm&r=g\",\"url\":\"https:\\\/\\\/secure.gravatar.com\\\/avatar\\\/240ddbde0248db34fb721d717a5ea73f43746c5e9e1fb1b7a19b725080da6355?s=96&d=mm&r=g\",\"contentUrl\":\"https:\\\/\\\/secure.gravatar.com\\\/avatar\\\/240ddbde0248db34fb721d717a5ea73f43746c5e9e1fb1b7a19b725080da6355?s=96&d=mm&r=g\",\"caption\":\"claudio\"},\"description\":\"GLPI 41543\",\"url\":\"https:\\\/\\\/cursos.ufrrj.br\\\/posgraduacao\\\/profqui\\\/author\\\/claudio\\\/\"}]}<\/script>\n<!-- \/ Yoast SEO plugin. -->","yoast_head_json":{"title":"Valeria Aparecida Leit\u00e3o Ribeiro - Programa de Mestrado Profissional em Qu\u00edmica em Rede Nacional (PROFQUI),","robots":{"index":"index","follow":"follow","max-snippet":"max-snippet:-1","max-image-preview":"max-image-preview:large","max-video-preview":"max-video-preview:-1"},"canonical":"https:\/\/cursos.ufrrj.br\/posgraduacao\/profqui\/valeria-aparecida-leitao-ribeiro\/","og_locale":"pt_BR","og_type":"article","og_title":"Valeria Aparecida Leit\u00e3o Ribeiro - Programa de Mestrado Profissional em Qu\u00edmica em Rede Nacional (PROFQUI),","og_description":"Uso do boldo do telhado verde do Col\u00e9gio Estadual Erich Walter Heine: uma alternativa no ensino de qu\u00edmica Palavras-chave: Plectranthus amboinicus, Plantas [&hellip;]","og_url":"https:\/\/cursos.ufrrj.br\/posgraduacao\/profqui\/valeria-aparecida-leitao-ribeiro\/","og_site_name":"Programa de Mestrado Profissional em Qu\u00edmica em Rede Nacional (PROFQUI),","article_publisher":"https:\/\/www.facebook.com\/MestradoProfissionalEmGestaoeEstrategia","article_published_time":"2026-08-21T15:10:18+00:00","article_modified_time":"2026-08-21T15:55:33+00:00","author":"claudio","twitter_card":"summary_large_image","twitter_misc":{"Escrito por":"claudio","Est. tempo de leitura":"4 minutos"},"schema":{"@context":"https:\/\/schema.org","@graph":[{"@type":"Article","@id":"https:\/\/cursos.ufrrj.br\/posgraduacao\/profqui\/valeria-aparecida-leitao-ribeiro\/#article","isPartOf":{"@id":"https:\/\/cursos.ufrrj.br\/posgraduacao\/profqui\/valeria-aparecida-leitao-ribeiro\/"},"author":{"name":"claudio","@id":"https:\/\/cursos.ufrrj.br\/posgraduacao\/profqui\/#\/schema\/person\/94e0f551c65ce00d675b0cbbf8313bdf"},"headline":"Valeria Aparecida Leit\u00e3o Ribeiro","datePublished":"2026-08-21T15:10:18+00:00","dateModified":"2026-08-21T15:55:33+00:00","mainEntityOfPage":{"@id":"https:\/\/cursos.ufrrj.br\/posgraduacao\/profqui\/valeria-aparecida-leitao-ribeiro\/"},"wordCount":647,"inLanguage":"pt-BR"},{"@type":"WebPage","@id":"https:\/\/cursos.ufrrj.br\/posgraduacao\/profqui\/valeria-aparecida-leitao-ribeiro\/","url":"https:\/\/cursos.ufrrj.br\/posgraduacao\/profqui\/valeria-aparecida-leitao-ribeiro\/","name":"Valeria Aparecida Leit\u00e3o Ribeiro - Programa de Mestrado Profissional em Qu\u00edmica em Rede Nacional (PROFQUI),","isPartOf":{"@id":"https:\/\/cursos.ufrrj.br\/posgraduacao\/profqui\/#website"},"datePublished":"2026-08-21T15:10:18+00:00","dateModified":"2026-08-21T15:55:33+00:00","author":{"@id":"https:\/\/cursos.ufrrj.br\/posgraduacao\/profqui\/#\/schema\/person\/94e0f551c65ce00d675b0cbbf8313bdf"},"breadcrumb":{"@id":"https:\/\/cursos.ufrrj.br\/posgraduacao\/profqui\/valeria-aparecida-leitao-ribeiro\/#breadcrumb"},"inLanguage":"pt-BR","potentialAction":[{"@type":"ReadAction","target":["https:\/\/cursos.ufrrj.br\/posgraduacao\/profqui\/valeria-aparecida-leitao-ribeiro\/"]}]},{"@type":"BreadcrumbList","@id":"https:\/\/cursos.ufrrj.br\/posgraduacao\/profqui\/valeria-aparecida-leitao-ribeiro\/#breadcrumb","itemListElement":[{"@type":"ListItem","position":1,"name":"In\u00edcio","item":"https:\/\/cursos.ufrrj.br\/posgraduacao\/profqui\/"},{"@type":"ListItem","position":2,"name":"Valeria Aparecida Leit\u00e3o Ribeiro"}]},{"@type":"WebSite","@id":"https:\/\/cursos.ufrrj.br\/posgraduacao\/profqui\/#website","url":"https:\/\/cursos.ufrrj.br\/posgraduacao\/profqui\/","name":"Programa de Mestrado Profissional em Qu\u00edmica em Rede Nacional (PROFQUI),","description":"Universidade Federal Rural do Rio de Janeiro \u2013 UFRRJ","potentialAction":[{"@type":"SearchAction","target":{"@type":"EntryPoint","urlTemplate":"https:\/\/cursos.ufrrj.br\/posgraduacao\/profqui\/?s={search_term_string}"},"query-input":{"@type":"PropertyValueSpecification","valueRequired":true,"valueName":"search_term_string"}}],"inLanguage":"pt-BR"},{"@type":"Person","@id":"https:\/\/cursos.ufrrj.br\/posgraduacao\/profqui\/#\/schema\/person\/94e0f551c65ce00d675b0cbbf8313bdf","name":"claudio","image":{"@type":"ImageObject","inLanguage":"pt-BR","@id":"https:\/\/secure.gravatar.com\/avatar\/240ddbde0248db34fb721d717a5ea73f43746c5e9e1fb1b7a19b725080da6355?s=96&d=mm&r=g","url":"https:\/\/secure.gravatar.com\/avatar\/240ddbde0248db34fb721d717a5ea73f43746c5e9e1fb1b7a19b725080da6355?s=96&d=mm&r=g","contentUrl":"https:\/\/secure.gravatar.com\/avatar\/240ddbde0248db34fb721d717a5ea73f43746c5e9e1fb1b7a19b725080da6355?s=96&d=mm&r=g","caption":"claudio"},"description":"GLPI 41543","url":"https:\/\/cursos.ufrrj.br\/posgraduacao\/profqui\/author\/claudio\/"}]}},"acf":[],"_links":{"self":[{"href":"https:\/\/cursos.ufrrj.br\/posgraduacao\/profqui\/wp-json\/wp\/v2\/posts\/12429","targetHints":{"allow":["GET"]}}],"collection":[{"href":"https:\/\/cursos.ufrrj.br\/posgraduacao\/profqui\/wp-json\/wp\/v2\/posts"}],"about":[{"href":"https:\/\/cursos.ufrrj.br\/posgraduacao\/profqui\/wp-json\/wp\/v2\/types\/post"}],"author":[{"embeddable":true,"href":"https:\/\/cursos.ufrrj.br\/posgraduacao\/profqui\/wp-json\/wp\/v2\/users\/168"}],"replies":[{"embeddable":true,"href":"https:\/\/cursos.ufrrj.br\/posgraduacao\/profqui\/wp-json\/wp\/v2\/comments?post=12429"}],"version-history":[{"count":10,"href":"https:\/\/cursos.ufrrj.br\/posgraduacao\/profqui\/wp-json\/wp\/v2\/posts\/12429\/revisions"}],"predecessor-version":[{"id":12439,"href":"https:\/\/cursos.ufrrj.br\/posgraduacao\/profqui\/wp-json\/wp\/v2\/posts\/12429\/revisions\/12439"}],"wp:attachment":[{"href":"https:\/\/cursos.ufrrj.br\/posgraduacao\/profqui\/wp-json\/wp\/v2\/media?parent=12429"}],"wp:term":[{"taxonomy":"category","embeddable":true,"href":"https:\/\/cursos.ufrrj.br\/posgraduacao\/profqui\/wp-json\/wp\/v2\/categories?post=12429"},{"taxonomy":"post_tag","embeddable":true,"href":"https:\/\/cursos.ufrrj.br\/posgraduacao\/profqui\/wp-json\/wp\/v2\/tags?post=12429"}],"curies":[{"name":"wp","href":"https:\/\/api.w.org\/{rel}","templated":true}]}}