{"id":12380,"date":"2026-08-20T12:37:36","date_gmt":"2026-08-20T15:37:36","guid":{"rendered":"https:\/\/cursos.ufrrj.br\/posgraduacao\/profqui\/?p=12380"},"modified":"2026-08-25T11:51:10","modified_gmt":"2026-08-25T14:51:10","slug":"marcus-vinicius-hungaro-faria","status":"publish","type":"post","link":"https:\/\/cursos.ufrrj.br\/posgraduacao\/profqui\/marcus-vinicius-hungaro-faria\/","title":{"rendered":"Marcus Vinicius Hungaro Faria"},"content":{"rendered":"\n<h3 class=\"wp-block-heading has-black-color has-text-color has-link-color wp-elements-1\">Desenvolvimento e Aplica\u00e7\u00e3o de uma Estrat\u00e9gia Combinando Ferramentas Facilitadoras de Ensino para o Ensino de Qu\u00edmica no Ensino M\u00e9dio, incluindo M\u00e9todos Computacionais e a Arte de Rua Madonnaro<\/h3>\n\n\n\n<p class=\"has-black-color has-text-color has-link-color wp-elements-2 wp-block-paragraph\" style=\"font-size:14px\"><strong>Palavras-Chave:<\/strong> Educa\u00e7\u00e3o em Qu\u00edmica, Ferramentas Faciitadoras de Ensino, Programas Educacionais, Qu\u00edmica Computacional<br><strong>Data da defesa <\/strong>: 10\/07\/2019<\/p>\n\n\n\n<p class=\"has-black-color has-text-color has-link-color wp-elements-3 wp-block-paragraph\" style=\"font-size:20px\"><strong>Resumo<\/strong><\/p>\n\n\n\n<p class=\"has-black-color has-text-color has-link-color wp-elements-4 wp-block-paragraph\" style=\"font-size:14px\">O presente trabalho apresentar\u00e1 uma investiga\u00e7\u00e3o a respeito do uso de m\u00e9todos computacionais como ferramentas para o ensino de Qu\u00edmica para alunos do Ensino M\u00e9dio, em uma escola particular no munic\u00edpio de Serop\u00e9dica. O trabalho foi realizado em tr\u00eas fases. A fase 1 do trabalho, foi composta por 3 etapas, incluindo a leitura e posterior mesa redonda para debates de um livro pr\u00e9-selecionado que trata do tema \u201cHist\u00f3ria da Ci\u00eancia\u201d. Logo ap\u00f3s, foi aplicado o jogo \u201cbaralho da Qu\u00edmica da UFRJ\u201d, como fonte did\u00e1tica alternativa para aprendizado do tema estrutura at\u00f4mica e tabela peri\u00f3dica. O jogo trata aspectos importantes dentro do conte\u00fado visto em sala de aula, tais como: n\u00famero at\u00f4mico, n\u00famero de el\u00e9trons na camada de val\u00eancia, posicionamento dos elementos na tabela peri\u00f3dica e divis\u00e3o em grupos dos elementos da tabela peri\u00f3dica (metais, ametais, metais de transi\u00e7\u00e3o interna e externa e os gases nobres). Ao fim da fase 1, foi aplicado o jogo did\u00e1tico on-line \u201cjogo de adivinhas da tabela peri\u00f3dica\u201d, terminando com \u00eaxito a terceira etapa. Na fase 2 foi iniciada com a aplica\u00e7\u00e3o de duas aulas pr\u00e1ticas, utilizando o programa educacional ACD\/ChemSketch\u00ae pertencente ao pacote ACD\/Labs. As aulas focaram nas propriedades peri\u00f3dicas da tabela peri\u00f3dica, para que os alunos pudessem visualizar melhor algumas propriedades peri\u00f3dicas dos elementos qu\u00edmicos. Ao final da fase 2, usando como refer\u00eancia a parte l\u00fadica que a visualiza\u00e7\u00e3o de imagens podem oferecer e aproveitando as imagens projetadas em tr\u00eas dimens\u00f5es que s\u00e3o oferecidas pelas ferramentas computacionais, um projeto interdisciplinar envolvendo as disciplinas de Artes, Matem\u00e1tica e Qu\u00edmica foi realizada com o intuito de potencializar o ensino de Qu\u00edmica atrav\u00e9s da arte de rua Madonnaro. A fase 3 foi realizada com o objetivo de utilizar aplicativos de celulares, como por exemplo, o aplicativo gratuito para a plataforma digital Android, Mo-Cubed, voltados para o ensino da Qu\u00edmica, que possam fornecer informa\u00e7\u00f5es sobre rea\u00e7\u00f5es Qu\u00edmicas e propriedades eletr\u00f4nicas dos elementos qu\u00edmicos. Os resultados obtidos s\u00e3o animadores, uma vez que os alunos est\u00e3o demonstrando maior interesse por aulas diferentes dos padr\u00f5es tradicionais, expositivas, al\u00e9m, de estarem melhorando seus rendimentos escolares nas avalia\u00e7\u00f5es educacionais rotineiras e suas perspectivas sobre a ci\u00eancia de uma forma geral.<\/p>\n\n\n\n<p class=\"has-black-color has-text-color has-link-color wp-elements-5 wp-block-paragraph\" style=\"font-size:20px\"><strong>Membros da banc<\/strong>a<\/p>\n\n\n\n<ul class=\"wp-block-list\">\n<li class=\"has-black-color has-text-color has-link-color wp-elements-6\"><strong>Presidente <\/strong>&#8211; CARLOS MAURICIO RABELLO DE SANTANNA &#8211; UFRRJ<\/li>\n\n\n\n<li class=\"has-black-color has-text-color has-link-color wp-elements-7\"><strong>Interno <\/strong>&#8211; ANDRE MARQUES DOS SANTOS &#8211; UFRRJ<\/li>\n\n\n\n<li class=\"has-black-color has-text-color has-link-color wp-elements-8\"><strong>Interno<\/strong> &#8211; &#8211; MARCELO HAWRYLAK HERBST &#8211; UFRRJ<\/li>\n\n\n\n<li class=\"has-black-color has-text-color has-link-color wp-elements-9\"><strong>Externo <\/strong>\u00e0 Institui\u00e7\u00e3o &#8211; PAULA MACEDO LESSA DOS SANTOS &#8211; UFRJ<\/li>\n\n\n\n<li class=\"has-black-color has-text-color has-link-color wp-elements-10\"><strong>Externo<\/strong> \u00e0 Institui\u00e7\u00e3o &#8211; SIMONE PEREIRA DA SILVA RIBEIRO \u2013 UFRJ<\/li>\n<\/ul>\n\n\n\n<p class=\"has-black-color has-text-color has-link-color wp-elements-11 wp-block-paragraph\" style=\"font-size:14px\"><a href=\"https:\/\/rima.ufrrj.br\/jspui\/bitstream\/20.500.14407\/15730\/3\/2019%20-%20Marcus%20Vin%c3%adcius%20Hungaro%20Faria.pdf\" target=\"_blank\" rel=\"noreferrer noopener\"><mark style=\"background-color:#8ed1fc\" class=\"has-inline-color\"><strong>Vers\u00e3o final da disserta\u00e7\u00e3o<\/strong><\/mark><\/a><\/p>\n\n\n\n<p class=\"wp-block-paragraph\"><\/p>\n","protected":false},"excerpt":{"rendered":"<p>Desenvolvimento e Aplica\u00e7\u00e3o de uma Estrat\u00e9gia Combinando Ferramentas Facilitadoras de Ensino para o Ensino de Qu\u00edmica no Ensino M\u00e9dio, incluindo M\u00e9todos Computacionais [&hellip;]<\/p>\n","protected":false},"author":168,"featured_media":0,"comment_status":"closed","ping_status":"closed","sticky":false,"template":"","format":"standard","meta":{"_acf_changed":false,"footnotes":"","_links_to":"","_links_to_target":""},"categories":[1],"tags":[],"class_list":["post-12380","post","type-post","status-publish","format-standard","hentry","category-sem-categoria"],"yoast_head":"<!-- This site is optimized with the Yoast SEO plugin v28.2 - https:\/\/yoast.com\/product\/yoast-seo-wordpress\/ -->\n<title>Marcus Vinicius Hungaro Faria - Programa de Mestrado Profissional em Qu\u00edmica em Rede Nacional (PROFQUI),<\/title>\n<meta name=\"robots\" content=\"index, follow, max-snippet:-1, max-image-preview:large, max-video-preview:-1\" \/>\n<link rel=\"canonical\" href=\"https:\/\/cursos.ufrrj.br\/posgraduacao\/profqui\/marcus-vinicius-hungaro-faria\/\" \/>\n<meta property=\"og:locale\" content=\"pt_BR\" \/>\n<meta property=\"og:type\" content=\"article\" \/>\n<meta property=\"og:title\" content=\"Marcus Vinicius Hungaro Faria - Programa de Mestrado Profissional em Qu\u00edmica em Rede Nacional (PROFQUI),\" \/>\n<meta property=\"og:description\" content=\"Desenvolvimento e Aplica\u00e7\u00e3o de uma Estrat\u00e9gia Combinando Ferramentas Facilitadoras de Ensino para o Ensino de Qu\u00edmica no Ensino M\u00e9dio, incluindo M\u00e9todos Computacionais [&hellip;]\" \/>\n<meta property=\"og:url\" content=\"https:\/\/cursos.ufrrj.br\/posgraduacao\/profqui\/marcus-vinicius-hungaro-faria\/\" \/>\n<meta property=\"og:site_name\" content=\"Programa de Mestrado Profissional em Qu\u00edmica em Rede Nacional (PROFQUI),\" \/>\n<meta property=\"article:publisher\" content=\"https:\/\/www.facebook.com\/MestradoProfissionalEmGestaoeEstrategia\" \/>\n<meta property=\"article:published_time\" content=\"2026-08-20T15:37:36+00:00\" \/>\n<meta property=\"article:modified_time\" content=\"2026-08-25T14:51:10+00:00\" \/>\n<meta name=\"author\" content=\"claudio\" \/>\n<meta name=\"twitter:card\" content=\"summary_large_image\" \/>\n<meta name=\"twitter:label1\" content=\"Escrito por\" \/>\n\t<meta name=\"twitter:data1\" content=\"claudio\" \/>\n\t<meta name=\"twitter:label2\" content=\"Est. tempo de leitura\" \/>\n\t<meta name=\"twitter:data2\" content=\"3 minutos\" \/>\n<script type=\"application\/ld+json\" class=\"yoast-schema-graph\">{\"@context\":\"https:\\\/\\\/schema.org\",\"@graph\":[{\"@type\":\"Article\",\"@id\":\"https:\\\/\\\/cursos.ufrrj.br\\\/posgraduacao\\\/profqui\\\/marcus-vinicius-hungaro-faria\\\/#article\",\"isPartOf\":{\"@id\":\"https:\\\/\\\/cursos.ufrrj.br\\\/posgraduacao\\\/profqui\\\/marcus-vinicius-hungaro-faria\\\/\"},\"author\":{\"name\":\"claudio\",\"@id\":\"https:\\\/\\\/cursos.ufrrj.br\\\/posgraduacao\\\/profqui\\\/#\\\/schema\\\/person\\\/94e0f551c65ce00d675b0cbbf8313bdf\"},\"headline\":\"Marcus Vinicius Hungaro Faria\",\"datePublished\":\"2026-08-20T15:37:36+00:00\",\"dateModified\":\"2026-08-25T14:51:10+00:00\",\"mainEntityOfPage\":{\"@id\":\"https:\\\/\\\/cursos.ufrrj.br\\\/posgraduacao\\\/profqui\\\/marcus-vinicius-hungaro-faria\\\/\"},\"wordCount\":519,\"inLanguage\":\"pt-BR\"},{\"@type\":\"WebPage\",\"@id\":\"https:\\\/\\\/cursos.ufrrj.br\\\/posgraduacao\\\/profqui\\\/marcus-vinicius-hungaro-faria\\\/\",\"url\":\"https:\\\/\\\/cursos.ufrrj.br\\\/posgraduacao\\\/profqui\\\/marcus-vinicius-hungaro-faria\\\/\",\"name\":\"Marcus Vinicius Hungaro Faria - Programa de Mestrado Profissional em Qu\u00edmica em Rede Nacional (PROFQUI),\",\"isPartOf\":{\"@id\":\"https:\\\/\\\/cursos.ufrrj.br\\\/posgraduacao\\\/profqui\\\/#website\"},\"datePublished\":\"2026-08-20T15:37:36+00:00\",\"dateModified\":\"2026-08-25T14:51:10+00:00\",\"author\":{\"@id\":\"https:\\\/\\\/cursos.ufrrj.br\\\/posgraduacao\\\/profqui\\\/#\\\/schema\\\/person\\\/94e0f551c65ce00d675b0cbbf8313bdf\"},\"breadcrumb\":{\"@id\":\"https:\\\/\\\/cursos.ufrrj.br\\\/posgraduacao\\\/profqui\\\/marcus-vinicius-hungaro-faria\\\/#breadcrumb\"},\"inLanguage\":\"pt-BR\",\"potentialAction\":[{\"@type\":\"ReadAction\",\"target\":[\"https:\\\/\\\/cursos.ufrrj.br\\\/posgraduacao\\\/profqui\\\/marcus-vinicius-hungaro-faria\\\/\"]}]},{\"@type\":\"BreadcrumbList\",\"@id\":\"https:\\\/\\\/cursos.ufrrj.br\\\/posgraduacao\\\/profqui\\\/marcus-vinicius-hungaro-faria\\\/#breadcrumb\",\"itemListElement\":[{\"@type\":\"ListItem\",\"position\":1,\"name\":\"In\u00edcio\",\"item\":\"https:\\\/\\\/cursos.ufrrj.br\\\/posgraduacao\\\/profqui\\\/\"},{\"@type\":\"ListItem\",\"position\":2,\"name\":\"Marcus Vinicius Hungaro Faria\"}]},{\"@type\":\"WebSite\",\"@id\":\"https:\\\/\\\/cursos.ufrrj.br\\\/posgraduacao\\\/profqui\\\/#website\",\"url\":\"https:\\\/\\\/cursos.ufrrj.br\\\/posgraduacao\\\/profqui\\\/\",\"name\":\"Programa de Mestrado Profissional em Qu\u00edmica em Rede Nacional (PROFQUI),\",\"description\":\"Universidade Federal Rural do Rio de Janeiro \u2013 UFRRJ\",\"potentialAction\":[{\"@type\":\"SearchAction\",\"target\":{\"@type\":\"EntryPoint\",\"urlTemplate\":\"https:\\\/\\\/cursos.ufrrj.br\\\/posgraduacao\\\/profqui\\\/?s={search_term_string}\"},\"query-input\":{\"@type\":\"PropertyValueSpecification\",\"valueRequired\":true,\"valueName\":\"search_term_string\"}}],\"inLanguage\":\"pt-BR\"},{\"@type\":\"Person\",\"@id\":\"https:\\\/\\\/cursos.ufrrj.br\\\/posgraduacao\\\/profqui\\\/#\\\/schema\\\/person\\\/94e0f551c65ce00d675b0cbbf8313bdf\",\"name\":\"claudio\",\"image\":{\"@type\":\"ImageObject\",\"inLanguage\":\"pt-BR\",\"@id\":\"https:\\\/\\\/secure.gravatar.com\\\/avatar\\\/240ddbde0248db34fb721d717a5ea73f43746c5e9e1fb1b7a19b725080da6355?s=96&d=mm&r=g\",\"url\":\"https:\\\/\\\/secure.gravatar.com\\\/avatar\\\/240ddbde0248db34fb721d717a5ea73f43746c5e9e1fb1b7a19b725080da6355?s=96&d=mm&r=g\",\"contentUrl\":\"https:\\\/\\\/secure.gravatar.com\\\/avatar\\\/240ddbde0248db34fb721d717a5ea73f43746c5e9e1fb1b7a19b725080da6355?s=96&d=mm&r=g\",\"caption\":\"claudio\"},\"description\":\"GLPI 41543\",\"url\":\"https:\\\/\\\/cursos.ufrrj.br\\\/posgraduacao\\\/profqui\\\/author\\\/claudio\\\/\"}]}<\/script>\n<!-- \/ Yoast SEO plugin. -->","yoast_head_json":{"title":"Marcus Vinicius Hungaro Faria - Programa de Mestrado Profissional em Qu\u00edmica em Rede Nacional (PROFQUI),","robots":{"index":"index","follow":"follow","max-snippet":"max-snippet:-1","max-image-preview":"max-image-preview:large","max-video-preview":"max-video-preview:-1"},"canonical":"https:\/\/cursos.ufrrj.br\/posgraduacao\/profqui\/marcus-vinicius-hungaro-faria\/","og_locale":"pt_BR","og_type":"article","og_title":"Marcus Vinicius Hungaro Faria - Programa de Mestrado Profissional em Qu\u00edmica em Rede Nacional (PROFQUI),","og_description":"Desenvolvimento e Aplica\u00e7\u00e3o de uma Estrat\u00e9gia Combinando Ferramentas Facilitadoras de Ensino para o Ensino de Qu\u00edmica no Ensino M\u00e9dio, incluindo M\u00e9todos Computacionais [&hellip;]","og_url":"https:\/\/cursos.ufrrj.br\/posgraduacao\/profqui\/marcus-vinicius-hungaro-faria\/","og_site_name":"Programa de Mestrado Profissional em Qu\u00edmica em Rede Nacional (PROFQUI),","article_publisher":"https:\/\/www.facebook.com\/MestradoProfissionalEmGestaoeEstrategia","article_published_time":"2026-08-20T15:37:36+00:00","article_modified_time":"2026-08-25T14:51:10+00:00","author":"claudio","twitter_card":"summary_large_image","twitter_misc":{"Escrito por":"claudio","Est. tempo de leitura":"3 minutos"},"schema":{"@context":"https:\/\/schema.org","@graph":[{"@type":"Article","@id":"https:\/\/cursos.ufrrj.br\/posgraduacao\/profqui\/marcus-vinicius-hungaro-faria\/#article","isPartOf":{"@id":"https:\/\/cursos.ufrrj.br\/posgraduacao\/profqui\/marcus-vinicius-hungaro-faria\/"},"author":{"name":"claudio","@id":"https:\/\/cursos.ufrrj.br\/posgraduacao\/profqui\/#\/schema\/person\/94e0f551c65ce00d675b0cbbf8313bdf"},"headline":"Marcus Vinicius Hungaro Faria","datePublished":"2026-08-20T15:37:36+00:00","dateModified":"2026-08-25T14:51:10+00:00","mainEntityOfPage":{"@id":"https:\/\/cursos.ufrrj.br\/posgraduacao\/profqui\/marcus-vinicius-hungaro-faria\/"},"wordCount":519,"inLanguage":"pt-BR"},{"@type":"WebPage","@id":"https:\/\/cursos.ufrrj.br\/posgraduacao\/profqui\/marcus-vinicius-hungaro-faria\/","url":"https:\/\/cursos.ufrrj.br\/posgraduacao\/profqui\/marcus-vinicius-hungaro-faria\/","name":"Marcus Vinicius Hungaro Faria - Programa de Mestrado Profissional em Qu\u00edmica em Rede Nacional (PROFQUI),","isPartOf":{"@id":"https:\/\/cursos.ufrrj.br\/posgraduacao\/profqui\/#website"},"datePublished":"2026-08-20T15:37:36+00:00","dateModified":"2026-08-25T14:51:10+00:00","author":{"@id":"https:\/\/cursos.ufrrj.br\/posgraduacao\/profqui\/#\/schema\/person\/94e0f551c65ce00d675b0cbbf8313bdf"},"breadcrumb":{"@id":"https:\/\/cursos.ufrrj.br\/posgraduacao\/profqui\/marcus-vinicius-hungaro-faria\/#breadcrumb"},"inLanguage":"pt-BR","potentialAction":[{"@type":"ReadAction","target":["https:\/\/cursos.ufrrj.br\/posgraduacao\/profqui\/marcus-vinicius-hungaro-faria\/"]}]},{"@type":"BreadcrumbList","@id":"https:\/\/cursos.ufrrj.br\/posgraduacao\/profqui\/marcus-vinicius-hungaro-faria\/#breadcrumb","itemListElement":[{"@type":"ListItem","position":1,"name":"In\u00edcio","item":"https:\/\/cursos.ufrrj.br\/posgraduacao\/profqui\/"},{"@type":"ListItem","position":2,"name":"Marcus Vinicius Hungaro Faria"}]},{"@type":"WebSite","@id":"https:\/\/cursos.ufrrj.br\/posgraduacao\/profqui\/#website","url":"https:\/\/cursos.ufrrj.br\/posgraduacao\/profqui\/","name":"Programa de Mestrado Profissional em Qu\u00edmica em Rede Nacional (PROFQUI),","description":"Universidade Federal Rural do Rio de Janeiro \u2013 UFRRJ","potentialAction":[{"@type":"SearchAction","target":{"@type":"EntryPoint","urlTemplate":"https:\/\/cursos.ufrrj.br\/posgraduacao\/profqui\/?s={search_term_string}"},"query-input":{"@type":"PropertyValueSpecification","valueRequired":true,"valueName":"search_term_string"}}],"inLanguage":"pt-BR"},{"@type":"Person","@id":"https:\/\/cursos.ufrrj.br\/posgraduacao\/profqui\/#\/schema\/person\/94e0f551c65ce00d675b0cbbf8313bdf","name":"claudio","image":{"@type":"ImageObject","inLanguage":"pt-BR","@id":"https:\/\/secure.gravatar.com\/avatar\/240ddbde0248db34fb721d717a5ea73f43746c5e9e1fb1b7a19b725080da6355?s=96&d=mm&r=g","url":"https:\/\/secure.gravatar.com\/avatar\/240ddbde0248db34fb721d717a5ea73f43746c5e9e1fb1b7a19b725080da6355?s=96&d=mm&r=g","contentUrl":"https:\/\/secure.gravatar.com\/avatar\/240ddbde0248db34fb721d717a5ea73f43746c5e9e1fb1b7a19b725080da6355?s=96&d=mm&r=g","caption":"claudio"},"description":"GLPI 41543","url":"https:\/\/cursos.ufrrj.br\/posgraduacao\/profqui\/author\/claudio\/"}]}},"acf":[],"_links":{"self":[{"href":"https:\/\/cursos.ufrrj.br\/posgraduacao\/profqui\/wp-json\/wp\/v2\/posts\/12380","targetHints":{"allow":["GET"]}}],"collection":[{"href":"https:\/\/cursos.ufrrj.br\/posgraduacao\/profqui\/wp-json\/wp\/v2\/posts"}],"about":[{"href":"https:\/\/cursos.ufrrj.br\/posgraduacao\/profqui\/wp-json\/wp\/v2\/types\/post"}],"author":[{"embeddable":true,"href":"https:\/\/cursos.ufrrj.br\/posgraduacao\/profqui\/wp-json\/wp\/v2\/users\/168"}],"replies":[{"embeddable":true,"href":"https:\/\/cursos.ufrrj.br\/posgraduacao\/profqui\/wp-json\/wp\/v2\/comments?post=12380"}],"version-history":[{"count":11,"href":"https:\/\/cursos.ufrrj.br\/posgraduacao\/profqui\/wp-json\/wp\/v2\/posts\/12380\/revisions"}],"predecessor-version":[{"id":12455,"href":"https:\/\/cursos.ufrrj.br\/posgraduacao\/profqui\/wp-json\/wp\/v2\/posts\/12380\/revisions\/12455"}],"wp:attachment":[{"href":"https:\/\/cursos.ufrrj.br\/posgraduacao\/profqui\/wp-json\/wp\/v2\/media?parent=12380"}],"wp:term":[{"taxonomy":"category","embeddable":true,"href":"https:\/\/cursos.ufrrj.br\/posgraduacao\/profqui\/wp-json\/wp\/v2\/categories?post=12380"},{"taxonomy":"post_tag","embeddable":true,"href":"https:\/\/cursos.ufrrj.br\/posgraduacao\/profqui\/wp-json\/wp\/v2\/tags?post=12380"}],"curies":[{"name":"wp","href":"https:\/\/api.w.org\/{rel}","templated":true}]}}