{"id":12361,"date":"2026-08-20T12:14:32","date_gmt":"2026-08-20T15:14:32","guid":{"rendered":"https:\/\/cursos.ufrrj.br\/posgraduacao\/profqui\/?p=12361"},"modified":"2026-08-21T13:29:26","modified_gmt":"2026-08-21T16:29:26","slug":"12361-2","status":"publish","type":"post","link":"https:\/\/cursos.ufrrj.br\/posgraduacao\/profqui\/12361-2\/","title":{"rendered":"Clayton Gomide de Freitas"},"content":{"rendered":"\n<p class=\"has-black-color has-text-color has-link-color wp-elements-1 wp-block-paragraph\" style=\"font-size:26px\"><strong>Ensino e aprendizagem de qu\u00edmica em espa\u00e7os n\u00e3o formais. Uma abordagem acerca da tem\u00e1tica \u201cEnergia e Qu\u00edmica Ambiental\u201d na primeira s\u00e9rie do Ensino M\u00e9dio<\/strong><\/p>\n\n\n\n<p class=\"has-black-color has-text-color has-link-color wp-elements-2 wp-block-paragraph\" style=\"font-size:14px\"><strong>PALAVRAS-CHAVES:<\/strong> Qu\u00edmica Ambiental, Espa\u00e7os n\u00e3o Formais, Ensino por Projetos<br><strong>DATA : 02\/10\/2019<\/strong><\/p>\n\n\n\n<p class=\"has-black-color has-text-color has-link-color wp-elements-3 wp-block-paragraph\" style=\"font-size:20px\"><strong>Resumo<\/strong><\/p>\n\n\n\n<p class=\"has-text-align-left has-black-color has-text-color has-link-color wp-elements-4 wp-block-paragraph\" style=\"font-size:14px\">Neste trabalho avaliou-se a a\u00e7\u00e3o da abordagem da tem\u00e1tica \u201cEnergia e Qu\u00edmica Ambiental\u201d no ensino e aprendizagem de Qu\u00edmica em tr\u00eas turmas do primeiro ano do Ensino M\u00e9dio do CESA, localizado na Lapa, bairro da regi\u00e3o central do Rio de Janeiro. A din\u00e2mica de trabalho foi inspirada na did\u00e1tica pedag\u00f3gica hist\u00f3rico-cr\u00edtica de Jo\u00e3o Luiz Gasparin, que consiste em partir da pr\u00e1tica, ascender \u00e0 teoria e descer novamente \u00e0 pr\u00e1tica; n\u00e3o j\u00e1 como pr\u00e1tica inicial, mas, unindo de forma insepar\u00e1vel, a teoria e a pr\u00e1tica em um novo patamar de compreens\u00e3o da realidade e de a\u00e7\u00e3o humana. Inicialmente foi aplicado um question\u00e1rio diagn\u00f3stico, com dez quest\u00f5es, para reconhecer o n\u00edvel de informa\u00e7\u00f5es que os alunos continham. Observou-se que 80% dos 75 estudantes avaliados desconheciam termos como: sustentabilidade, Qu\u00edmica Ambiental e biodiversidade. Por outro lado, tinham certa familiaridade com t\u00f3picos como: reciclagem, polui\u00e7\u00e3o e impacto ambiental.<\/p>\n\n\n\n<p class=\"has-text-align-left has-black-color has-text-color has-link-color wp-elements-5 wp-block-paragraph\" style=\"font-size:14px\">As estrat\u00e9gias adotadas foram definidas para possibilitar um tratamento mais refinado dos assuntos desconhecidos, fase essa correspondente \u00e0 instrumentaliza\u00e7\u00e3o. Como plano de trabalho tra\u00e7ou-se ent\u00e3o um planejamento contendo quatro subtemas, um para cada bimestre, s\u00e3o eles: \u00e1gua, polui\u00e7\u00e3o, energia e sustentabilidade, e uma feira cultural do meio ambiente. Adotou-se como a\u00e7\u00f5es pedag\u00f3gicas estrat\u00e9gicas para o trabalho os ambientes n\u00e3o formais, a metodologia por projetos e a realiza\u00e7\u00e3o de atividades diversificadas. Como exemplos: um relat\u00f3rio sobre a videoaula \u201cA lei da \u00e1gua\u201d no primeiro bimestre; semin\u00e1rios sobre tabela peri\u00f3dica no segundo; e relat\u00f3rios de experimentos no laborat\u00f3rio no terceiro. No quarto bimestre, o enfoque foi em atividades l\u00fadicas, tais como: projetos de experimentos para a feira cultural, maquetes, mural interativo, poesias, m\u00fasicas, produ\u00e7\u00e3o de v\u00eddeos, visitas experienciais e a cria\u00e7\u00e3o e apresenta\u00e7\u00e3o de uma pe\u00e7a teatral intitulada \u201cO despertar para o amanh\u00e3\u201d.<\/p>\n\n\n\n<p class=\"has-text-align-left has-black-color has-text-color has-link-color wp-elements-6 wp-block-paragraph\" style=\"font-size:14px\">Ao longo do desenvolvimento da pesquisa, aulas expositivas, filmes, videoaulas, question\u00e1rios diagn\u00f3stico e avaliativo foram sendo realizados. Dentre os locais visitados destacam-se: Museu do Amanh\u00e3, Casa da Ci\u00eancia-UFRJ, Floresta da Tijuca, Laborat\u00f3rio de Ci\u00eancias do CESA e a Feira Cultural do Meio Ambiente, com participa\u00e7\u00e3o da comunidade escolar e exposi\u00e7\u00e3o dos produtos obtidos nas a\u00e7\u00f5es da Aprendizagem por Projetos. Nas visitas externas, o enfoque foi em alguns conte\u00fados de Qu\u00edmica do curr\u00edculo m\u00ednimo da primeira s\u00e9rie do Ensino M\u00e9dio da SEEDUC-RJ (Secretaria de Estado de Educa\u00e7\u00e3o) e conceitos b\u00e1sicos de Qu\u00edmica Ambiental. Em complementa\u00e7\u00e3o \u00e0s atividades extraclasse, os componentes curriculares propriedades f\u00edsicas da \u00e1gua, tabela peri\u00f3dica, liga\u00e7\u00f5es qu\u00edmicas e conceitos b\u00e1sicos de Qu\u00edmica Ambiental foram abordados em sala de aula atrav\u00e9s de uma did\u00e1tica diversificada.<\/p>\n\n\n\n<p class=\"has-text-align-left has-black-color has-text-color has-link-color wp-elements-7 wp-block-paragraph\" style=\"font-size:14px\">Avalia\u00e7\u00f5es peri\u00f3dicas, provas, relat\u00f3rios, reda\u00e7\u00f5es, debates e semin\u00e1rios foram realizados visando \u00e0 reten\u00e7\u00e3o de conte\u00fado. O resultado destas a\u00e7\u00f5es foi demonstrado satisfat\u00f3rio em rela\u00e7\u00e3o ao interesse dos alunos pelos temas, pelas visitas, pela disciplina e reten\u00e7\u00e3o dos conhecimentos. Recomenda-se a ado\u00e7\u00e3o desta abordagem a fim de atingir a motiva\u00e7\u00e3o entre os alunos para a aprendizagem de Qu\u00edmica.<br><\/p>\n\n\n\n<p class=\"has-text-align-left has-black-color has-text-color has-link-color wp-elements-8 wp-block-paragraph\" style=\"font-size:20px\"><strong>Membros da banca<\/strong><\/p>\n\n\n\n<ul class=\"wp-block-list\">\n<li class=\"has-black-color has-text-color has-link-color wp-elements-9\"><strong>Presidente<\/strong> &#8211; GLAUCO FAVILLA BAUERFELDT &#8211; UFRRJ<\/li>\n\n\n\n<li class=\"has-black-color has-text-color has-link-color wp-elements-10\"><strong>Interno <\/strong>&#8211; MARCELO HAWRYLAK HERBST &#8211; UFRRJ<\/li>\n\n\n\n<li class=\"has-black-color has-text-color has-link-color wp-elements-11\"><strong>Externo \u00e0 Institui\u00e7\u00e3o<\/strong> &#8211; JOS\u00c9 ROBERTO DA ROCHA BERNARDO &#8211; UFF<\/li>\n\n\n\n<li class=\"has-black-color has-text-color has-link-color wp-elements-12\"><strong>Externo \u00e0 Institui\u00e7\u00e3o <\/strong>&#8211; LEONARDO MACIEL MOREIRA &#8211; UFRJ<\/li>\n<\/ul>\n\n\n\n<p class=\"has-link-color wp-elements-13 wp-block-paragraph\" style=\"font-size:14px\"><a href=\"https:\/\/rima.ufrrj.br\/jspui\/bitstream\/20.500.14407\/15739\/3\/2019%20-%20Clayton%20Gomide%20de%20Freitas.pdf\" target=\"_blank\" rel=\"noreferrer noopener\"><strong><mark style=\"background-color:#8ed1fc\" class=\"has-inline-color\">Vers\u00e3o final da disserta\u00e7\u00e3o<\/mark><\/strong><\/a><\/p>\n\n\n\n<p class=\"has-link-color wp-elements-14 wp-block-paragraph\" style=\"font-size:16px\"><\/p>\n\n\n\n<p class=\"wp-block-paragraph\"><\/p>\n","protected":false},"excerpt":{"rendered":"<p>Ensino e aprendizagem de qu\u00edmica em espa\u00e7os n\u00e3o formais. Uma abordagem acerca da tem\u00e1tica \u201cEnergia e Qu\u00edmica Ambiental\u201d na primeira s\u00e9rie do [&hellip;]<\/p>\n","protected":false},"author":168,"featured_media":0,"comment_status":"closed","ping_status":"closed","sticky":false,"template":"","format":"standard","meta":{"_acf_changed":false,"footnotes":"","_links_to":"","_links_to_target":""},"categories":[1],"tags":[],"class_list":["post-12361","post","type-post","status-publish","format-standard","hentry","category-sem-categoria"],"yoast_head":"<!-- This site is optimized with the Yoast SEO plugin v28.2 - https:\/\/yoast.com\/product\/yoast-seo-wordpress\/ -->\n<title>Clayton Gomide de Freitas - Programa de Mestrado Profissional em Qu\u00edmica em Rede Nacional (PROFQUI),<\/title>\n<meta name=\"robots\" content=\"index, follow, max-snippet:-1, max-image-preview:large, max-video-preview:-1\" \/>\n<link rel=\"canonical\" href=\"https:\/\/cursos.ufrrj.br\/posgraduacao\/profqui\/12361-2\/\" \/>\n<meta property=\"og:locale\" content=\"pt_BR\" \/>\n<meta property=\"og:type\" content=\"article\" \/>\n<meta property=\"og:title\" content=\"Clayton Gomide de Freitas - Programa de Mestrado Profissional em Qu\u00edmica em Rede Nacional (PROFQUI),\" \/>\n<meta property=\"og:description\" content=\"Ensino e aprendizagem de qu\u00edmica em espa\u00e7os n\u00e3o formais. Uma abordagem acerca da tem\u00e1tica \u201cEnergia e Qu\u00edmica Ambiental\u201d na primeira s\u00e9rie do [&hellip;]\" \/>\n<meta property=\"og:url\" content=\"https:\/\/cursos.ufrrj.br\/posgraduacao\/profqui\/12361-2\/\" \/>\n<meta property=\"og:site_name\" content=\"Programa de Mestrado Profissional em Qu\u00edmica em Rede Nacional (PROFQUI),\" \/>\n<meta property=\"article:publisher\" content=\"https:\/\/www.facebook.com\/MestradoProfissionalEmGestaoeEstrategia\" \/>\n<meta property=\"article:published_time\" content=\"2026-08-20T15:14:32+00:00\" \/>\n<meta property=\"article:modified_time\" content=\"2026-08-21T16:29:26+00:00\" \/>\n<meta name=\"author\" content=\"claudio\" \/>\n<meta name=\"twitter:card\" content=\"summary_large_image\" \/>\n<meta name=\"twitter:label1\" content=\"Escrito por\" \/>\n\t<meta name=\"twitter:data1\" content=\"claudio\" \/>\n\t<meta name=\"twitter:label2\" content=\"Est. tempo de leitura\" \/>\n\t<meta name=\"twitter:data2\" content=\"3 minutos\" \/>\n<script type=\"application\/ld+json\" class=\"yoast-schema-graph\">{\"@context\":\"https:\\\/\\\/schema.org\",\"@graph\":[{\"@type\":\"Article\",\"@id\":\"https:\\\/\\\/cursos.ufrrj.br\\\/posgraduacao\\\/profqui\\\/12361-2\\\/#article\",\"isPartOf\":{\"@id\":\"https:\\\/\\\/cursos.ufrrj.br\\\/posgraduacao\\\/profqui\\\/12361-2\\\/\"},\"author\":{\"name\":\"claudio\",\"@id\":\"https:\\\/\\\/cursos.ufrrj.br\\\/posgraduacao\\\/profqui\\\/#\\\/schema\\\/person\\\/94e0f551c65ce00d675b0cbbf8313bdf\"},\"headline\":\"Clayton Gomide de Freitas\",\"datePublished\":\"2026-08-20T15:14:32+00:00\",\"dateModified\":\"2026-08-21T16:29:26+00:00\",\"mainEntityOfPage\":{\"@id\":\"https:\\\/\\\/cursos.ufrrj.br\\\/posgraduacao\\\/profqui\\\/12361-2\\\/\"},\"wordCount\":645,\"inLanguage\":\"pt-BR\"},{\"@type\":\"WebPage\",\"@id\":\"https:\\\/\\\/cursos.ufrrj.br\\\/posgraduacao\\\/profqui\\\/12361-2\\\/\",\"url\":\"https:\\\/\\\/cursos.ufrrj.br\\\/posgraduacao\\\/profqui\\\/12361-2\\\/\",\"name\":\"Clayton Gomide de Freitas - Programa de Mestrado Profissional em Qu\u00edmica em Rede Nacional (PROFQUI),\",\"isPartOf\":{\"@id\":\"https:\\\/\\\/cursos.ufrrj.br\\\/posgraduacao\\\/profqui\\\/#website\"},\"datePublished\":\"2026-08-20T15:14:32+00:00\",\"dateModified\":\"2026-08-21T16:29:26+00:00\",\"author\":{\"@id\":\"https:\\\/\\\/cursos.ufrrj.br\\\/posgraduacao\\\/profqui\\\/#\\\/schema\\\/person\\\/94e0f551c65ce00d675b0cbbf8313bdf\"},\"breadcrumb\":{\"@id\":\"https:\\\/\\\/cursos.ufrrj.br\\\/posgraduacao\\\/profqui\\\/12361-2\\\/#breadcrumb\"},\"inLanguage\":\"pt-BR\",\"potentialAction\":[{\"@type\":\"ReadAction\",\"target\":[\"https:\\\/\\\/cursos.ufrrj.br\\\/posgraduacao\\\/profqui\\\/12361-2\\\/\"]}]},{\"@type\":\"BreadcrumbList\",\"@id\":\"https:\\\/\\\/cursos.ufrrj.br\\\/posgraduacao\\\/profqui\\\/12361-2\\\/#breadcrumb\",\"itemListElement\":[{\"@type\":\"ListItem\",\"position\":1,\"name\":\"In\u00edcio\",\"item\":\"https:\\\/\\\/cursos.ufrrj.br\\\/posgraduacao\\\/profqui\\\/\"},{\"@type\":\"ListItem\",\"position\":2,\"name\":\"Clayton Gomide de Freitas\"}]},{\"@type\":\"WebSite\",\"@id\":\"https:\\\/\\\/cursos.ufrrj.br\\\/posgraduacao\\\/profqui\\\/#website\",\"url\":\"https:\\\/\\\/cursos.ufrrj.br\\\/posgraduacao\\\/profqui\\\/\",\"name\":\"Programa de Mestrado Profissional em Qu\u00edmica em Rede Nacional (PROFQUI),\",\"description\":\"Universidade Federal Rural do Rio de Janeiro \u2013 UFRRJ\",\"potentialAction\":[{\"@type\":\"SearchAction\",\"target\":{\"@type\":\"EntryPoint\",\"urlTemplate\":\"https:\\\/\\\/cursos.ufrrj.br\\\/posgraduacao\\\/profqui\\\/?s={search_term_string}\"},\"query-input\":{\"@type\":\"PropertyValueSpecification\",\"valueRequired\":true,\"valueName\":\"search_term_string\"}}],\"inLanguage\":\"pt-BR\"},{\"@type\":\"Person\",\"@id\":\"https:\\\/\\\/cursos.ufrrj.br\\\/posgraduacao\\\/profqui\\\/#\\\/schema\\\/person\\\/94e0f551c65ce00d675b0cbbf8313bdf\",\"name\":\"claudio\",\"image\":{\"@type\":\"ImageObject\",\"inLanguage\":\"pt-BR\",\"@id\":\"https:\\\/\\\/secure.gravatar.com\\\/avatar\\\/240ddbde0248db34fb721d717a5ea73f43746c5e9e1fb1b7a19b725080da6355?s=96&d=mm&r=g\",\"url\":\"https:\\\/\\\/secure.gravatar.com\\\/avatar\\\/240ddbde0248db34fb721d717a5ea73f43746c5e9e1fb1b7a19b725080da6355?s=96&d=mm&r=g\",\"contentUrl\":\"https:\\\/\\\/secure.gravatar.com\\\/avatar\\\/240ddbde0248db34fb721d717a5ea73f43746c5e9e1fb1b7a19b725080da6355?s=96&d=mm&r=g\",\"caption\":\"claudio\"},\"description\":\"GLPI 41543\",\"url\":\"https:\\\/\\\/cursos.ufrrj.br\\\/posgraduacao\\\/profqui\\\/author\\\/claudio\\\/\"}]}<\/script>\n<!-- \/ Yoast SEO plugin. -->","yoast_head_json":{"title":"Clayton Gomide de Freitas - Programa de Mestrado Profissional em Qu\u00edmica em Rede Nacional (PROFQUI),","robots":{"index":"index","follow":"follow","max-snippet":"max-snippet:-1","max-image-preview":"max-image-preview:large","max-video-preview":"max-video-preview:-1"},"canonical":"https:\/\/cursos.ufrrj.br\/posgraduacao\/profqui\/12361-2\/","og_locale":"pt_BR","og_type":"article","og_title":"Clayton Gomide de Freitas - Programa de Mestrado Profissional em Qu\u00edmica em Rede Nacional (PROFQUI),","og_description":"Ensino e aprendizagem de qu\u00edmica em espa\u00e7os n\u00e3o formais. Uma abordagem acerca da tem\u00e1tica \u201cEnergia e Qu\u00edmica Ambiental\u201d na primeira s\u00e9rie do [&hellip;]","og_url":"https:\/\/cursos.ufrrj.br\/posgraduacao\/profqui\/12361-2\/","og_site_name":"Programa de Mestrado Profissional em Qu\u00edmica em Rede Nacional (PROFQUI),","article_publisher":"https:\/\/www.facebook.com\/MestradoProfissionalEmGestaoeEstrategia","article_published_time":"2026-08-20T15:14:32+00:00","article_modified_time":"2026-08-21T16:29:26+00:00","author":"claudio","twitter_card":"summary_large_image","twitter_misc":{"Escrito por":"claudio","Est. tempo de leitura":"3 minutos"},"schema":{"@context":"https:\/\/schema.org","@graph":[{"@type":"Article","@id":"https:\/\/cursos.ufrrj.br\/posgraduacao\/profqui\/12361-2\/#article","isPartOf":{"@id":"https:\/\/cursos.ufrrj.br\/posgraduacao\/profqui\/12361-2\/"},"author":{"name":"claudio","@id":"https:\/\/cursos.ufrrj.br\/posgraduacao\/profqui\/#\/schema\/person\/94e0f551c65ce00d675b0cbbf8313bdf"},"headline":"Clayton Gomide de Freitas","datePublished":"2026-08-20T15:14:32+00:00","dateModified":"2026-08-21T16:29:26+00:00","mainEntityOfPage":{"@id":"https:\/\/cursos.ufrrj.br\/posgraduacao\/profqui\/12361-2\/"},"wordCount":645,"inLanguage":"pt-BR"},{"@type":"WebPage","@id":"https:\/\/cursos.ufrrj.br\/posgraduacao\/profqui\/12361-2\/","url":"https:\/\/cursos.ufrrj.br\/posgraduacao\/profqui\/12361-2\/","name":"Clayton Gomide de Freitas - Programa de Mestrado Profissional em Qu\u00edmica em Rede Nacional (PROFQUI),","isPartOf":{"@id":"https:\/\/cursos.ufrrj.br\/posgraduacao\/profqui\/#website"},"datePublished":"2026-08-20T15:14:32+00:00","dateModified":"2026-08-21T16:29:26+00:00","author":{"@id":"https:\/\/cursos.ufrrj.br\/posgraduacao\/profqui\/#\/schema\/person\/94e0f551c65ce00d675b0cbbf8313bdf"},"breadcrumb":{"@id":"https:\/\/cursos.ufrrj.br\/posgraduacao\/profqui\/12361-2\/#breadcrumb"},"inLanguage":"pt-BR","potentialAction":[{"@type":"ReadAction","target":["https:\/\/cursos.ufrrj.br\/posgraduacao\/profqui\/12361-2\/"]}]},{"@type":"BreadcrumbList","@id":"https:\/\/cursos.ufrrj.br\/posgraduacao\/profqui\/12361-2\/#breadcrumb","itemListElement":[{"@type":"ListItem","position":1,"name":"In\u00edcio","item":"https:\/\/cursos.ufrrj.br\/posgraduacao\/profqui\/"},{"@type":"ListItem","position":2,"name":"Clayton Gomide de Freitas"}]},{"@type":"WebSite","@id":"https:\/\/cursos.ufrrj.br\/posgraduacao\/profqui\/#website","url":"https:\/\/cursos.ufrrj.br\/posgraduacao\/profqui\/","name":"Programa de Mestrado Profissional em Qu\u00edmica em Rede Nacional (PROFQUI),","description":"Universidade Federal Rural do Rio de Janeiro \u2013 UFRRJ","potentialAction":[{"@type":"SearchAction","target":{"@type":"EntryPoint","urlTemplate":"https:\/\/cursos.ufrrj.br\/posgraduacao\/profqui\/?s={search_term_string}"},"query-input":{"@type":"PropertyValueSpecification","valueRequired":true,"valueName":"search_term_string"}}],"inLanguage":"pt-BR"},{"@type":"Person","@id":"https:\/\/cursos.ufrrj.br\/posgraduacao\/profqui\/#\/schema\/person\/94e0f551c65ce00d675b0cbbf8313bdf","name":"claudio","image":{"@type":"ImageObject","inLanguage":"pt-BR","@id":"https:\/\/secure.gravatar.com\/avatar\/240ddbde0248db34fb721d717a5ea73f43746c5e9e1fb1b7a19b725080da6355?s=96&d=mm&r=g","url":"https:\/\/secure.gravatar.com\/avatar\/240ddbde0248db34fb721d717a5ea73f43746c5e9e1fb1b7a19b725080da6355?s=96&d=mm&r=g","contentUrl":"https:\/\/secure.gravatar.com\/avatar\/240ddbde0248db34fb721d717a5ea73f43746c5e9e1fb1b7a19b725080da6355?s=96&d=mm&r=g","caption":"claudio"},"description":"GLPI 41543","url":"https:\/\/cursos.ufrrj.br\/posgraduacao\/profqui\/author\/claudio\/"}]}},"acf":[],"_links":{"self":[{"href":"https:\/\/cursos.ufrrj.br\/posgraduacao\/profqui\/wp-json\/wp\/v2\/posts\/12361","targetHints":{"allow":["GET"]}}],"collection":[{"href":"https:\/\/cursos.ufrrj.br\/posgraduacao\/profqui\/wp-json\/wp\/v2\/posts"}],"about":[{"href":"https:\/\/cursos.ufrrj.br\/posgraduacao\/profqui\/wp-json\/wp\/v2\/types\/post"}],"author":[{"embeddable":true,"href":"https:\/\/cursos.ufrrj.br\/posgraduacao\/profqui\/wp-json\/wp\/v2\/users\/168"}],"replies":[{"embeddable":true,"href":"https:\/\/cursos.ufrrj.br\/posgraduacao\/profqui\/wp-json\/wp\/v2\/comments?post=12361"}],"version-history":[{"count":14,"href":"https:\/\/cursos.ufrrj.br\/posgraduacao\/profqui\/wp-json\/wp\/v2\/posts\/12361\/revisions"}],"predecessor-version":[{"id":12458,"href":"https:\/\/cursos.ufrrj.br\/posgraduacao\/profqui\/wp-json\/wp\/v2\/posts\/12361\/revisions\/12458"}],"wp:attachment":[{"href":"https:\/\/cursos.ufrrj.br\/posgraduacao\/profqui\/wp-json\/wp\/v2\/media?parent=12361"}],"wp:term":[{"taxonomy":"category","embeddable":true,"href":"https:\/\/cursos.ufrrj.br\/posgraduacao\/profqui\/wp-json\/wp\/v2\/categories?post=12361"},{"taxonomy":"post_tag","embeddable":true,"href":"https:\/\/cursos.ufrrj.br\/posgraduacao\/profqui\/wp-json\/wp\/v2\/tags?post=12361"}],"curies":[{"name":"wp","href":"https:\/\/api.w.org\/{rel}","templated":true}]}}