{"id":12346,"date":"2026-08-20T11:02:21","date_gmt":"2026-08-20T14:02:21","guid":{"rendered":"https:\/\/cursos.ufrrj.br\/posgraduacao\/profqui\/?p=12346"},"modified":"2026-08-25T12:05:55","modified_gmt":"2026-08-25T15:05:55","slug":"12346-2","status":"publish","type":"post","link":"https:\/\/cursos.ufrrj.br\/posgraduacao\/profqui\/12346-2\/","title":{"rendered":"Carlos Henrique Machado"},"content":{"rendered":"\n<h2 class=\"wp-block-heading\" style=\"font-size:26px\">O uso das tecnologias digitais de informa\u00e7\u00e3o e comunica\u00e7\u00e3o (\u201cTDIC\u2019s\u201d) como forma alternativa de motiva\u00e7\u00e3o e efic\u00e1cia nas avalia\u00e7\u00f5es de aprendizagem de qu\u00edmica na educa\u00e7\u00e3o b\u00e1sica<\/h2>\n\n\n\n<p class=\"has-black-color has-text-color has-link-color wp-elements-1 wp-block-paragraph\" style=\"font-size:15px\"><strong>Palavras-chave<\/strong>: TDIC, Smartphones, avalia\u00e7\u00f5es<br><strong>Data<\/strong> : 10\/12\/2019<\/p>\n\n\n\n<h2 class=\"wp-block-heading has-medium-font-size\">Resumo<\/h2>\n\n\n\n<p class=\"has-black-color has-text-color has-link-color wp-elements-2 wp-block-paragraph\" style=\"font-size:15px\"> O celular vem se tornando uma dor de cabe\u00e7a para o processo de educa\u00e7\u00e3o, sendo necess\u00e1rio que os professores criem uma verdadeira competi\u00e7\u00e3o pela aten\u00e7\u00e3o dos alunos dentro de sala de aula, pois estes aparelhos possuem muitos recursos e possibilidades que se tornam extremamente atrativas, muito mais que as atuais aulas ministradas nas escolas. Alternativas para as avalia\u00e7\u00f5es aplicadas atualmente pelos docentes da educa\u00e7\u00e3o b\u00e1sica (ensino m\u00e9dio), como o uso de aplicativos para Smartphones, pode ser um aliado na aprendizagem dos alunos. Neste sentido, o objetivo deste trabalho foi apresentar formas alternativas de avalia\u00e7\u00f5es utilizando as TDIC\u2019S, tecnologia amplamente dominada pelos estudantes, para melhorar o desempenho e consequentemente a forma\u00e7\u00e3o destes alunos. Para tal, utilizou-se o aplicativo LaDQUIZ, dispon\u00edvel gratuitamente em plataformas de compras, para gerar uma interface dentro da sala de aula entre o computador do professor e os Smartphones dos alunos, sem a necessidade do uso de internet externa, uma vez que a rede ser\u00e1 criada no momento da aplica\u00e7\u00e3o das quest\u00f5es e ap\u00f3s todos os alunos se conectarem ser\u00e1 fechada pelo professor para que n\u00e3o ocorra interfer\u00eancia externa. As quest\u00f5es foram visualizadas pelos alunos atrav\u00e9s do recurso multim\u00eddia (data show) e respondidas diretamente em seus celulares. O question\u00e1rio foi aplicado em substitui\u00e7\u00e3o a um dos instrumentos avaliativos obrigat\u00f3rios para o bimestre e ocorreu de forma tradicional, ou seja, ap\u00f3s a explica\u00e7\u00e3o do conte\u00fado programado para o bimestre, o professor utilizou o instrumento avaliativo para verificar a compreens\u00e3o do conte\u00fado pelos alunos. O uso do aplicativo permitiu ao professor ter a resposta individual de cada aluno armazenada e a discuss\u00e3o de cada quest\u00e3o, visto que, apresentou o percentual de resposta de cada alternativa. A utiliza\u00e7\u00e3o deste recurso se mostrou um instrumento de alta relev\u00e2ncia para o processo de ensino aprendizagem dos alunos, conferindo uma maior motiva\u00e7\u00e3o e participa\u00e7\u00e3o dos estudantes que se refletiu em um maior desempenho e melhoria das notas em rela\u00e7\u00e3o as avalia\u00e7\u00f5es tradicionais. Assim, a substitui\u00e7\u00e3o de um instrumento avaliativo pelo uso das Tecnologias de Informa\u00e7\u00e3o e Comunica\u00e7\u00e3o, neste caso, em forma de aplicativo para Smartphones, foi eficiente no processo pedag\u00f3gico e de ensino aprendizagem.<\/p>\n\n\n\n<h2 class=\"wp-block-heading has-medium-font-size\">Membros da banca<\/h2>\n\n\n\n<ul class=\"wp-block-list\">\n<li class=\"has-black-color has-text-color has-link-color wp-elements-3\"><strong>Presidente<\/strong> &#8211;  CEDRIC STEPHAN GRAEBIN<\/li>\n\n\n\n<li class=\"has-black-color has-text-color has-link-color wp-elements-4\"><strong>Interno<\/strong> &#8211; ROBERTO BARBOSA DE CASTILHO<\/li>\n\n\n\n<li class=\"has-black-color has-text-color has-link-color wp-elements-5\"><strong>Interno<\/strong> &#8211; ANDRE MARQUES DOS SANTOS<\/li>\n\n\n\n<li class=\"has-black-color has-text-color has-link-color wp-elements-6\"><strong>Externa \u00e0 Institui\u00e7\u00e3o<\/strong> &#8211; RENATA LUZ MARTINS &#8211; UFF<\/li>\n\n\n\n<li class=\"has-black-color has-text-color has-link-color wp-elements-7\"><strong>Externa \u00e0 Institui\u00e7\u00e3o<\/strong> &#8211; ALESSANDRA RODRIGUES RUFINO \u2013 UFF<\/li>\n<\/ul>\n\n\n\n<p class=\"has-black-color has-text-color has-link-color wp-elements-8 wp-block-paragraph\" style=\"font-size:14px\"><a href=\"https:\/\/rima.ufrrj.br\/jspui\/bitstream\/20.500.14407\/15731\/3\/2019%20-%20Carlos%20Henrique%20Machado.pdf\" target=\"_blank\" rel=\"noreferrer noopener\"><mark style=\"background-color:#8ed1fc\" class=\"has-inline-color\"><strong>Vers\u00e3o final da disserta\u00e7\u00e3o<\/strong><\/mark><\/a><\/p>\n\n\n\n<p class=\"has-black-color has-white-background-color has-text-color has-background has-link-color wp-elements-9 wp-block-paragraph\" style=\"font-size:16px\"><\/p>\n\n\n\n<p class=\"has-white-background-color has-background wp-block-paragraph\"><\/p>\n\n\n\n<p class=\"wp-block-paragraph\"><\/p>\n","protected":false},"excerpt":{"rendered":"<p>O uso das tecnologias digitais de informa\u00e7\u00e3o e comunica\u00e7\u00e3o (\u201cTDIC\u2019s\u201d) como forma alternativa de motiva\u00e7\u00e3o e efic\u00e1cia nas avalia\u00e7\u00f5es de aprendizagem de [&hellip;]<\/p>\n","protected":false},"author":168,"featured_media":0,"comment_status":"closed","ping_status":"closed","sticky":false,"template":"","format":"standard","meta":{"_acf_changed":false,"footnotes":"","_links_to":"","_links_to_target":""},"categories":[1],"tags":[],"class_list":["post-12346","post","type-post","status-publish","format-standard","hentry","category-sem-categoria"],"yoast_head":"<!-- This site is optimized with the Yoast SEO plugin v28.2 - https:\/\/yoast.com\/product\/yoast-seo-wordpress\/ -->\n<title>Carlos Henrique Machado - Programa de Mestrado Profissional em Qu\u00edmica em Rede Nacional (PROFQUI),<\/title>\n<meta name=\"robots\" content=\"index, follow, max-snippet:-1, max-image-preview:large, max-video-preview:-1\" \/>\n<link rel=\"canonical\" href=\"https:\/\/cursos.ufrrj.br\/posgraduacao\/profqui\/12346-2\/\" \/>\n<meta property=\"og:locale\" content=\"pt_BR\" \/>\n<meta property=\"og:type\" content=\"article\" \/>\n<meta property=\"og:title\" content=\"Carlos Henrique Machado - Programa de Mestrado Profissional em Qu\u00edmica em Rede Nacional (PROFQUI),\" \/>\n<meta property=\"og:description\" content=\"O uso das tecnologias digitais de informa\u00e7\u00e3o e comunica\u00e7\u00e3o (\u201cTDIC\u2019s\u201d) como forma alternativa de motiva\u00e7\u00e3o e efic\u00e1cia nas avalia\u00e7\u00f5es de aprendizagem de [&hellip;]\" \/>\n<meta property=\"og:url\" content=\"https:\/\/cursos.ufrrj.br\/posgraduacao\/profqui\/12346-2\/\" \/>\n<meta property=\"og:site_name\" content=\"Programa de Mestrado Profissional em Qu\u00edmica em Rede Nacional (PROFQUI),\" \/>\n<meta property=\"article:publisher\" content=\"https:\/\/www.facebook.com\/MestradoProfissionalEmGestaoeEstrategia\" \/>\n<meta property=\"article:published_time\" content=\"2026-08-20T14:02:21+00:00\" \/>\n<meta property=\"article:modified_time\" content=\"2026-08-25T15:05:55+00:00\" \/>\n<meta name=\"author\" content=\"claudio\" \/>\n<meta name=\"twitter:card\" content=\"summary_large_image\" \/>\n<meta name=\"twitter:label1\" content=\"Escrito por\" \/>\n\t<meta name=\"twitter:data1\" content=\"claudio\" \/>\n\t<meta name=\"twitter:label2\" content=\"Est. tempo de leitura\" \/>\n\t<meta name=\"twitter:data2\" content=\"3 minutos\" \/>\n<script type=\"application\/ld+json\" class=\"yoast-schema-graph\">{\"@context\":\"https:\\\/\\\/schema.org\",\"@graph\":[{\"@type\":\"Article\",\"@id\":\"https:\\\/\\\/cursos.ufrrj.br\\\/posgraduacao\\\/profqui\\\/12346-2\\\/#article\",\"isPartOf\":{\"@id\":\"https:\\\/\\\/cursos.ufrrj.br\\\/posgraduacao\\\/profqui\\\/12346-2\\\/\"},\"author\":{\"name\":\"claudio\",\"@id\":\"https:\\\/\\\/cursos.ufrrj.br\\\/posgraduacao\\\/profqui\\\/#\\\/schema\\\/person\\\/94e0f551c65ce00d675b0cbbf8313bdf\"},\"headline\":\"Carlos Henrique Machado\",\"datePublished\":\"2026-08-20T14:02:21+00:00\",\"dateModified\":\"2026-08-25T15:05:55+00:00\",\"mainEntityOfPage\":{\"@id\":\"https:\\\/\\\/cursos.ufrrj.br\\\/posgraduacao\\\/profqui\\\/12346-2\\\/\"},\"wordCount\":479,\"inLanguage\":\"pt-BR\"},{\"@type\":\"WebPage\",\"@id\":\"https:\\\/\\\/cursos.ufrrj.br\\\/posgraduacao\\\/profqui\\\/12346-2\\\/\",\"url\":\"https:\\\/\\\/cursos.ufrrj.br\\\/posgraduacao\\\/profqui\\\/12346-2\\\/\",\"name\":\"Carlos Henrique Machado - Programa de Mestrado Profissional em Qu\u00edmica em Rede Nacional (PROFQUI),\",\"isPartOf\":{\"@id\":\"https:\\\/\\\/cursos.ufrrj.br\\\/posgraduacao\\\/profqui\\\/#website\"},\"datePublished\":\"2026-08-20T14:02:21+00:00\",\"dateModified\":\"2026-08-25T15:05:55+00:00\",\"author\":{\"@id\":\"https:\\\/\\\/cursos.ufrrj.br\\\/posgraduacao\\\/profqui\\\/#\\\/schema\\\/person\\\/94e0f551c65ce00d675b0cbbf8313bdf\"},\"breadcrumb\":{\"@id\":\"https:\\\/\\\/cursos.ufrrj.br\\\/posgraduacao\\\/profqui\\\/12346-2\\\/#breadcrumb\"},\"inLanguage\":\"pt-BR\",\"potentialAction\":[{\"@type\":\"ReadAction\",\"target\":[\"https:\\\/\\\/cursos.ufrrj.br\\\/posgraduacao\\\/profqui\\\/12346-2\\\/\"]}]},{\"@type\":\"BreadcrumbList\",\"@id\":\"https:\\\/\\\/cursos.ufrrj.br\\\/posgraduacao\\\/profqui\\\/12346-2\\\/#breadcrumb\",\"itemListElement\":[{\"@type\":\"ListItem\",\"position\":1,\"name\":\"In\u00edcio\",\"item\":\"https:\\\/\\\/cursos.ufrrj.br\\\/posgraduacao\\\/profqui\\\/\"},{\"@type\":\"ListItem\",\"position\":2,\"name\":\"Carlos Henrique Machado\"}]},{\"@type\":\"WebSite\",\"@id\":\"https:\\\/\\\/cursos.ufrrj.br\\\/posgraduacao\\\/profqui\\\/#website\",\"url\":\"https:\\\/\\\/cursos.ufrrj.br\\\/posgraduacao\\\/profqui\\\/\",\"name\":\"Programa de Mestrado Profissional em Qu\u00edmica em Rede Nacional (PROFQUI),\",\"description\":\"Universidade Federal Rural do Rio de Janeiro \u2013 UFRRJ\",\"potentialAction\":[{\"@type\":\"SearchAction\",\"target\":{\"@type\":\"EntryPoint\",\"urlTemplate\":\"https:\\\/\\\/cursos.ufrrj.br\\\/posgraduacao\\\/profqui\\\/?s={search_term_string}\"},\"query-input\":{\"@type\":\"PropertyValueSpecification\",\"valueRequired\":true,\"valueName\":\"search_term_string\"}}],\"inLanguage\":\"pt-BR\"},{\"@type\":\"Person\",\"@id\":\"https:\\\/\\\/cursos.ufrrj.br\\\/posgraduacao\\\/profqui\\\/#\\\/schema\\\/person\\\/94e0f551c65ce00d675b0cbbf8313bdf\",\"name\":\"claudio\",\"image\":{\"@type\":\"ImageObject\",\"inLanguage\":\"pt-BR\",\"@id\":\"https:\\\/\\\/secure.gravatar.com\\\/avatar\\\/240ddbde0248db34fb721d717a5ea73f43746c5e9e1fb1b7a19b725080da6355?s=96&d=mm&r=g\",\"url\":\"https:\\\/\\\/secure.gravatar.com\\\/avatar\\\/240ddbde0248db34fb721d717a5ea73f43746c5e9e1fb1b7a19b725080da6355?s=96&d=mm&r=g\",\"contentUrl\":\"https:\\\/\\\/secure.gravatar.com\\\/avatar\\\/240ddbde0248db34fb721d717a5ea73f43746c5e9e1fb1b7a19b725080da6355?s=96&d=mm&r=g\",\"caption\":\"claudio\"},\"description\":\"GLPI 41543\",\"url\":\"https:\\\/\\\/cursos.ufrrj.br\\\/posgraduacao\\\/profqui\\\/author\\\/claudio\\\/\"}]}<\/script>\n<!-- \/ Yoast SEO plugin. -->","yoast_head_json":{"title":"Carlos Henrique Machado - Programa de Mestrado Profissional em Qu\u00edmica em Rede Nacional (PROFQUI),","robots":{"index":"index","follow":"follow","max-snippet":"max-snippet:-1","max-image-preview":"max-image-preview:large","max-video-preview":"max-video-preview:-1"},"canonical":"https:\/\/cursos.ufrrj.br\/posgraduacao\/profqui\/12346-2\/","og_locale":"pt_BR","og_type":"article","og_title":"Carlos Henrique Machado - Programa de Mestrado Profissional em Qu\u00edmica em Rede Nacional (PROFQUI),","og_description":"O uso das tecnologias digitais de informa\u00e7\u00e3o e comunica\u00e7\u00e3o (\u201cTDIC\u2019s\u201d) como forma alternativa de motiva\u00e7\u00e3o e efic\u00e1cia nas avalia\u00e7\u00f5es de aprendizagem de [&hellip;]","og_url":"https:\/\/cursos.ufrrj.br\/posgraduacao\/profqui\/12346-2\/","og_site_name":"Programa de Mestrado Profissional em Qu\u00edmica em Rede Nacional (PROFQUI),","article_publisher":"https:\/\/www.facebook.com\/MestradoProfissionalEmGestaoeEstrategia","article_published_time":"2026-08-20T14:02:21+00:00","article_modified_time":"2026-08-25T15:05:55+00:00","author":"claudio","twitter_card":"summary_large_image","twitter_misc":{"Escrito por":"claudio","Est. tempo de leitura":"3 minutos"},"schema":{"@context":"https:\/\/schema.org","@graph":[{"@type":"Article","@id":"https:\/\/cursos.ufrrj.br\/posgraduacao\/profqui\/12346-2\/#article","isPartOf":{"@id":"https:\/\/cursos.ufrrj.br\/posgraduacao\/profqui\/12346-2\/"},"author":{"name":"claudio","@id":"https:\/\/cursos.ufrrj.br\/posgraduacao\/profqui\/#\/schema\/person\/94e0f551c65ce00d675b0cbbf8313bdf"},"headline":"Carlos Henrique Machado","datePublished":"2026-08-20T14:02:21+00:00","dateModified":"2026-08-25T15:05:55+00:00","mainEntityOfPage":{"@id":"https:\/\/cursos.ufrrj.br\/posgraduacao\/profqui\/12346-2\/"},"wordCount":479,"inLanguage":"pt-BR"},{"@type":"WebPage","@id":"https:\/\/cursos.ufrrj.br\/posgraduacao\/profqui\/12346-2\/","url":"https:\/\/cursos.ufrrj.br\/posgraduacao\/profqui\/12346-2\/","name":"Carlos Henrique Machado - Programa de Mestrado Profissional em Qu\u00edmica em Rede Nacional (PROFQUI),","isPartOf":{"@id":"https:\/\/cursos.ufrrj.br\/posgraduacao\/profqui\/#website"},"datePublished":"2026-08-20T14:02:21+00:00","dateModified":"2026-08-25T15:05:55+00:00","author":{"@id":"https:\/\/cursos.ufrrj.br\/posgraduacao\/profqui\/#\/schema\/person\/94e0f551c65ce00d675b0cbbf8313bdf"},"breadcrumb":{"@id":"https:\/\/cursos.ufrrj.br\/posgraduacao\/profqui\/12346-2\/#breadcrumb"},"inLanguage":"pt-BR","potentialAction":[{"@type":"ReadAction","target":["https:\/\/cursos.ufrrj.br\/posgraduacao\/profqui\/12346-2\/"]}]},{"@type":"BreadcrumbList","@id":"https:\/\/cursos.ufrrj.br\/posgraduacao\/profqui\/12346-2\/#breadcrumb","itemListElement":[{"@type":"ListItem","position":1,"name":"In\u00edcio","item":"https:\/\/cursos.ufrrj.br\/posgraduacao\/profqui\/"},{"@type":"ListItem","position":2,"name":"Carlos Henrique Machado"}]},{"@type":"WebSite","@id":"https:\/\/cursos.ufrrj.br\/posgraduacao\/profqui\/#website","url":"https:\/\/cursos.ufrrj.br\/posgraduacao\/profqui\/","name":"Programa de Mestrado Profissional em Qu\u00edmica em Rede Nacional (PROFQUI),","description":"Universidade Federal Rural do Rio de Janeiro \u2013 UFRRJ","potentialAction":[{"@type":"SearchAction","target":{"@type":"EntryPoint","urlTemplate":"https:\/\/cursos.ufrrj.br\/posgraduacao\/profqui\/?s={search_term_string}"},"query-input":{"@type":"PropertyValueSpecification","valueRequired":true,"valueName":"search_term_string"}}],"inLanguage":"pt-BR"},{"@type":"Person","@id":"https:\/\/cursos.ufrrj.br\/posgraduacao\/profqui\/#\/schema\/person\/94e0f551c65ce00d675b0cbbf8313bdf","name":"claudio","image":{"@type":"ImageObject","inLanguage":"pt-BR","@id":"https:\/\/secure.gravatar.com\/avatar\/240ddbde0248db34fb721d717a5ea73f43746c5e9e1fb1b7a19b725080da6355?s=96&d=mm&r=g","url":"https:\/\/secure.gravatar.com\/avatar\/240ddbde0248db34fb721d717a5ea73f43746c5e9e1fb1b7a19b725080da6355?s=96&d=mm&r=g","contentUrl":"https:\/\/secure.gravatar.com\/avatar\/240ddbde0248db34fb721d717a5ea73f43746c5e9e1fb1b7a19b725080da6355?s=96&d=mm&r=g","caption":"claudio"},"description":"GLPI 41543","url":"https:\/\/cursos.ufrrj.br\/posgraduacao\/profqui\/author\/claudio\/"}]}},"acf":[],"_links":{"self":[{"href":"https:\/\/cursos.ufrrj.br\/posgraduacao\/profqui\/wp-json\/wp\/v2\/posts\/12346","targetHints":{"allow":["GET"]}}],"collection":[{"href":"https:\/\/cursos.ufrrj.br\/posgraduacao\/profqui\/wp-json\/wp\/v2\/posts"}],"about":[{"href":"https:\/\/cursos.ufrrj.br\/posgraduacao\/profqui\/wp-json\/wp\/v2\/types\/post"}],"author":[{"embeddable":true,"href":"https:\/\/cursos.ufrrj.br\/posgraduacao\/profqui\/wp-json\/wp\/v2\/users\/168"}],"replies":[{"embeddable":true,"href":"https:\/\/cursos.ufrrj.br\/posgraduacao\/profqui\/wp-json\/wp\/v2\/comments?post=12346"}],"version-history":[{"count":19,"href":"https:\/\/cursos.ufrrj.br\/posgraduacao\/profqui\/wp-json\/wp\/v2\/posts\/12346\/revisions"}],"predecessor-version":[{"id":12530,"href":"https:\/\/cursos.ufrrj.br\/posgraduacao\/profqui\/wp-json\/wp\/v2\/posts\/12346\/revisions\/12530"}],"wp:attachment":[{"href":"https:\/\/cursos.ufrrj.br\/posgraduacao\/profqui\/wp-json\/wp\/v2\/media?parent=12346"}],"wp:term":[{"taxonomy":"category","embeddable":true,"href":"https:\/\/cursos.ufrrj.br\/posgraduacao\/profqui\/wp-json\/wp\/v2\/categories?post=12346"},{"taxonomy":"post_tag","embeddable":true,"href":"https:\/\/cursos.ufrrj.br\/posgraduacao\/profqui\/wp-json\/wp\/v2\/tags?post=12346"}],"curies":[{"name":"wp","href":"https:\/\/api.w.org\/{rel}","templated":true}]}}