{"id":12076,"date":"2026-08-13T18:18:00","date_gmt":"2026-08-13T21:18:00","guid":{"rendered":"https:\/\/cursos.ufrrj.br\/posgraduacao\/ppge\/?p=12076"},"modified":"2026-09-04T18:21:52","modified_gmt":"2026-09-04T21:21:52","slug":"discente-emanoel-flexa-do-tre-ap-fala-sobre-a-fiscalizacao-e-auditoria-nas-urnas-eletronicas-em-video-institucional","status":"publish","type":"post","link":"https:\/\/cursos.ufrrj.br\/posgraduacao\/ppge\/discente-emanoel-flexa-do-tre-ap-fala-sobre-a-fiscalizacao-e-auditoria-nas-urnas-eletronicas-em-video-institucional\/","title":{"rendered":"Discente Emanoel Flexa, do TRE-AP, fala sobre a fiscaliza\u00e7\u00e3o e auditoria nas urnas eletr\u00f4nicas em v\u00eddeo institucional."},"content":{"rendered":"\n<p class=\"wp-block-paragraph\">Conhecimento que ultrapassa a sala de aula!<\/p>\n\n\n\n<p class=\"wp-block-paragraph\">O discente Emanoel Flexa, do Tribunal Regional Eleitoral do Amap\u00e1 (TRE-AP) e integrante do PPGE\/UFRRJ, participa de v\u00eddeo institucional sobre a fiscaliza\u00e7\u00e3o, auditoria e seguran\u00e7a das urnas eletr\u00f4nicas.<\/p>\n\n\n\n<p class=\"wp-block-paragraph\">A iniciativa destaca a import\u00e2ncia da forma\u00e7\u00e3o acad\u00eamica aliada \u00e0 atua\u00e7\u00e3o profissional e \u00e0 dissemina\u00e7\u00e3o de conhecimento sobre temas fundamentais para a sociedade.<\/p>\n\n\n\n<div class=\"wp-block-group is-nowrap is-layout-flex wp-container-core-group-is-layout-8f761849 wp-block-group-is-layout-flex\">\n<p class=\"wp-block-paragraph\">Confira a entrevista no link a seguir:<\/p>\n<\/div>\n\n\n\n<p class=\"wp-block-paragraph\"> https:\/\/www.instagram.com\/reel\/Db1j8twpl71\/?igsh=MWZ1cG4wMTRxMzV3dw==<\/p>\n\n\n\n<figure class=\"wp-block-image size-large\"><img decoding=\"async\" width=\"1024\" height=\"576\" src=\"https:\/\/cursos.ufrrj.br\/posgraduacao\/ppge\/files\/2026\/09\/Daniel-flexa-site-1024x576.jpg\" alt=\"\" class=\"wp-image-12077\" srcset=\"https:\/\/cursos.ufrrj.br\/posgraduacao\/ppge\/files\/2026\/09\/Daniel-flexa-site-1024x576.jpg 1024w, https:\/\/cursos.ufrrj.br\/posgraduacao\/ppge\/files\/2026\/09\/Daniel-flexa-site-300x169.png 300w, https:\/\/cursos.ufrrj.br\/posgraduacao\/ppge\/files\/2026\/09\/Daniel-flexa-site-767x431.jpg 767w, https:\/\/cursos.ufrrj.br\/posgraduacao\/ppge\/files\/2026\/09\/Daniel-flexa-site.jpg 1366w\" sizes=\"(max-width: 1024px) 100vw, 1024px\" \/><\/figure>\n","protected":false},"excerpt":{"rendered":"<p>Conhecimento que ultrapassa a sala de aula! O discente Emanoel Flexa, do Tribunal Regional Eleitoral do Amap\u00e1 (TRE-AP) e integrante do PPGE\/UFRRJ, [&hellip;]<\/p>\n","protected":false},"author":121,"featured_media":12077,"comment_status":"closed","ping_status":"closed","sticky":false,"template":"","format":"standard","meta":{"_acf_changed":false,"footnotes":"","_links_to":"","_links_to_target":""},"categories":[12],"tags":[],"class_list":["post-12076","post","type-post","status-publish","format-standard","has-post-thumbnail","hentry","category-noticias"],"yoast_head":"<!-- This site is optimized with the Yoast SEO plugin v28.2 - https:\/\/yoast.com\/product\/yoast-seo-wordpress\/ -->\n<title>Discente Emanoel Flexa, do TRE-AP, fala sobre a fiscaliza\u00e7\u00e3o e auditoria nas urnas eletr\u00f4nicas em v\u00eddeo institucional. - Programa de P\u00f3s-gradua\u00e7\u00e3o em Gest\u00e3o e Estrat\u00e9gia<\/title>\n<meta name=\"robots\" content=\"index, follow, max-snippet:-1, max-image-preview:large, max-video-preview:-1\" \/>\n<link rel=\"canonical\" href=\"https:\/\/cursos.ufrrj.br\/posgraduacao\/ppge\/discente-emanoel-flexa-do-tre-ap-fala-sobre-a-fiscalizacao-e-auditoria-nas-urnas-eletronicas-em-video-institucional\/\" \/>\n<meta property=\"og:locale\" content=\"pt_BR\" \/>\n<meta property=\"og:type\" content=\"article\" \/>\n<meta property=\"og:title\" content=\"Discente Emanoel Flexa, do TRE-AP, fala sobre a fiscaliza\u00e7\u00e3o e auditoria nas urnas eletr\u00f4nicas em v\u00eddeo institucional. - Programa de P\u00f3s-gradua\u00e7\u00e3o em Gest\u00e3o e Estrat\u00e9gia\" \/>\n<meta property=\"og:description\" content=\"Conhecimento que ultrapassa a sala de aula! O discente Emanoel Flexa, do Tribunal Regional Eleitoral do Amap\u00e1 (TRE-AP) e integrante do PPGE\/UFRRJ, [&hellip;]\" \/>\n<meta property=\"og:url\" content=\"https:\/\/cursos.ufrrj.br\/posgraduacao\/ppge\/discente-emanoel-flexa-do-tre-ap-fala-sobre-a-fiscalizacao-e-auditoria-nas-urnas-eletronicas-em-video-institucional\/\" \/>\n<meta property=\"og:site_name\" content=\"Programa de P\u00f3s-gradua\u00e7\u00e3o em Gest\u00e3o e Estrat\u00e9gia\" \/>\n<meta property=\"article:publisher\" content=\"https:\/\/www.facebook.com\/MestradoProfissionalEmGestaoeEstrategia\" \/>\n<meta property=\"article:published_time\" content=\"2026-08-13T21:18:00+00:00\" \/>\n<meta property=\"article:modified_time\" content=\"2026-09-04T21:21:52+00:00\" \/>\n<meta property=\"og:image\" content=\"https:\/\/cursos.ufrrj.br\/posgraduacao\/ppge\/files\/2026\/09\/Daniel-flexa-site.jpg\" \/>\n\t<meta property=\"og:image:width\" content=\"1366\" \/>\n\t<meta property=\"og:image:height\" content=\"768\" \/>\n\t<meta property=\"og:image:type\" content=\"image\/jpeg\" \/>\n<meta name=\"author\" content=\"rosamelo\" \/>\n<meta name=\"twitter:card\" content=\"summary_large_image\" \/>\n<meta name=\"twitter:label1\" content=\"Escrito por\" \/>\n\t<meta name=\"twitter:data1\" content=\"rosamelo\" \/>\n\t<meta name=\"twitter:label2\" content=\"Est. tempo de leitura\" \/>\n\t<meta name=\"twitter:data2\" content=\"1 minuto\" \/>\n<script type=\"application\/ld+json\" class=\"yoast-schema-graph\">{\"@context\":\"https:\\\/\\\/schema.org\",\"@graph\":[{\"@type\":\"Article\",\"@id\":\"https:\\\/\\\/cursos.ufrrj.br\\\/posgraduacao\\\/ppge\\\/discente-emanoel-flexa-do-tre-ap-fala-sobre-a-fiscalizacao-e-auditoria-nas-urnas-eletronicas-em-video-institucional\\\/#article\",\"isPartOf\":{\"@id\":\"https:\\\/\\\/cursos.ufrrj.br\\\/posgraduacao\\\/ppge\\\/discente-emanoel-flexa-do-tre-ap-fala-sobre-a-fiscalizacao-e-auditoria-nas-urnas-eletronicas-em-video-institucional\\\/\"},\"author\":{\"name\":\"rosamelo\",\"@id\":\"https:\\\/\\\/cursos.ufrrj.br\\\/posgraduacao\\\/ppge\\\/#\\\/schema\\\/person\\\/1ebe486b3a994a3f43d2cf8345375b14\"},\"headline\":\"Discente Emanoel Flexa, do TRE-AP, fala sobre a fiscaliza\u00e7\u00e3o e auditoria nas urnas eletr\u00f4nicas em v\u00eddeo institucional.\",\"datePublished\":\"2026-08-13T21:18:00+00:00\",\"dateModified\":\"2026-09-04T21:21:52+00:00\",\"mainEntityOfPage\":{\"@id\":\"https:\\\/\\\/cursos.ufrrj.br\\\/posgraduacao\\\/ppge\\\/discente-emanoel-flexa-do-tre-ap-fala-sobre-a-fiscalizacao-e-auditoria-nas-urnas-eletronicas-em-video-institucional\\\/\"},\"wordCount\":106,\"image\":{\"@id\":\"https:\\\/\\\/cursos.ufrrj.br\\\/posgraduacao\\\/ppge\\\/discente-emanoel-flexa-do-tre-ap-fala-sobre-a-fiscalizacao-e-auditoria-nas-urnas-eletronicas-em-video-institucional\\\/#primaryimage\"},\"thumbnailUrl\":\"https:\\\/\\\/cursos.ufrrj.br\\\/posgraduacao\\\/ppge\\\/files\\\/2026\\\/09\\\/Daniel-flexa-site.jpg\",\"articleSection\":[\"Noticias\"],\"inLanguage\":\"pt-BR\"},{\"@type\":\"WebPage\",\"@id\":\"https:\\\/\\\/cursos.ufrrj.br\\\/posgraduacao\\\/ppge\\\/discente-emanoel-flexa-do-tre-ap-fala-sobre-a-fiscalizacao-e-auditoria-nas-urnas-eletronicas-em-video-institucional\\\/\",\"url\":\"https:\\\/\\\/cursos.ufrrj.br\\\/posgraduacao\\\/ppge\\\/discente-emanoel-flexa-do-tre-ap-fala-sobre-a-fiscalizacao-e-auditoria-nas-urnas-eletronicas-em-video-institucional\\\/\",\"name\":\"Discente Emanoel Flexa, do TRE-AP, fala sobre a fiscaliza\u00e7\u00e3o e auditoria nas urnas eletr\u00f4nicas em v\u00eddeo institucional. - Programa de P\u00f3s-gradua\u00e7\u00e3o em Gest\u00e3o e Estrat\u00e9gia\",\"isPartOf\":{\"@id\":\"https:\\\/\\\/cursos.ufrrj.br\\\/posgraduacao\\\/ppge\\\/#website\"},\"primaryImageOfPage\":{\"@id\":\"https:\\\/\\\/cursos.ufrrj.br\\\/posgraduacao\\\/ppge\\\/discente-emanoel-flexa-do-tre-ap-fala-sobre-a-fiscalizacao-e-auditoria-nas-urnas-eletronicas-em-video-institucional\\\/#primaryimage\"},\"image\":{\"@id\":\"https:\\\/\\\/cursos.ufrrj.br\\\/posgraduacao\\\/ppge\\\/discente-emanoel-flexa-do-tre-ap-fala-sobre-a-fiscalizacao-e-auditoria-nas-urnas-eletronicas-em-video-institucional\\\/#primaryimage\"},\"thumbnailUrl\":\"https:\\\/\\\/cursos.ufrrj.br\\\/posgraduacao\\\/ppge\\\/files\\\/2026\\\/09\\\/Daniel-flexa-site.jpg\",\"datePublished\":\"2026-08-13T21:18:00+00:00\",\"dateModified\":\"2026-09-04T21:21:52+00:00\",\"author\":{\"@id\":\"https:\\\/\\\/cursos.ufrrj.br\\\/posgraduacao\\\/ppge\\\/#\\\/schema\\\/person\\\/1ebe486b3a994a3f43d2cf8345375b14\"},\"breadcrumb\":{\"@id\":\"https:\\\/\\\/cursos.ufrrj.br\\\/posgraduacao\\\/ppge\\\/discente-emanoel-flexa-do-tre-ap-fala-sobre-a-fiscalizacao-e-auditoria-nas-urnas-eletronicas-em-video-institucional\\\/#breadcrumb\"},\"inLanguage\":\"pt-BR\",\"potentialAction\":[{\"@type\":\"ReadAction\",\"target\":[\"https:\\\/\\\/cursos.ufrrj.br\\\/posgraduacao\\\/ppge\\\/discente-emanoel-flexa-do-tre-ap-fala-sobre-a-fiscalizacao-e-auditoria-nas-urnas-eletronicas-em-video-institucional\\\/\"]}]},{\"@type\":\"ImageObject\",\"inLanguage\":\"pt-BR\",\"@id\":\"https:\\\/\\\/cursos.ufrrj.br\\\/posgraduacao\\\/ppge\\\/discente-emanoel-flexa-do-tre-ap-fala-sobre-a-fiscalizacao-e-auditoria-nas-urnas-eletronicas-em-video-institucional\\\/#primaryimage\",\"url\":\"https:\\\/\\\/cursos.ufrrj.br\\\/posgraduacao\\\/ppge\\\/files\\\/2026\\\/09\\\/Daniel-flexa-site.jpg\",\"contentUrl\":\"https:\\\/\\\/cursos.ufrrj.br\\\/posgraduacao\\\/ppge\\\/files\\\/2026\\\/09\\\/Daniel-flexa-site.jpg\",\"width\":1366,\"height\":768},{\"@type\":\"BreadcrumbList\",\"@id\":\"https:\\\/\\\/cursos.ufrrj.br\\\/posgraduacao\\\/ppge\\\/discente-emanoel-flexa-do-tre-ap-fala-sobre-a-fiscalizacao-e-auditoria-nas-urnas-eletronicas-em-video-institucional\\\/#breadcrumb\",\"itemListElement\":[{\"@type\":\"ListItem\",\"position\":1,\"name\":\"In\u00edcio\",\"item\":\"https:\\\/\\\/cursos.ufrrj.br\\\/posgraduacao\\\/ppge\\\/\"},{\"@type\":\"ListItem\",\"position\":2,\"name\":\"Discente Emanoel Flexa, do TRE-AP, fala sobre a fiscaliza\u00e7\u00e3o e auditoria nas urnas eletr\u00f4nicas em v\u00eddeo institucional.\"}]},{\"@type\":\"WebSite\",\"@id\":\"https:\\\/\\\/cursos.ufrrj.br\\\/posgraduacao\\\/ppge\\\/#website\",\"url\":\"https:\\\/\\\/cursos.ufrrj.br\\\/posgraduacao\\\/ppge\\\/\",\"name\":\"Programa de P\u00f3s-gradua\u00e7\u00e3o em Gest\u00e3o e Estrat\u00e9gia\",\"description\":\"Universidade Federal Rural do Rio de Janeiro \u2013 UFRRJ\",\"potentialAction\":[{\"@type\":\"SearchAction\",\"target\":{\"@type\":\"EntryPoint\",\"urlTemplate\":\"https:\\\/\\\/cursos.ufrrj.br\\\/posgraduacao\\\/ppge\\\/?s={search_term_string}\"},\"query-input\":{\"@type\":\"PropertyValueSpecification\",\"valueRequired\":true,\"valueName\":\"search_term_string\"}}],\"inLanguage\":\"pt-BR\"},{\"@type\":\"Person\",\"@id\":\"https:\\\/\\\/cursos.ufrrj.br\\\/posgraduacao\\\/ppge\\\/#\\\/schema\\\/person\\\/1ebe486b3a994a3f43d2cf8345375b14\",\"name\":\"rosamelo\",\"image\":{\"@type\":\"ImageObject\",\"inLanguage\":\"pt-BR\",\"@id\":\"https:\\\/\\\/secure.gravatar.com\\\/avatar\\\/2ebc86ad019748621346f154d9f93c7906fb1ba57b288a9f900ca0c21c661f6b?s=96&d=mm&r=g\",\"url\":\"https:\\\/\\\/secure.gravatar.com\\\/avatar\\\/2ebc86ad019748621346f154d9f93c7906fb1ba57b288a9f900ca0c21c661f6b?s=96&d=mm&r=g\",\"contentUrl\":\"https:\\\/\\\/secure.gravatar.com\\\/avatar\\\/2ebc86ad019748621346f154d9f93c7906fb1ba57b288a9f900ca0c21c661f6b?s=96&d=mm&r=g\",\"caption\":\"rosamelo\"},\"description\":\"Chamado - ID: 33276 (Rural - Seropedica)\",\"url\":\"https:\\\/\\\/cursos.ufrrj.br\\\/posgraduacao\\\/ppge\\\/author\\\/rosamelo\\\/\"}]}<\/script>\n<!-- \/ Yoast SEO plugin. -->","yoast_head_json":{"title":"Discente Emanoel Flexa, do TRE-AP, fala sobre a fiscaliza\u00e7\u00e3o e auditoria nas urnas eletr\u00f4nicas em v\u00eddeo institucional. - Programa de P\u00f3s-gradua\u00e7\u00e3o em Gest\u00e3o e Estrat\u00e9gia","robots":{"index":"index","follow":"follow","max-snippet":"max-snippet:-1","max-image-preview":"max-image-preview:large","max-video-preview":"max-video-preview:-1"},"canonical":"https:\/\/cursos.ufrrj.br\/posgraduacao\/ppge\/discente-emanoel-flexa-do-tre-ap-fala-sobre-a-fiscalizacao-e-auditoria-nas-urnas-eletronicas-em-video-institucional\/","og_locale":"pt_BR","og_type":"article","og_title":"Discente Emanoel Flexa, do TRE-AP, fala sobre a fiscaliza\u00e7\u00e3o e auditoria nas urnas eletr\u00f4nicas em v\u00eddeo institucional. - Programa de P\u00f3s-gradua\u00e7\u00e3o em Gest\u00e3o e Estrat\u00e9gia","og_description":"Conhecimento que ultrapassa a sala de aula! O discente Emanoel Flexa, do Tribunal Regional Eleitoral do Amap\u00e1 (TRE-AP) e integrante do PPGE\/UFRRJ, [&hellip;]","og_url":"https:\/\/cursos.ufrrj.br\/posgraduacao\/ppge\/discente-emanoel-flexa-do-tre-ap-fala-sobre-a-fiscalizacao-e-auditoria-nas-urnas-eletronicas-em-video-institucional\/","og_site_name":"Programa de P\u00f3s-gradua\u00e7\u00e3o em Gest\u00e3o e Estrat\u00e9gia","article_publisher":"https:\/\/www.facebook.com\/MestradoProfissionalEmGestaoeEstrategia","article_published_time":"2026-08-13T21:18:00+00:00","article_modified_time":"2026-09-04T21:21:52+00:00","og_image":[{"width":1366,"height":768,"url":"https:\/\/cursos.ufrrj.br\/posgraduacao\/ppge\/files\/2026\/09\/Daniel-flexa-site.jpg","type":"image\/jpeg"}],"author":"rosamelo","twitter_card":"summary_large_image","twitter_misc":{"Escrito por":"rosamelo","Est. tempo de leitura":"1 minuto"},"schema":{"@context":"https:\/\/schema.org","@graph":[{"@type":"Article","@id":"https:\/\/cursos.ufrrj.br\/posgraduacao\/ppge\/discente-emanoel-flexa-do-tre-ap-fala-sobre-a-fiscalizacao-e-auditoria-nas-urnas-eletronicas-em-video-institucional\/#article","isPartOf":{"@id":"https:\/\/cursos.ufrrj.br\/posgraduacao\/ppge\/discente-emanoel-flexa-do-tre-ap-fala-sobre-a-fiscalizacao-e-auditoria-nas-urnas-eletronicas-em-video-institucional\/"},"author":{"name":"rosamelo","@id":"https:\/\/cursos.ufrrj.br\/posgraduacao\/ppge\/#\/schema\/person\/1ebe486b3a994a3f43d2cf8345375b14"},"headline":"Discente Emanoel Flexa, do TRE-AP, fala sobre a fiscaliza\u00e7\u00e3o e auditoria nas urnas eletr\u00f4nicas em v\u00eddeo institucional.","datePublished":"2026-08-13T21:18:00+00:00","dateModified":"2026-09-04T21:21:52+00:00","mainEntityOfPage":{"@id":"https:\/\/cursos.ufrrj.br\/posgraduacao\/ppge\/discente-emanoel-flexa-do-tre-ap-fala-sobre-a-fiscalizacao-e-auditoria-nas-urnas-eletronicas-em-video-institucional\/"},"wordCount":106,"image":{"@id":"https:\/\/cursos.ufrrj.br\/posgraduacao\/ppge\/discente-emanoel-flexa-do-tre-ap-fala-sobre-a-fiscalizacao-e-auditoria-nas-urnas-eletronicas-em-video-institucional\/#primaryimage"},"thumbnailUrl":"https:\/\/cursos.ufrrj.br\/posgraduacao\/ppge\/files\/2026\/09\/Daniel-flexa-site.jpg","articleSection":["Noticias"],"inLanguage":"pt-BR"},{"@type":"WebPage","@id":"https:\/\/cursos.ufrrj.br\/posgraduacao\/ppge\/discente-emanoel-flexa-do-tre-ap-fala-sobre-a-fiscalizacao-e-auditoria-nas-urnas-eletronicas-em-video-institucional\/","url":"https:\/\/cursos.ufrrj.br\/posgraduacao\/ppge\/discente-emanoel-flexa-do-tre-ap-fala-sobre-a-fiscalizacao-e-auditoria-nas-urnas-eletronicas-em-video-institucional\/","name":"Discente Emanoel Flexa, do TRE-AP, fala sobre a fiscaliza\u00e7\u00e3o e auditoria nas urnas eletr\u00f4nicas em v\u00eddeo institucional. - Programa de P\u00f3s-gradua\u00e7\u00e3o em Gest\u00e3o e Estrat\u00e9gia","isPartOf":{"@id":"https:\/\/cursos.ufrrj.br\/posgraduacao\/ppge\/#website"},"primaryImageOfPage":{"@id":"https:\/\/cursos.ufrrj.br\/posgraduacao\/ppge\/discente-emanoel-flexa-do-tre-ap-fala-sobre-a-fiscalizacao-e-auditoria-nas-urnas-eletronicas-em-video-institucional\/#primaryimage"},"image":{"@id":"https:\/\/cursos.ufrrj.br\/posgraduacao\/ppge\/discente-emanoel-flexa-do-tre-ap-fala-sobre-a-fiscalizacao-e-auditoria-nas-urnas-eletronicas-em-video-institucional\/#primaryimage"},"thumbnailUrl":"https:\/\/cursos.ufrrj.br\/posgraduacao\/ppge\/files\/2026\/09\/Daniel-flexa-site.jpg","datePublished":"2026-08-13T21:18:00+00:00","dateModified":"2026-09-04T21:21:52+00:00","author":{"@id":"https:\/\/cursos.ufrrj.br\/posgraduacao\/ppge\/#\/schema\/person\/1ebe486b3a994a3f43d2cf8345375b14"},"breadcrumb":{"@id":"https:\/\/cursos.ufrrj.br\/posgraduacao\/ppge\/discente-emanoel-flexa-do-tre-ap-fala-sobre-a-fiscalizacao-e-auditoria-nas-urnas-eletronicas-em-video-institucional\/#breadcrumb"},"inLanguage":"pt-BR","potentialAction":[{"@type":"ReadAction","target":["https:\/\/cursos.ufrrj.br\/posgraduacao\/ppge\/discente-emanoel-flexa-do-tre-ap-fala-sobre-a-fiscalizacao-e-auditoria-nas-urnas-eletronicas-em-video-institucional\/"]}]},{"@type":"ImageObject","inLanguage":"pt-BR","@id":"https:\/\/cursos.ufrrj.br\/posgraduacao\/ppge\/discente-emanoel-flexa-do-tre-ap-fala-sobre-a-fiscalizacao-e-auditoria-nas-urnas-eletronicas-em-video-institucional\/#primaryimage","url":"https:\/\/cursos.ufrrj.br\/posgraduacao\/ppge\/files\/2026\/09\/Daniel-flexa-site.jpg","contentUrl":"https:\/\/cursos.ufrrj.br\/posgraduacao\/ppge\/files\/2026\/09\/Daniel-flexa-site.jpg","width":1366,"height":768},{"@type":"BreadcrumbList","@id":"https:\/\/cursos.ufrrj.br\/posgraduacao\/ppge\/discente-emanoel-flexa-do-tre-ap-fala-sobre-a-fiscalizacao-e-auditoria-nas-urnas-eletronicas-em-video-institucional\/#breadcrumb","itemListElement":[{"@type":"ListItem","position":1,"name":"In\u00edcio","item":"https:\/\/cursos.ufrrj.br\/posgraduacao\/ppge\/"},{"@type":"ListItem","position":2,"name":"Discente Emanoel Flexa, do TRE-AP, fala sobre a fiscaliza\u00e7\u00e3o e auditoria nas urnas eletr\u00f4nicas em v\u00eddeo institucional."}]},{"@type":"WebSite","@id":"https:\/\/cursos.ufrrj.br\/posgraduacao\/ppge\/#website","url":"https:\/\/cursos.ufrrj.br\/posgraduacao\/ppge\/","name":"Programa de P\u00f3s-gradua\u00e7\u00e3o em Gest\u00e3o e Estrat\u00e9gia","description":"Universidade Federal Rural do Rio de Janeiro \u2013 UFRRJ","potentialAction":[{"@type":"SearchAction","target":{"@type":"EntryPoint","urlTemplate":"https:\/\/cursos.ufrrj.br\/posgraduacao\/ppge\/?s={search_term_string}"},"query-input":{"@type":"PropertyValueSpecification","valueRequired":true,"valueName":"search_term_string"}}],"inLanguage":"pt-BR"},{"@type":"Person","@id":"https:\/\/cursos.ufrrj.br\/posgraduacao\/ppge\/#\/schema\/person\/1ebe486b3a994a3f43d2cf8345375b14","name":"rosamelo","image":{"@type":"ImageObject","inLanguage":"pt-BR","@id":"https:\/\/secure.gravatar.com\/avatar\/2ebc86ad019748621346f154d9f93c7906fb1ba57b288a9f900ca0c21c661f6b?s=96&d=mm&r=g","url":"https:\/\/secure.gravatar.com\/avatar\/2ebc86ad019748621346f154d9f93c7906fb1ba57b288a9f900ca0c21c661f6b?s=96&d=mm&r=g","contentUrl":"https:\/\/secure.gravatar.com\/avatar\/2ebc86ad019748621346f154d9f93c7906fb1ba57b288a9f900ca0c21c661f6b?s=96&d=mm&r=g","caption":"rosamelo"},"description":"Chamado - ID: 33276 (Rural - Seropedica)","url":"https:\/\/cursos.ufrrj.br\/posgraduacao\/ppge\/author\/rosamelo\/"}]}},"acf":[],"_links":{"self":[{"href":"https:\/\/cursos.ufrrj.br\/posgraduacao\/ppge\/wp-json\/wp\/v2\/posts\/12076","targetHints":{"allow":["GET"]}}],"collection":[{"href":"https:\/\/cursos.ufrrj.br\/posgraduacao\/ppge\/wp-json\/wp\/v2\/posts"}],"about":[{"href":"https:\/\/cursos.ufrrj.br\/posgraduacao\/ppge\/wp-json\/wp\/v2\/types\/post"}],"author":[{"embeddable":true,"href":"https:\/\/cursos.ufrrj.br\/posgraduacao\/ppge\/wp-json\/wp\/v2\/users\/121"}],"replies":[{"embeddable":true,"href":"https:\/\/cursos.ufrrj.br\/posgraduacao\/ppge\/wp-json\/wp\/v2\/comments?post=12076"}],"version-history":[{"count":1,"href":"https:\/\/cursos.ufrrj.br\/posgraduacao\/ppge\/wp-json\/wp\/v2\/posts\/12076\/revisions"}],"predecessor-version":[{"id":12078,"href":"https:\/\/cursos.ufrrj.br\/posgraduacao\/ppge\/wp-json\/wp\/v2\/posts\/12076\/revisions\/12078"}],"wp:featuredmedia":[{"embeddable":true,"href":"https:\/\/cursos.ufrrj.br\/posgraduacao\/ppge\/wp-json\/wp\/v2\/media\/12077"}],"wp:attachment":[{"href":"https:\/\/cursos.ufrrj.br\/posgraduacao\/ppge\/wp-json\/wp\/v2\/media?parent=12076"}],"wp:term":[{"taxonomy":"category","embeddable":true,"href":"https:\/\/cursos.ufrrj.br\/posgraduacao\/ppge\/wp-json\/wp\/v2\/categories?post=12076"},{"taxonomy":"post_tag","embeddable":true,"href":"https:\/\/cursos.ufrrj.br\/posgraduacao\/ppge\/wp-json\/wp\/v2\/tags?post=12076"}],"curies":[{"name":"wp","href":"https:\/\/api.w.org\/{rel}","templated":true}]}}