{"id":6343,"date":"2026-09-01T22:08:06","date_gmt":"2026-09-02T01:08:06","guid":{"rendered":"https:\/\/cursos.ufrrj.br\/posgraduacao\/ppgdt\/?p=6343"},"modified":"2026-09-01T22:08:07","modified_gmt":"2026-09-02T01:08:07","slug":"marcio-rufino-silva","status":"publish","type":"post","link":"https:\/\/cursos.ufrrj.br\/posgraduacao\/ppgdt\/2026\/09\/01\/marcio-rufino-silva\/","title":{"rendered":"MARCIO RUFINO SILVA"},"content":{"rendered":"\n<p class=\"wp-block-paragraph\">Graduado em Geografia (Bacharelado e Licenciatura) pela Universidade de S\u00e3o Paulo (2005), concluindo Mestrado (2008) e Doutorado em Geografia Humana (2013) e est\u00e1gio de P\u00f3s-Doutorado (2023) pela mesma universidade. \u00c9 Professor Associado da Universidade Federal Rural do Rio de Janeiro (UFRRJ), atuando junto ao Departamento de Geografia (DGG), vinculado ao Instituto de Geoci\u00eancias (IGEO) dessa universidade. Integra o Programa de P\u00f3s-Gradua\u00e7\u00e3o em Geografia (PPGGEO), na UFRRJ, na condi\u00e7\u00e3o de Pesquisador Permanente; de julho de 2019 a julho de 2021, foi coordenador desse programa. Integra, igualmente, o Programa de P\u00f3s-Gradua\u00e7\u00e3o em Desenvolvimento Territorial e Pol\u00edticas P\u00fablicas (PPGDT), tamb\u00e9m na UFRRJ, na condi\u00e7\u00e3o de Professor Permanente. Coordena o grupo &#8221;Para uma cr\u00edtica da Economia Pol\u00edtica do Espa\u00e7o&#8221;, cujo escopo de pesquisas e atividades desenvolve-se regularmente junto a estudantes e pesquisadores da UFRRJ e outras institui\u00e7\u00f5es. Participa do &#8221;Grupo de Pesquisa em Planejamento Urbano e Desenvolvimento Territorial&#8221; (GEDUR), tamb\u00e9m sediado na UFRRJ, vinculado \u00e0 \u00e1rea de Planejamento Urbano e Regional. Participa do grupo de pesquisa &#8221;Geografia Urbana: a vida cotidiana e o urbano&#8221;, vinculado \u00e0 USP. Tem experi\u00eancia na \u00e1rea de Geografia Humana, com \u00eanfase em Geografia Urbana, atuando principalmente nos seguintes temas: urbaniza\u00e7\u00e3o cr\u00edtica, territ\u00f3rios e territorialidades, fronteiras urbanas, cotidiano e vida cotidiana, metropoliza\u00e7\u00e3o, planejamento urbano e cr\u00edtica \u00e0 economia pol\u00edtica.<\/p>\n","protected":false},"excerpt":{"rendered":"<p>Graduado em Geografia (Bacharelado e Licenciatura) pela Universidade de S\u00e3o Paulo (2005), concluindo Mestrado (2008) e Doutorado em Geografia Humana (2013) e [&hellip;]<\/p>\n","protected":false},"author":60,"featured_media":6344,"comment_status":"closed","ping_status":"closed","sticky":false,"template":"","format":"standard","meta":{"_acf_changed":false,"footnotes":""},"categories":[7],"tags":[],"class_list":["post-6343","post","type-post","status-publish","format-standard","has-post-thumbnail","hentry","category-corpo-docente"],"yoast_head":"<!-- This site is optimized with the Yoast SEO plugin v28.2 - https:\/\/yoast.com\/product\/yoast-seo-wordpress\/ -->\n<title>MARCIO RUFINO SILVA - PPGDT<\/title>\n<meta name=\"robots\" content=\"index, follow, max-snippet:-1, max-image-preview:large, max-video-preview:-1\" \/>\n<link rel=\"canonical\" href=\"https:\/\/cursos.ufrrj.br\/posgraduacao\/ppgdt\/2026\/09\/01\/marcio-rufino-silva\/\" \/>\n<meta property=\"og:locale\" content=\"pt_BR\" \/>\n<meta property=\"og:type\" content=\"article\" \/>\n<meta property=\"og:title\" content=\"MARCIO RUFINO SILVA - PPGDT\" \/>\n<meta property=\"og:description\" content=\"Graduado em Geografia (Bacharelado e Licenciatura) pela Universidade de S\u00e3o Paulo (2005), concluindo Mestrado (2008) e Doutorado em Geografia Humana (2013) e [&hellip;]\" \/>\n<meta property=\"og:url\" content=\"https:\/\/cursos.ufrrj.br\/posgraduacao\/ppgdt\/2026\/09\/01\/marcio-rufino-silva\/\" \/>\n<meta property=\"og:site_name\" content=\"PPGDT\" \/>\n<meta property=\"article:author\" content=\"https:\/\/www.facebook.com\/ppgdt.ufrrj\" \/>\n<meta property=\"article:published_time\" content=\"2026-09-02T01:08:06+00:00\" \/>\n<meta property=\"article:modified_time\" content=\"2026-09-02T01:08:07+00:00\" \/>\n<meta property=\"og:image\" content=\"https:\/\/cursos.ufrrj.br\/posgraduacao\/ppgdt\/files\/2026\/09\/Marcio-Rufino.jpg\" \/>\n\t<meta property=\"og:image:width\" content=\"1534\" \/>\n\t<meta property=\"og:image:height\" content=\"2000\" \/>\n\t<meta property=\"og:image:type\" content=\"image\/jpeg\" \/>\n<meta name=\"author\" content=\"dalcantara\" \/>\n<meta name=\"twitter:card\" content=\"summary_large_image\" \/>\n<meta name=\"twitter:label1\" content=\"Escrito por\" \/>\n\t<meta name=\"twitter:data1\" content=\"dalcantara\" \/>\n\t<meta name=\"twitter:label2\" content=\"Est. tempo de leitura\" \/>\n\t<meta name=\"twitter:data2\" content=\"1 minuto\" \/>\n<script type=\"application\/ld+json\" class=\"yoast-schema-graph\">{\"@context\":\"https:\\\/\\\/schema.org\",\"@graph\":[{\"@type\":\"Article\",\"@id\":\"https:\\\/\\\/cursos.ufrrj.br\\\/posgraduacao\\\/ppgdt\\\/2026\\\/09\\\/01\\\/marcio-rufino-silva\\\/#article\",\"isPartOf\":{\"@id\":\"https:\\\/\\\/cursos.ufrrj.br\\\/posgraduacao\\\/ppgdt\\\/2026\\\/09\\\/01\\\/marcio-rufino-silva\\\/\"},\"author\":{\"name\":\"dalcantara\",\"@id\":\"https:\\\/\\\/cursos.ufrrj.br\\\/posgraduacao\\\/ppgdt\\\/#\\\/schema\\\/person\\\/344e7960f96bc67e0270a8b3fef7aab9\"},\"headline\":\"MARCIO RUFINO SILVA\",\"datePublished\":\"2026-09-02T01:08:06+00:00\",\"dateModified\":\"2026-09-02T01:08:07+00:00\",\"mainEntityOfPage\":{\"@id\":\"https:\\\/\\\/cursos.ufrrj.br\\\/posgraduacao\\\/ppgdt\\\/2026\\\/09\\\/01\\\/marcio-rufino-silva\\\/\"},\"wordCount\":227,\"image\":{\"@id\":\"https:\\\/\\\/cursos.ufrrj.br\\\/posgraduacao\\\/ppgdt\\\/2026\\\/09\\\/01\\\/marcio-rufino-silva\\\/#primaryimage\"},\"thumbnailUrl\":\"https:\\\/\\\/cursos.ufrrj.br\\\/posgraduacao\\\/ppgdt\\\/files\\\/2026\\\/09\\\/Marcio-Rufino.jpg\",\"articleSection\":[\"Corpo Docente\"],\"inLanguage\":\"pt-BR\"},{\"@type\":\"WebPage\",\"@id\":\"https:\\\/\\\/cursos.ufrrj.br\\\/posgraduacao\\\/ppgdt\\\/2026\\\/09\\\/01\\\/marcio-rufino-silva\\\/\",\"url\":\"https:\\\/\\\/cursos.ufrrj.br\\\/posgraduacao\\\/ppgdt\\\/2026\\\/09\\\/01\\\/marcio-rufino-silva\\\/\",\"name\":\"MARCIO RUFINO SILVA - PPGDT\",\"isPartOf\":{\"@id\":\"https:\\\/\\\/cursos.ufrrj.br\\\/posgraduacao\\\/ppgdt\\\/#website\"},\"primaryImageOfPage\":{\"@id\":\"https:\\\/\\\/cursos.ufrrj.br\\\/posgraduacao\\\/ppgdt\\\/2026\\\/09\\\/01\\\/marcio-rufino-silva\\\/#primaryimage\"},\"image\":{\"@id\":\"https:\\\/\\\/cursos.ufrrj.br\\\/posgraduacao\\\/ppgdt\\\/2026\\\/09\\\/01\\\/marcio-rufino-silva\\\/#primaryimage\"},\"thumbnailUrl\":\"https:\\\/\\\/cursos.ufrrj.br\\\/posgraduacao\\\/ppgdt\\\/files\\\/2026\\\/09\\\/Marcio-Rufino.jpg\",\"datePublished\":\"2026-09-02T01:08:06+00:00\",\"dateModified\":\"2026-09-02T01:08:07+00:00\",\"author\":{\"@id\":\"https:\\\/\\\/cursos.ufrrj.br\\\/posgraduacao\\\/ppgdt\\\/#\\\/schema\\\/person\\\/344e7960f96bc67e0270a8b3fef7aab9\"},\"breadcrumb\":{\"@id\":\"https:\\\/\\\/cursos.ufrrj.br\\\/posgraduacao\\\/ppgdt\\\/2026\\\/09\\\/01\\\/marcio-rufino-silva\\\/#breadcrumb\"},\"inLanguage\":\"pt-BR\",\"potentialAction\":[{\"@type\":\"ReadAction\",\"target\":[\"https:\\\/\\\/cursos.ufrrj.br\\\/posgraduacao\\\/ppgdt\\\/2026\\\/09\\\/01\\\/marcio-rufino-silva\\\/\"]}]},{\"@type\":\"ImageObject\",\"inLanguage\":\"pt-BR\",\"@id\":\"https:\\\/\\\/cursos.ufrrj.br\\\/posgraduacao\\\/ppgdt\\\/2026\\\/09\\\/01\\\/marcio-rufino-silva\\\/#primaryimage\",\"url\":\"https:\\\/\\\/cursos.ufrrj.br\\\/posgraduacao\\\/ppgdt\\\/files\\\/2026\\\/09\\\/Marcio-Rufino.jpg\",\"contentUrl\":\"https:\\\/\\\/cursos.ufrrj.br\\\/posgraduacao\\\/ppgdt\\\/files\\\/2026\\\/09\\\/Marcio-Rufino.jpg\",\"width\":1534,\"height\":2000},{\"@type\":\"BreadcrumbList\",\"@id\":\"https:\\\/\\\/cursos.ufrrj.br\\\/posgraduacao\\\/ppgdt\\\/2026\\\/09\\\/01\\\/marcio-rufino-silva\\\/#breadcrumb\",\"itemListElement\":[{\"@type\":\"ListItem\",\"position\":1,\"name\":\"In\u00edcio\",\"item\":\"https:\\\/\\\/cursos.ufrrj.br\\\/posgraduacao\\\/ppgdt\\\/\"},{\"@type\":\"ListItem\",\"position\":2,\"name\":\"MARCIO RUFINO SILVA\"}]},{\"@type\":\"WebSite\",\"@id\":\"https:\\\/\\\/cursos.ufrrj.br\\\/posgraduacao\\\/ppgdt\\\/#website\",\"url\":\"https:\\\/\\\/cursos.ufrrj.br\\\/posgraduacao\\\/ppgdt\\\/\",\"name\":\"PPGDT\",\"description\":\"Programa de P\u00f3s-Gradua\u00e7\u00e3o em Desenvolvimento Territorial e Politicas P\u00fablicas\",\"potentialAction\":[{\"@type\":\"SearchAction\",\"target\":{\"@type\":\"EntryPoint\",\"urlTemplate\":\"https:\\\/\\\/cursos.ufrrj.br\\\/posgraduacao\\\/ppgdt\\\/?s={search_term_string}\"},\"query-input\":{\"@type\":\"PropertyValueSpecification\",\"valueRequired\":true,\"valueName\":\"search_term_string\"}}],\"inLanguage\":\"pt-BR\"},{\"@type\":\"Person\",\"@id\":\"https:\\\/\\\/cursos.ufrrj.br\\\/posgraduacao\\\/ppgdt\\\/#\\\/schema\\\/person\\\/344e7960f96bc67e0270a8b3fef7aab9\",\"name\":\"dalcantara\",\"image\":{\"@type\":\"ImageObject\",\"inLanguage\":\"pt-BR\",\"@id\":\"https:\\\/\\\/secure.gravatar.com\\\/avatar\\\/0c6b16e61fc3d799b2af5a38564debacacef05bb59f55c4643bdd7c92299f0c2?s=96&d=mm&r=g\",\"url\":\"https:\\\/\\\/secure.gravatar.com\\\/avatar\\\/0c6b16e61fc3d799b2af5a38564debacacef05bb59f55c4643bdd7c92299f0c2?s=96&d=mm&r=g\",\"contentUrl\":\"https:\\\/\\\/secure.gravatar.com\\\/avatar\\\/0c6b16e61fc3d799b2af5a38564debacacef05bb59f55c4643bdd7c92299f0c2?s=96&d=mm&r=g\",\"caption\":\"dalcantara\"},\"sameAs\":[\"https:\\\/\\\/www.facebook.com\\\/ppgdt.ufrrj\",\"https:\\\/\\\/www.instagram.com\\\/ppgdt.ufrrj\\\/\"],\"url\":\"https:\\\/\\\/cursos.ufrrj.br\\\/posgraduacao\\\/ppgdt\\\/author\\\/dalcantara\\\/\"}]}<\/script>\n<!-- \/ Yoast SEO plugin. -->","yoast_head_json":{"title":"MARCIO RUFINO SILVA - PPGDT","robots":{"index":"index","follow":"follow","max-snippet":"max-snippet:-1","max-image-preview":"max-image-preview:large","max-video-preview":"max-video-preview:-1"},"canonical":"https:\/\/cursos.ufrrj.br\/posgraduacao\/ppgdt\/2026\/09\/01\/marcio-rufino-silva\/","og_locale":"pt_BR","og_type":"article","og_title":"MARCIO RUFINO SILVA - PPGDT","og_description":"Graduado em Geografia (Bacharelado e Licenciatura) pela Universidade de S\u00e3o Paulo (2005), concluindo Mestrado (2008) e Doutorado em Geografia Humana (2013) e [&hellip;]","og_url":"https:\/\/cursos.ufrrj.br\/posgraduacao\/ppgdt\/2026\/09\/01\/marcio-rufino-silva\/","og_site_name":"PPGDT","article_author":"https:\/\/www.facebook.com\/ppgdt.ufrrj","article_published_time":"2026-09-02T01:08:06+00:00","article_modified_time":"2026-09-02T01:08:07+00:00","og_image":[{"width":1534,"height":2000,"url":"https:\/\/cursos.ufrrj.br\/posgraduacao\/ppgdt\/files\/2026\/09\/Marcio-Rufino.jpg","type":"image\/jpeg"}],"author":"dalcantara","twitter_card":"summary_large_image","twitter_misc":{"Escrito por":"dalcantara","Est. tempo de leitura":"1 minuto"},"schema":{"@context":"https:\/\/schema.org","@graph":[{"@type":"Article","@id":"https:\/\/cursos.ufrrj.br\/posgraduacao\/ppgdt\/2026\/09\/01\/marcio-rufino-silva\/#article","isPartOf":{"@id":"https:\/\/cursos.ufrrj.br\/posgraduacao\/ppgdt\/2026\/09\/01\/marcio-rufino-silva\/"},"author":{"name":"dalcantara","@id":"https:\/\/cursos.ufrrj.br\/posgraduacao\/ppgdt\/#\/schema\/person\/344e7960f96bc67e0270a8b3fef7aab9"},"headline":"MARCIO RUFINO SILVA","datePublished":"2026-09-02T01:08:06+00:00","dateModified":"2026-09-02T01:08:07+00:00","mainEntityOfPage":{"@id":"https:\/\/cursos.ufrrj.br\/posgraduacao\/ppgdt\/2026\/09\/01\/marcio-rufino-silva\/"},"wordCount":227,"image":{"@id":"https:\/\/cursos.ufrrj.br\/posgraduacao\/ppgdt\/2026\/09\/01\/marcio-rufino-silva\/#primaryimage"},"thumbnailUrl":"https:\/\/cursos.ufrrj.br\/posgraduacao\/ppgdt\/files\/2026\/09\/Marcio-Rufino.jpg","articleSection":["Corpo Docente"],"inLanguage":"pt-BR"},{"@type":"WebPage","@id":"https:\/\/cursos.ufrrj.br\/posgraduacao\/ppgdt\/2026\/09\/01\/marcio-rufino-silva\/","url":"https:\/\/cursos.ufrrj.br\/posgraduacao\/ppgdt\/2026\/09\/01\/marcio-rufino-silva\/","name":"MARCIO RUFINO SILVA - PPGDT","isPartOf":{"@id":"https:\/\/cursos.ufrrj.br\/posgraduacao\/ppgdt\/#website"},"primaryImageOfPage":{"@id":"https:\/\/cursos.ufrrj.br\/posgraduacao\/ppgdt\/2026\/09\/01\/marcio-rufino-silva\/#primaryimage"},"image":{"@id":"https:\/\/cursos.ufrrj.br\/posgraduacao\/ppgdt\/2026\/09\/01\/marcio-rufino-silva\/#primaryimage"},"thumbnailUrl":"https:\/\/cursos.ufrrj.br\/posgraduacao\/ppgdt\/files\/2026\/09\/Marcio-Rufino.jpg","datePublished":"2026-09-02T01:08:06+00:00","dateModified":"2026-09-02T01:08:07+00:00","author":{"@id":"https:\/\/cursos.ufrrj.br\/posgraduacao\/ppgdt\/#\/schema\/person\/344e7960f96bc67e0270a8b3fef7aab9"},"breadcrumb":{"@id":"https:\/\/cursos.ufrrj.br\/posgraduacao\/ppgdt\/2026\/09\/01\/marcio-rufino-silva\/#breadcrumb"},"inLanguage":"pt-BR","potentialAction":[{"@type":"ReadAction","target":["https:\/\/cursos.ufrrj.br\/posgraduacao\/ppgdt\/2026\/09\/01\/marcio-rufino-silva\/"]}]},{"@type":"ImageObject","inLanguage":"pt-BR","@id":"https:\/\/cursos.ufrrj.br\/posgraduacao\/ppgdt\/2026\/09\/01\/marcio-rufino-silva\/#primaryimage","url":"https:\/\/cursos.ufrrj.br\/posgraduacao\/ppgdt\/files\/2026\/09\/Marcio-Rufino.jpg","contentUrl":"https:\/\/cursos.ufrrj.br\/posgraduacao\/ppgdt\/files\/2026\/09\/Marcio-Rufino.jpg","width":1534,"height":2000},{"@type":"BreadcrumbList","@id":"https:\/\/cursos.ufrrj.br\/posgraduacao\/ppgdt\/2026\/09\/01\/marcio-rufino-silva\/#breadcrumb","itemListElement":[{"@type":"ListItem","position":1,"name":"In\u00edcio","item":"https:\/\/cursos.ufrrj.br\/posgraduacao\/ppgdt\/"},{"@type":"ListItem","position":2,"name":"MARCIO RUFINO SILVA"}]},{"@type":"WebSite","@id":"https:\/\/cursos.ufrrj.br\/posgraduacao\/ppgdt\/#website","url":"https:\/\/cursos.ufrrj.br\/posgraduacao\/ppgdt\/","name":"PPGDT","description":"Programa de P\u00f3s-Gradua\u00e7\u00e3o em Desenvolvimento Territorial e Politicas P\u00fablicas","potentialAction":[{"@type":"SearchAction","target":{"@type":"EntryPoint","urlTemplate":"https:\/\/cursos.ufrrj.br\/posgraduacao\/ppgdt\/?s={search_term_string}"},"query-input":{"@type":"PropertyValueSpecification","valueRequired":true,"valueName":"search_term_string"}}],"inLanguage":"pt-BR"},{"@type":"Person","@id":"https:\/\/cursos.ufrrj.br\/posgraduacao\/ppgdt\/#\/schema\/person\/344e7960f96bc67e0270a8b3fef7aab9","name":"dalcantara","image":{"@type":"ImageObject","inLanguage":"pt-BR","@id":"https:\/\/secure.gravatar.com\/avatar\/0c6b16e61fc3d799b2af5a38564debacacef05bb59f55c4643bdd7c92299f0c2?s=96&d=mm&r=g","url":"https:\/\/secure.gravatar.com\/avatar\/0c6b16e61fc3d799b2af5a38564debacacef05bb59f55c4643bdd7c92299f0c2?s=96&d=mm&r=g","contentUrl":"https:\/\/secure.gravatar.com\/avatar\/0c6b16e61fc3d799b2af5a38564debacacef05bb59f55c4643bdd7c92299f0c2?s=96&d=mm&r=g","caption":"dalcantara"},"sameAs":["https:\/\/www.facebook.com\/ppgdt.ufrrj","https:\/\/www.instagram.com\/ppgdt.ufrrj\/"],"url":"https:\/\/cursos.ufrrj.br\/posgraduacao\/ppgdt\/author\/dalcantara\/"}]}},"acf":[],"_links":{"self":[{"href":"https:\/\/cursos.ufrrj.br\/posgraduacao\/ppgdt\/wp-json\/wp\/v2\/posts\/6343","targetHints":{"allow":["GET"]}}],"collection":[{"href":"https:\/\/cursos.ufrrj.br\/posgraduacao\/ppgdt\/wp-json\/wp\/v2\/posts"}],"about":[{"href":"https:\/\/cursos.ufrrj.br\/posgraduacao\/ppgdt\/wp-json\/wp\/v2\/types\/post"}],"author":[{"embeddable":true,"href":"https:\/\/cursos.ufrrj.br\/posgraduacao\/ppgdt\/wp-json\/wp\/v2\/users\/60"}],"replies":[{"embeddable":true,"href":"https:\/\/cursos.ufrrj.br\/posgraduacao\/ppgdt\/wp-json\/wp\/v2\/comments?post=6343"}],"version-history":[{"count":1,"href":"https:\/\/cursos.ufrrj.br\/posgraduacao\/ppgdt\/wp-json\/wp\/v2\/posts\/6343\/revisions"}],"predecessor-version":[{"id":6345,"href":"https:\/\/cursos.ufrrj.br\/posgraduacao\/ppgdt\/wp-json\/wp\/v2\/posts\/6343\/revisions\/6345"}],"wp:featuredmedia":[{"embeddable":true,"href":"https:\/\/cursos.ufrrj.br\/posgraduacao\/ppgdt\/wp-json\/wp\/v2\/media\/6344"}],"wp:attachment":[{"href":"https:\/\/cursos.ufrrj.br\/posgraduacao\/ppgdt\/wp-json\/wp\/v2\/media?parent=6343"}],"wp:term":[{"taxonomy":"category","embeddable":true,"href":"https:\/\/cursos.ufrrj.br\/posgraduacao\/ppgdt\/wp-json\/wp\/v2\/categories?post=6343"},{"taxonomy":"post_tag","embeddable":true,"href":"https:\/\/cursos.ufrrj.br\/posgraduacao\/ppgdt\/wp-json\/wp\/v2\/tags?post=6343"}],"curies":[{"name":"wp","href":"https:\/\/api.w.org\/{rel}","templated":true}]}}