{"id":6340,"date":"2026-09-01T22:05:50","date_gmt":"2026-09-02T01:05:50","guid":{"rendered":"https:\/\/cursos.ufrrj.br\/posgraduacao\/ppgdt\/?p=6340"},"modified":"2026-09-01T22:05:51","modified_gmt":"2026-09-02T01:05:51","slug":"marcia-de-noronha-santos-ferran","status":"publish","type":"post","link":"https:\/\/cursos.ufrrj.br\/posgraduacao\/ppgdt\/2026\/09\/01\/marcia-de-noronha-santos-ferran\/","title":{"rendered":"MARCIA DE NORONHA SANTOS FERRAN"},"content":{"rendered":"\n<p class=\"wp-block-paragraph\">Professora Associada da Universidade Federal Fluminense, no Bacharelado em Produ\u00e7\u00e3o Cultural do P\u00f3lo de Rio das Ostras desde 2009. e Prof Colaboradora do Programa de P\u00f3s-Gradua\u00e7\u00e3o em Desenvolvimento Territorial e Pol\u00edticas P\u00fablicas da UFRRJ desde 2026, Possui gradua\u00e7\u00e3o em Arquitetura e Urbanismo pela Universidade Federal do Rio de Janeiro (1990), mestrado em Urbanismo pelo PROURB da Universidade Federal do Rio de Janeiro com bolsa CAPES (2000), Doutorado co-tutela em Filosofia pela Universit\u00e9 Paris 1 (Panth\u00e9on-Sorbonne) (2007) com bolsa CNPq e em Arquitetura e Urbanismo pela Universidade Federal da Bahia (2007).Implantou e coordenou eventos cient\u00edficos e culturais na Fran\u00e7a como o I Rencontre Culture em 2004 na Embaixada do Brasil e o Ciclo de Palestras cient\u00edficas APEB-FR na Fran\u00e7a. Tem experi\u00eancia em pesquisa na \u00e1rea de Arquitetura e Urbanismo, com \u00eanfase em Fundamentos de Arquitetura e Urbanismo. Desde o doutoramento suas investiga\u00e7\u00f5es focam os seguintes temas: equipamentos culturais nas periferias urbanas, pol\u00edtica urbano-cultural, arte contempor\u00e2nea, revitaliza\u00e7\u00e3o urbana e arte no espa\u00e7o p\u00fablico. Em 2007 recebeu o Pr\u00eamio Rumos Ita\u00fa Cultural Pesquisa: Gest\u00e3o Cultural 2007-2008 na categoria Pesquisa Conclu\u00eddas pela disserta\u00e7\u00e3o de mestrado Participa\u00e7\u00e3o, pol\u00edtica cultural e revitaliza\u00e7\u00e3o urbana nos sub\u00farbios cariocas : o caso das Lonas Culturais. De mar\u00e7o de 2010 a mar\u00e7o 2011 exerceu a Coordena\u00e7\u00e3o-Geral de Acompanhamento da Pol\u00edtica Cultural no Minist\u00e9rio da Cultura do Brasil, quando integrou diversos j\u00faris de premia\u00e7\u00e3o pelo MINC e IPHAN, al\u00e9m de coordenar a consulta publica para inclus\u00e3o da Arquitetura nos temas da Pr\u00e9-Confer\u00eancia Nacional de Cultura (2010) . Em 2015 realizou Est\u00e1gio P\u00f3s-Doutoral na University of the Arts London com bolsa da CAPES. \u00c9 l\u00edder do Grupo de Pesquisa &#8221;Espacialidades Cr\u00edticas: pontes femininas entre arte e arquitetura&#8221; cadastrada no Diret\u00f3rio dos Grupos de Pesquisa no Brasil (CNpq) e integrante dos grupos de Pesquisa: &#8221; O Espa\u00e7o delas&#8221; da Universidade Federal de Uberl\u00e2ndia e do &#8221;Forum Permanente: sistema cultural entre o p\u00fablico e o privado&#8221; do Instituto de Estudos Avan\u00e7ados\/ USP. \u00c9 autora do livro O Desafio da Hospitalidade &#8211; arte, cultura e resist\u00eancia em sub\u00farbios de Paris e do Rio de Janeiro publicado pela Editora Circuito e lan\u00e7ado em setembro de 2020, baseado na sua tese de doutorado.Em 2023 realizou Est\u00e1gio P\u00f3s Doutoral na UFBA.<\/p>\n","protected":false},"excerpt":{"rendered":"<p>Professora Associada da Universidade Federal Fluminense, no Bacharelado em Produ\u00e7\u00e3o Cultural do P\u00f3lo de Rio das Ostras desde 2009. e Prof Colaboradora [&hellip;]<\/p>\n","protected":false},"author":60,"featured_media":6341,"comment_status":"closed","ping_status":"closed","sticky":false,"template":"","format":"standard","meta":{"_acf_changed":false,"footnotes":""},"categories":[7],"tags":[],"class_list":["post-6340","post","type-post","status-publish","format-standard","has-post-thumbnail","hentry","category-corpo-docente"],"yoast_head":"<!-- This site is optimized with the Yoast SEO plugin v28.2 - https:\/\/yoast.com\/product\/yoast-seo-wordpress\/ -->\n<title>MARCIA DE NORONHA SANTOS FERRAN - PPGDT<\/title>\n<meta name=\"robots\" content=\"index, follow, max-snippet:-1, max-image-preview:large, max-video-preview:-1\" \/>\n<link rel=\"canonical\" href=\"https:\/\/cursos.ufrrj.br\/posgraduacao\/ppgdt\/2026\/09\/01\/marcia-de-noronha-santos-ferran\/\" \/>\n<meta property=\"og:locale\" content=\"pt_BR\" \/>\n<meta property=\"og:type\" content=\"article\" \/>\n<meta property=\"og:title\" content=\"MARCIA DE NORONHA SANTOS FERRAN - PPGDT\" \/>\n<meta property=\"og:description\" content=\"Professora Associada da Universidade Federal Fluminense, no Bacharelado em Produ\u00e7\u00e3o Cultural do P\u00f3lo de Rio das Ostras desde 2009. e Prof Colaboradora [&hellip;]\" \/>\n<meta property=\"og:url\" content=\"https:\/\/cursos.ufrrj.br\/posgraduacao\/ppgdt\/2026\/09\/01\/marcia-de-noronha-santos-ferran\/\" \/>\n<meta property=\"og:site_name\" content=\"PPGDT\" \/>\n<meta property=\"article:author\" content=\"https:\/\/www.facebook.com\/ppgdt.ufrrj\" \/>\n<meta property=\"article:published_time\" content=\"2026-09-02T01:05:50+00:00\" \/>\n<meta property=\"article:modified_time\" content=\"2026-09-02T01:05:51+00:00\" \/>\n<meta property=\"og:image\" content=\"https:\/\/cursos.ufrrj.br\/posgraduacao\/ppgdt\/files\/2026\/09\/MARCIA-DE-NORONHA-SANTOS-FERRAN.jpg\" \/>\n\t<meta property=\"og:image:width\" content=\"1503\" \/>\n\t<meta property=\"og:image:height\" content=\"2000\" \/>\n\t<meta property=\"og:image:type\" content=\"image\/jpeg\" \/>\n<meta name=\"author\" content=\"dalcantara\" \/>\n<meta name=\"twitter:card\" content=\"summary_large_image\" \/>\n<meta name=\"twitter:label1\" content=\"Escrito por\" \/>\n\t<meta name=\"twitter:data1\" content=\"dalcantara\" \/>\n\t<meta name=\"twitter:label2\" content=\"Est. tempo de leitura\" \/>\n\t<meta name=\"twitter:data2\" content=\"2 minutos\" \/>\n<script type=\"application\/ld+json\" class=\"yoast-schema-graph\">{\"@context\":\"https:\\\/\\\/schema.org\",\"@graph\":[{\"@type\":\"Article\",\"@id\":\"https:\\\/\\\/cursos.ufrrj.br\\\/posgraduacao\\\/ppgdt\\\/2026\\\/09\\\/01\\\/marcia-de-noronha-santos-ferran\\\/#article\",\"isPartOf\":{\"@id\":\"https:\\\/\\\/cursos.ufrrj.br\\\/posgraduacao\\\/ppgdt\\\/2026\\\/09\\\/01\\\/marcia-de-noronha-santos-ferran\\\/\"},\"author\":{\"name\":\"dalcantara\",\"@id\":\"https:\\\/\\\/cursos.ufrrj.br\\\/posgraduacao\\\/ppgdt\\\/#\\\/schema\\\/person\\\/344e7960f96bc67e0270a8b3fef7aab9\"},\"headline\":\"MARCIA DE NORONHA SANTOS FERRAN\",\"datePublished\":\"2026-09-02T01:05:50+00:00\",\"dateModified\":\"2026-09-02T01:05:51+00:00\",\"mainEntityOfPage\":{\"@id\":\"https:\\\/\\\/cursos.ufrrj.br\\\/posgraduacao\\\/ppgdt\\\/2026\\\/09\\\/01\\\/marcia-de-noronha-santos-ferran\\\/\"},\"wordCount\":402,\"image\":{\"@id\":\"https:\\\/\\\/cursos.ufrrj.br\\\/posgraduacao\\\/ppgdt\\\/2026\\\/09\\\/01\\\/marcia-de-noronha-santos-ferran\\\/#primaryimage\"},\"thumbnailUrl\":\"https:\\\/\\\/cursos.ufrrj.br\\\/posgraduacao\\\/ppgdt\\\/files\\\/2026\\\/09\\\/MARCIA-DE-NORONHA-SANTOS-FERRAN.jpg\",\"articleSection\":[\"Corpo Docente\"],\"inLanguage\":\"pt-BR\"},{\"@type\":\"WebPage\",\"@id\":\"https:\\\/\\\/cursos.ufrrj.br\\\/posgraduacao\\\/ppgdt\\\/2026\\\/09\\\/01\\\/marcia-de-noronha-santos-ferran\\\/\",\"url\":\"https:\\\/\\\/cursos.ufrrj.br\\\/posgraduacao\\\/ppgdt\\\/2026\\\/09\\\/01\\\/marcia-de-noronha-santos-ferran\\\/\",\"name\":\"MARCIA DE NORONHA SANTOS FERRAN - PPGDT\",\"isPartOf\":{\"@id\":\"https:\\\/\\\/cursos.ufrrj.br\\\/posgraduacao\\\/ppgdt\\\/#website\"},\"primaryImageOfPage\":{\"@id\":\"https:\\\/\\\/cursos.ufrrj.br\\\/posgraduacao\\\/ppgdt\\\/2026\\\/09\\\/01\\\/marcia-de-noronha-santos-ferran\\\/#primaryimage\"},\"image\":{\"@id\":\"https:\\\/\\\/cursos.ufrrj.br\\\/posgraduacao\\\/ppgdt\\\/2026\\\/09\\\/01\\\/marcia-de-noronha-santos-ferran\\\/#primaryimage\"},\"thumbnailUrl\":\"https:\\\/\\\/cursos.ufrrj.br\\\/posgraduacao\\\/ppgdt\\\/files\\\/2026\\\/09\\\/MARCIA-DE-NORONHA-SANTOS-FERRAN.jpg\",\"datePublished\":\"2026-09-02T01:05:50+00:00\",\"dateModified\":\"2026-09-02T01:05:51+00:00\",\"author\":{\"@id\":\"https:\\\/\\\/cursos.ufrrj.br\\\/posgraduacao\\\/ppgdt\\\/#\\\/schema\\\/person\\\/344e7960f96bc67e0270a8b3fef7aab9\"},\"breadcrumb\":{\"@id\":\"https:\\\/\\\/cursos.ufrrj.br\\\/posgraduacao\\\/ppgdt\\\/2026\\\/09\\\/01\\\/marcia-de-noronha-santos-ferran\\\/#breadcrumb\"},\"inLanguage\":\"pt-BR\",\"potentialAction\":[{\"@type\":\"ReadAction\",\"target\":[\"https:\\\/\\\/cursos.ufrrj.br\\\/posgraduacao\\\/ppgdt\\\/2026\\\/09\\\/01\\\/marcia-de-noronha-santos-ferran\\\/\"]}]},{\"@type\":\"ImageObject\",\"inLanguage\":\"pt-BR\",\"@id\":\"https:\\\/\\\/cursos.ufrrj.br\\\/posgraduacao\\\/ppgdt\\\/2026\\\/09\\\/01\\\/marcia-de-noronha-santos-ferran\\\/#primaryimage\",\"url\":\"https:\\\/\\\/cursos.ufrrj.br\\\/posgraduacao\\\/ppgdt\\\/files\\\/2026\\\/09\\\/MARCIA-DE-NORONHA-SANTOS-FERRAN.jpg\",\"contentUrl\":\"https:\\\/\\\/cursos.ufrrj.br\\\/posgraduacao\\\/ppgdt\\\/files\\\/2026\\\/09\\\/MARCIA-DE-NORONHA-SANTOS-FERRAN.jpg\",\"width\":1503,\"height\":2000},{\"@type\":\"BreadcrumbList\",\"@id\":\"https:\\\/\\\/cursos.ufrrj.br\\\/posgraduacao\\\/ppgdt\\\/2026\\\/09\\\/01\\\/marcia-de-noronha-santos-ferran\\\/#breadcrumb\",\"itemListElement\":[{\"@type\":\"ListItem\",\"position\":1,\"name\":\"In\u00edcio\",\"item\":\"https:\\\/\\\/cursos.ufrrj.br\\\/posgraduacao\\\/ppgdt\\\/\"},{\"@type\":\"ListItem\",\"position\":2,\"name\":\"MARCIA DE NORONHA SANTOS FERRAN\"}]},{\"@type\":\"WebSite\",\"@id\":\"https:\\\/\\\/cursos.ufrrj.br\\\/posgraduacao\\\/ppgdt\\\/#website\",\"url\":\"https:\\\/\\\/cursos.ufrrj.br\\\/posgraduacao\\\/ppgdt\\\/\",\"name\":\"PPGDT\",\"description\":\"Programa de P\u00f3s-Gradua\u00e7\u00e3o em Desenvolvimento Territorial e Politicas P\u00fablicas\",\"potentialAction\":[{\"@type\":\"SearchAction\",\"target\":{\"@type\":\"EntryPoint\",\"urlTemplate\":\"https:\\\/\\\/cursos.ufrrj.br\\\/posgraduacao\\\/ppgdt\\\/?s={search_term_string}\"},\"query-input\":{\"@type\":\"PropertyValueSpecification\",\"valueRequired\":true,\"valueName\":\"search_term_string\"}}],\"inLanguage\":\"pt-BR\"},{\"@type\":\"Person\",\"@id\":\"https:\\\/\\\/cursos.ufrrj.br\\\/posgraduacao\\\/ppgdt\\\/#\\\/schema\\\/person\\\/344e7960f96bc67e0270a8b3fef7aab9\",\"name\":\"dalcantara\",\"image\":{\"@type\":\"ImageObject\",\"inLanguage\":\"pt-BR\",\"@id\":\"https:\\\/\\\/secure.gravatar.com\\\/avatar\\\/0c6b16e61fc3d799b2af5a38564debacacef05bb59f55c4643bdd7c92299f0c2?s=96&d=mm&r=g\",\"url\":\"https:\\\/\\\/secure.gravatar.com\\\/avatar\\\/0c6b16e61fc3d799b2af5a38564debacacef05bb59f55c4643bdd7c92299f0c2?s=96&d=mm&r=g\",\"contentUrl\":\"https:\\\/\\\/secure.gravatar.com\\\/avatar\\\/0c6b16e61fc3d799b2af5a38564debacacef05bb59f55c4643bdd7c92299f0c2?s=96&d=mm&r=g\",\"caption\":\"dalcantara\"},\"sameAs\":[\"https:\\\/\\\/www.facebook.com\\\/ppgdt.ufrrj\",\"https:\\\/\\\/www.instagram.com\\\/ppgdt.ufrrj\\\/\"],\"url\":\"https:\\\/\\\/cursos.ufrrj.br\\\/posgraduacao\\\/ppgdt\\\/author\\\/dalcantara\\\/\"}]}<\/script>\n<!-- \/ Yoast SEO plugin. -->","yoast_head_json":{"title":"MARCIA DE NORONHA SANTOS FERRAN - PPGDT","robots":{"index":"index","follow":"follow","max-snippet":"max-snippet:-1","max-image-preview":"max-image-preview:large","max-video-preview":"max-video-preview:-1"},"canonical":"https:\/\/cursos.ufrrj.br\/posgraduacao\/ppgdt\/2026\/09\/01\/marcia-de-noronha-santos-ferran\/","og_locale":"pt_BR","og_type":"article","og_title":"MARCIA DE NORONHA SANTOS FERRAN - PPGDT","og_description":"Professora Associada da Universidade Federal Fluminense, no Bacharelado em Produ\u00e7\u00e3o Cultural do P\u00f3lo de Rio das Ostras desde 2009. e Prof Colaboradora [&hellip;]","og_url":"https:\/\/cursos.ufrrj.br\/posgraduacao\/ppgdt\/2026\/09\/01\/marcia-de-noronha-santos-ferran\/","og_site_name":"PPGDT","article_author":"https:\/\/www.facebook.com\/ppgdt.ufrrj","article_published_time":"2026-09-02T01:05:50+00:00","article_modified_time":"2026-09-02T01:05:51+00:00","og_image":[{"width":1503,"height":2000,"url":"https:\/\/cursos.ufrrj.br\/posgraduacao\/ppgdt\/files\/2026\/09\/MARCIA-DE-NORONHA-SANTOS-FERRAN.jpg","type":"image\/jpeg"}],"author":"dalcantara","twitter_card":"summary_large_image","twitter_misc":{"Escrito por":"dalcantara","Est. tempo de leitura":"2 minutos"},"schema":{"@context":"https:\/\/schema.org","@graph":[{"@type":"Article","@id":"https:\/\/cursos.ufrrj.br\/posgraduacao\/ppgdt\/2026\/09\/01\/marcia-de-noronha-santos-ferran\/#article","isPartOf":{"@id":"https:\/\/cursos.ufrrj.br\/posgraduacao\/ppgdt\/2026\/09\/01\/marcia-de-noronha-santos-ferran\/"},"author":{"name":"dalcantara","@id":"https:\/\/cursos.ufrrj.br\/posgraduacao\/ppgdt\/#\/schema\/person\/344e7960f96bc67e0270a8b3fef7aab9"},"headline":"MARCIA DE NORONHA SANTOS FERRAN","datePublished":"2026-09-02T01:05:50+00:00","dateModified":"2026-09-02T01:05:51+00:00","mainEntityOfPage":{"@id":"https:\/\/cursos.ufrrj.br\/posgraduacao\/ppgdt\/2026\/09\/01\/marcia-de-noronha-santos-ferran\/"},"wordCount":402,"image":{"@id":"https:\/\/cursos.ufrrj.br\/posgraduacao\/ppgdt\/2026\/09\/01\/marcia-de-noronha-santos-ferran\/#primaryimage"},"thumbnailUrl":"https:\/\/cursos.ufrrj.br\/posgraduacao\/ppgdt\/files\/2026\/09\/MARCIA-DE-NORONHA-SANTOS-FERRAN.jpg","articleSection":["Corpo Docente"],"inLanguage":"pt-BR"},{"@type":"WebPage","@id":"https:\/\/cursos.ufrrj.br\/posgraduacao\/ppgdt\/2026\/09\/01\/marcia-de-noronha-santos-ferran\/","url":"https:\/\/cursos.ufrrj.br\/posgraduacao\/ppgdt\/2026\/09\/01\/marcia-de-noronha-santos-ferran\/","name":"MARCIA DE NORONHA SANTOS FERRAN - PPGDT","isPartOf":{"@id":"https:\/\/cursos.ufrrj.br\/posgraduacao\/ppgdt\/#website"},"primaryImageOfPage":{"@id":"https:\/\/cursos.ufrrj.br\/posgraduacao\/ppgdt\/2026\/09\/01\/marcia-de-noronha-santos-ferran\/#primaryimage"},"image":{"@id":"https:\/\/cursos.ufrrj.br\/posgraduacao\/ppgdt\/2026\/09\/01\/marcia-de-noronha-santos-ferran\/#primaryimage"},"thumbnailUrl":"https:\/\/cursos.ufrrj.br\/posgraduacao\/ppgdt\/files\/2026\/09\/MARCIA-DE-NORONHA-SANTOS-FERRAN.jpg","datePublished":"2026-09-02T01:05:50+00:00","dateModified":"2026-09-02T01:05:51+00:00","author":{"@id":"https:\/\/cursos.ufrrj.br\/posgraduacao\/ppgdt\/#\/schema\/person\/344e7960f96bc67e0270a8b3fef7aab9"},"breadcrumb":{"@id":"https:\/\/cursos.ufrrj.br\/posgraduacao\/ppgdt\/2026\/09\/01\/marcia-de-noronha-santos-ferran\/#breadcrumb"},"inLanguage":"pt-BR","potentialAction":[{"@type":"ReadAction","target":["https:\/\/cursos.ufrrj.br\/posgraduacao\/ppgdt\/2026\/09\/01\/marcia-de-noronha-santos-ferran\/"]}]},{"@type":"ImageObject","inLanguage":"pt-BR","@id":"https:\/\/cursos.ufrrj.br\/posgraduacao\/ppgdt\/2026\/09\/01\/marcia-de-noronha-santos-ferran\/#primaryimage","url":"https:\/\/cursos.ufrrj.br\/posgraduacao\/ppgdt\/files\/2026\/09\/MARCIA-DE-NORONHA-SANTOS-FERRAN.jpg","contentUrl":"https:\/\/cursos.ufrrj.br\/posgraduacao\/ppgdt\/files\/2026\/09\/MARCIA-DE-NORONHA-SANTOS-FERRAN.jpg","width":1503,"height":2000},{"@type":"BreadcrumbList","@id":"https:\/\/cursos.ufrrj.br\/posgraduacao\/ppgdt\/2026\/09\/01\/marcia-de-noronha-santos-ferran\/#breadcrumb","itemListElement":[{"@type":"ListItem","position":1,"name":"In\u00edcio","item":"https:\/\/cursos.ufrrj.br\/posgraduacao\/ppgdt\/"},{"@type":"ListItem","position":2,"name":"MARCIA DE NORONHA SANTOS FERRAN"}]},{"@type":"WebSite","@id":"https:\/\/cursos.ufrrj.br\/posgraduacao\/ppgdt\/#website","url":"https:\/\/cursos.ufrrj.br\/posgraduacao\/ppgdt\/","name":"PPGDT","description":"Programa de P\u00f3s-Gradua\u00e7\u00e3o em Desenvolvimento Territorial e Politicas P\u00fablicas","potentialAction":[{"@type":"SearchAction","target":{"@type":"EntryPoint","urlTemplate":"https:\/\/cursos.ufrrj.br\/posgraduacao\/ppgdt\/?s={search_term_string}"},"query-input":{"@type":"PropertyValueSpecification","valueRequired":true,"valueName":"search_term_string"}}],"inLanguage":"pt-BR"},{"@type":"Person","@id":"https:\/\/cursos.ufrrj.br\/posgraduacao\/ppgdt\/#\/schema\/person\/344e7960f96bc67e0270a8b3fef7aab9","name":"dalcantara","image":{"@type":"ImageObject","inLanguage":"pt-BR","@id":"https:\/\/secure.gravatar.com\/avatar\/0c6b16e61fc3d799b2af5a38564debacacef05bb59f55c4643bdd7c92299f0c2?s=96&d=mm&r=g","url":"https:\/\/secure.gravatar.com\/avatar\/0c6b16e61fc3d799b2af5a38564debacacef05bb59f55c4643bdd7c92299f0c2?s=96&d=mm&r=g","contentUrl":"https:\/\/secure.gravatar.com\/avatar\/0c6b16e61fc3d799b2af5a38564debacacef05bb59f55c4643bdd7c92299f0c2?s=96&d=mm&r=g","caption":"dalcantara"},"sameAs":["https:\/\/www.facebook.com\/ppgdt.ufrrj","https:\/\/www.instagram.com\/ppgdt.ufrrj\/"],"url":"https:\/\/cursos.ufrrj.br\/posgraduacao\/ppgdt\/author\/dalcantara\/"}]}},"acf":[],"_links":{"self":[{"href":"https:\/\/cursos.ufrrj.br\/posgraduacao\/ppgdt\/wp-json\/wp\/v2\/posts\/6340","targetHints":{"allow":["GET"]}}],"collection":[{"href":"https:\/\/cursos.ufrrj.br\/posgraduacao\/ppgdt\/wp-json\/wp\/v2\/posts"}],"about":[{"href":"https:\/\/cursos.ufrrj.br\/posgraduacao\/ppgdt\/wp-json\/wp\/v2\/types\/post"}],"author":[{"embeddable":true,"href":"https:\/\/cursos.ufrrj.br\/posgraduacao\/ppgdt\/wp-json\/wp\/v2\/users\/60"}],"replies":[{"embeddable":true,"href":"https:\/\/cursos.ufrrj.br\/posgraduacao\/ppgdt\/wp-json\/wp\/v2\/comments?post=6340"}],"version-history":[{"count":1,"href":"https:\/\/cursos.ufrrj.br\/posgraduacao\/ppgdt\/wp-json\/wp\/v2\/posts\/6340\/revisions"}],"predecessor-version":[{"id":6342,"href":"https:\/\/cursos.ufrrj.br\/posgraduacao\/ppgdt\/wp-json\/wp\/v2\/posts\/6340\/revisions\/6342"}],"wp:featuredmedia":[{"embeddable":true,"href":"https:\/\/cursos.ufrrj.br\/posgraduacao\/ppgdt\/wp-json\/wp\/v2\/media\/6341"}],"wp:attachment":[{"href":"https:\/\/cursos.ufrrj.br\/posgraduacao\/ppgdt\/wp-json\/wp\/v2\/media?parent=6340"}],"wp:term":[{"taxonomy":"category","embeddable":true,"href":"https:\/\/cursos.ufrrj.br\/posgraduacao\/ppgdt\/wp-json\/wp\/v2\/categories?post=6340"},{"taxonomy":"post_tag","embeddable":true,"href":"https:\/\/cursos.ufrrj.br\/posgraduacao\/ppgdt\/wp-json\/wp\/v2\/tags?post=6340"}],"curies":[{"name":"wp","href":"https:\/\/api.w.org\/{rel}","templated":true}]}}