{"id":6337,"date":"2026-09-01T22:03:49","date_gmt":"2026-09-02T01:03:49","guid":{"rendered":"https:\/\/cursos.ufrrj.br\/posgraduacao\/ppgdt\/?p=6337"},"modified":"2026-09-01T22:03:50","modified_gmt":"2026-09-02T01:03:50","slug":"karine-vargas-pontes","status":"publish","type":"post","link":"https:\/\/cursos.ufrrj.br\/posgraduacao\/ppgdt\/2026\/09\/01\/karine-vargas-pontes\/","title":{"rendered":"Karine Vargas Pontes"},"content":{"rendered":"\n<p class=\"wp-block-paragraph\">Autora do Livro Ra\u00edzes da Crise Fiscal do Estado do Rio de Janeiro. Doutora em Pol\u00edticas P\u00fablicas e Forma\u00e7\u00e3o Humana pela Universidade Estadual do Rio de Janeiro (2025), Mestra em Desenvolvimento Territorial e Pol\u00edticas P\u00fablicas pela Universidade Federal Rural do Rio de Janeiro (2017), Especialista em Pol\u00edtica P\u00fablica e Gest\u00e3o Governamental pela Universidade Federal Fluminense (2015) e Bacharela em Ci\u00eancias Econ\u00f4micas pela Universidade Federal Rural do Rio de Janeiro (2013). Em 2010 integrou a equipe do F\u00f3rum Popular do Or\u00e7amento vinculado ao Conselho Regional de Economia &#8211; CORECON\/RJ. Atuou no corpo t\u00e9cnico da Subsecretaria de Pol\u00edtica Fiscal na Secretaria de Estado de Fazenda do Rio de Janeiro (2011-2015) cuja principal fun\u00e7\u00e3o desempenhada centrava na avalia\u00e7\u00e3o da correla\u00e7\u00e3o entre o aporte financeiro\/or\u00e7ament\u00e1rio e os programas de governo desenvolvidos na \u00e1rea da Agricultura, Pesca, Habita\u00e7\u00e3o e Ind\u00fastria. Em 2018 exerceu a fun\u00e7\u00e3o de tutora presencial no curso de Administra\u00e7\u00e3o P\u00fablica da UFF pelo cons\u00f3rcio CECIERJ ministrando aula de Macroeconomia. Em 2019 exerceu cargo de professora de Economia Pol\u00edtica na Universidade Est\u00e1cio de S\u00e1 e a fun\u00e7\u00e3o de pesquisadora de Or\u00e7amento P\u00fablico no estudo do &#8221;Custo de Proibi\u00e7\u00e3o das Drogas&#8221; no Centro de Estudos de Seguran\u00e7a e Cidadania &#8211; CESeC (2019 &#8211; at\u00e9 Junho de 2020). Atuou no Instituto de Pesquisa Econ\u00f4mica Aplicada (IPEA) como pesquisadora visitante na Diretoria de Estudos e Pol\u00edticas do Estado, das Institui\u00e7\u00f5es e da Democracia (Diest) e de consultora externa no Inter-American Development Bank na Fiscal Management Division FMM\/CBR de junho\/2023 a dezembro\/2023. .Exerceu a fun\u00e7\u00e3o de Especialista de Finan\u00e7as P\u00fablicas na Assembleia Legislativa do Estado do Rio de Janeiro desde setembro\/2015 a maio\/2025. Exerce a fun\u00e7\u00e3o de professora no Programa de P\u00f3s-Gradua\u00e7\u00e3o em Fiscaliza\u00e7\u00e3o, Controle e Or\u00e7amento da Escola do Legislativo do Estado do Rio de Janeiro; de professora no programa de p\u00f3s gradua\u00e7\u00e3o em Desenvolvimento Territorial e Pol\u00edticas P\u00fablicas; e de coordenadora do Observat\u00f3rio de Or\u00e7amento e Finan\u00e7as P\u00fablicas dos entes subnacionais. Tem experi\u00eancia na \u00e1rea de Pol\u00edtica Fiscal, Or\u00e7amento P\u00fablico, Finan\u00e7as P\u00fablicas e Pol\u00edticas P\u00fablicas relacionadas aos temas: Sa\u00fade, Educa\u00e7\u00e3o, Seguran\u00e7a P\u00fablica e Drogas.<\/p>\n","protected":false},"excerpt":{"rendered":"<p>Autora do Livro Ra\u00edzes da Crise Fiscal do Estado do Rio de Janeiro. Doutora em Pol\u00edticas P\u00fablicas e Forma\u00e7\u00e3o Humana pela Universidade [&hellip;]<\/p>\n","protected":false},"author":60,"featured_media":6338,"comment_status":"closed","ping_status":"closed","sticky":false,"template":"","format":"standard","meta":{"_acf_changed":false,"footnotes":""},"categories":[7],"tags":[],"class_list":["post-6337","post","type-post","status-publish","format-standard","has-post-thumbnail","hentry","category-corpo-docente"],"yoast_head":"<!-- This site is optimized with the Yoast SEO plugin v28.2 - https:\/\/yoast.com\/product\/yoast-seo-wordpress\/ -->\n<title>Karine Vargas Pontes - PPGDT<\/title>\n<meta name=\"robots\" content=\"index, follow, max-snippet:-1, max-image-preview:large, max-video-preview:-1\" \/>\n<link rel=\"canonical\" href=\"https:\/\/cursos.ufrrj.br\/posgraduacao\/ppgdt\/2026\/09\/01\/karine-vargas-pontes\/\" \/>\n<meta property=\"og:locale\" content=\"pt_BR\" \/>\n<meta property=\"og:type\" content=\"article\" \/>\n<meta property=\"og:title\" content=\"Karine Vargas Pontes - PPGDT\" \/>\n<meta property=\"og:description\" content=\"Autora do Livro Ra\u00edzes da Crise Fiscal do Estado do Rio de Janeiro. Doutora em Pol\u00edticas P\u00fablicas e Forma\u00e7\u00e3o Humana pela Universidade [&hellip;]\" \/>\n<meta property=\"og:url\" content=\"https:\/\/cursos.ufrrj.br\/posgraduacao\/ppgdt\/2026\/09\/01\/karine-vargas-pontes\/\" \/>\n<meta property=\"og:site_name\" content=\"PPGDT\" \/>\n<meta property=\"article:author\" content=\"https:\/\/www.facebook.com\/ppgdt.ufrrj\" \/>\n<meta property=\"article:published_time\" content=\"2026-09-02T01:03:49+00:00\" \/>\n<meta property=\"article:modified_time\" content=\"2026-09-02T01:03:50+00:00\" \/>\n<meta property=\"og:image\" content=\"https:\/\/cursos.ufrrj.br\/posgraduacao\/ppgdt\/files\/2026\/09\/Karine-Vargas-Pontes.jpg\" \/>\n\t<meta property=\"og:image:width\" content=\"1727\" \/>\n\t<meta property=\"og:image:height\" content=\"2000\" \/>\n\t<meta property=\"og:image:type\" content=\"image\/jpeg\" \/>\n<meta name=\"author\" content=\"dalcantara\" \/>\n<meta name=\"twitter:card\" content=\"summary_large_image\" \/>\n<meta name=\"twitter:label1\" content=\"Escrito por\" \/>\n\t<meta name=\"twitter:data1\" content=\"dalcantara\" \/>\n\t<meta name=\"twitter:label2\" content=\"Est. tempo de leitura\" \/>\n\t<meta name=\"twitter:data2\" content=\"2 minutos\" \/>\n<script type=\"application\/ld+json\" class=\"yoast-schema-graph\">{\"@context\":\"https:\\\/\\\/schema.org\",\"@graph\":[{\"@type\":\"Article\",\"@id\":\"https:\\\/\\\/cursos.ufrrj.br\\\/posgraduacao\\\/ppgdt\\\/2026\\\/09\\\/01\\\/karine-vargas-pontes\\\/#article\",\"isPartOf\":{\"@id\":\"https:\\\/\\\/cursos.ufrrj.br\\\/posgraduacao\\\/ppgdt\\\/2026\\\/09\\\/01\\\/karine-vargas-pontes\\\/\"},\"author\":{\"name\":\"dalcantara\",\"@id\":\"https:\\\/\\\/cursos.ufrrj.br\\\/posgraduacao\\\/ppgdt\\\/#\\\/schema\\\/person\\\/344e7960f96bc67e0270a8b3fef7aab9\"},\"headline\":\"Karine Vargas Pontes\",\"datePublished\":\"2026-09-02T01:03:49+00:00\",\"dateModified\":\"2026-09-02T01:03:50+00:00\",\"mainEntityOfPage\":{\"@id\":\"https:\\\/\\\/cursos.ufrrj.br\\\/posgraduacao\\\/ppgdt\\\/2026\\\/09\\\/01\\\/karine-vargas-pontes\\\/\"},\"wordCount\":400,\"image\":{\"@id\":\"https:\\\/\\\/cursos.ufrrj.br\\\/posgraduacao\\\/ppgdt\\\/2026\\\/09\\\/01\\\/karine-vargas-pontes\\\/#primaryimage\"},\"thumbnailUrl\":\"https:\\\/\\\/cursos.ufrrj.br\\\/posgraduacao\\\/ppgdt\\\/files\\\/2026\\\/09\\\/Karine-Vargas-Pontes.jpg\",\"articleSection\":[\"Corpo Docente\"],\"inLanguage\":\"pt-BR\"},{\"@type\":\"WebPage\",\"@id\":\"https:\\\/\\\/cursos.ufrrj.br\\\/posgraduacao\\\/ppgdt\\\/2026\\\/09\\\/01\\\/karine-vargas-pontes\\\/\",\"url\":\"https:\\\/\\\/cursos.ufrrj.br\\\/posgraduacao\\\/ppgdt\\\/2026\\\/09\\\/01\\\/karine-vargas-pontes\\\/\",\"name\":\"Karine Vargas Pontes - PPGDT\",\"isPartOf\":{\"@id\":\"https:\\\/\\\/cursos.ufrrj.br\\\/posgraduacao\\\/ppgdt\\\/#website\"},\"primaryImageOfPage\":{\"@id\":\"https:\\\/\\\/cursos.ufrrj.br\\\/posgraduacao\\\/ppgdt\\\/2026\\\/09\\\/01\\\/karine-vargas-pontes\\\/#primaryimage\"},\"image\":{\"@id\":\"https:\\\/\\\/cursos.ufrrj.br\\\/posgraduacao\\\/ppgdt\\\/2026\\\/09\\\/01\\\/karine-vargas-pontes\\\/#primaryimage\"},\"thumbnailUrl\":\"https:\\\/\\\/cursos.ufrrj.br\\\/posgraduacao\\\/ppgdt\\\/files\\\/2026\\\/09\\\/Karine-Vargas-Pontes.jpg\",\"datePublished\":\"2026-09-02T01:03:49+00:00\",\"dateModified\":\"2026-09-02T01:03:50+00:00\",\"author\":{\"@id\":\"https:\\\/\\\/cursos.ufrrj.br\\\/posgraduacao\\\/ppgdt\\\/#\\\/schema\\\/person\\\/344e7960f96bc67e0270a8b3fef7aab9\"},\"breadcrumb\":{\"@id\":\"https:\\\/\\\/cursos.ufrrj.br\\\/posgraduacao\\\/ppgdt\\\/2026\\\/09\\\/01\\\/karine-vargas-pontes\\\/#breadcrumb\"},\"inLanguage\":\"pt-BR\",\"potentialAction\":[{\"@type\":\"ReadAction\",\"target\":[\"https:\\\/\\\/cursos.ufrrj.br\\\/posgraduacao\\\/ppgdt\\\/2026\\\/09\\\/01\\\/karine-vargas-pontes\\\/\"]}]},{\"@type\":\"ImageObject\",\"inLanguage\":\"pt-BR\",\"@id\":\"https:\\\/\\\/cursos.ufrrj.br\\\/posgraduacao\\\/ppgdt\\\/2026\\\/09\\\/01\\\/karine-vargas-pontes\\\/#primaryimage\",\"url\":\"https:\\\/\\\/cursos.ufrrj.br\\\/posgraduacao\\\/ppgdt\\\/files\\\/2026\\\/09\\\/Karine-Vargas-Pontes.jpg\",\"contentUrl\":\"https:\\\/\\\/cursos.ufrrj.br\\\/posgraduacao\\\/ppgdt\\\/files\\\/2026\\\/09\\\/Karine-Vargas-Pontes.jpg\",\"width\":1727,\"height\":2000},{\"@type\":\"BreadcrumbList\",\"@id\":\"https:\\\/\\\/cursos.ufrrj.br\\\/posgraduacao\\\/ppgdt\\\/2026\\\/09\\\/01\\\/karine-vargas-pontes\\\/#breadcrumb\",\"itemListElement\":[{\"@type\":\"ListItem\",\"position\":1,\"name\":\"In\u00edcio\",\"item\":\"https:\\\/\\\/cursos.ufrrj.br\\\/posgraduacao\\\/ppgdt\\\/\"},{\"@type\":\"ListItem\",\"position\":2,\"name\":\"Karine Vargas Pontes\"}]},{\"@type\":\"WebSite\",\"@id\":\"https:\\\/\\\/cursos.ufrrj.br\\\/posgraduacao\\\/ppgdt\\\/#website\",\"url\":\"https:\\\/\\\/cursos.ufrrj.br\\\/posgraduacao\\\/ppgdt\\\/\",\"name\":\"PPGDT\",\"description\":\"Programa de P\u00f3s-Gradua\u00e7\u00e3o em Desenvolvimento Territorial e Politicas P\u00fablicas\",\"potentialAction\":[{\"@type\":\"SearchAction\",\"target\":{\"@type\":\"EntryPoint\",\"urlTemplate\":\"https:\\\/\\\/cursos.ufrrj.br\\\/posgraduacao\\\/ppgdt\\\/?s={search_term_string}\"},\"query-input\":{\"@type\":\"PropertyValueSpecification\",\"valueRequired\":true,\"valueName\":\"search_term_string\"}}],\"inLanguage\":\"pt-BR\"},{\"@type\":\"Person\",\"@id\":\"https:\\\/\\\/cursos.ufrrj.br\\\/posgraduacao\\\/ppgdt\\\/#\\\/schema\\\/person\\\/344e7960f96bc67e0270a8b3fef7aab9\",\"name\":\"dalcantara\",\"image\":{\"@type\":\"ImageObject\",\"inLanguage\":\"pt-BR\",\"@id\":\"https:\\\/\\\/secure.gravatar.com\\\/avatar\\\/0c6b16e61fc3d799b2af5a38564debacacef05bb59f55c4643bdd7c92299f0c2?s=96&d=mm&r=g\",\"url\":\"https:\\\/\\\/secure.gravatar.com\\\/avatar\\\/0c6b16e61fc3d799b2af5a38564debacacef05bb59f55c4643bdd7c92299f0c2?s=96&d=mm&r=g\",\"contentUrl\":\"https:\\\/\\\/secure.gravatar.com\\\/avatar\\\/0c6b16e61fc3d799b2af5a38564debacacef05bb59f55c4643bdd7c92299f0c2?s=96&d=mm&r=g\",\"caption\":\"dalcantara\"},\"sameAs\":[\"https:\\\/\\\/www.facebook.com\\\/ppgdt.ufrrj\",\"https:\\\/\\\/www.instagram.com\\\/ppgdt.ufrrj\\\/\"],\"url\":\"https:\\\/\\\/cursos.ufrrj.br\\\/posgraduacao\\\/ppgdt\\\/author\\\/dalcantara\\\/\"}]}<\/script>\n<!-- \/ Yoast SEO plugin. -->","yoast_head_json":{"title":"Karine Vargas Pontes - PPGDT","robots":{"index":"index","follow":"follow","max-snippet":"max-snippet:-1","max-image-preview":"max-image-preview:large","max-video-preview":"max-video-preview:-1"},"canonical":"https:\/\/cursos.ufrrj.br\/posgraduacao\/ppgdt\/2026\/09\/01\/karine-vargas-pontes\/","og_locale":"pt_BR","og_type":"article","og_title":"Karine Vargas Pontes - PPGDT","og_description":"Autora do Livro Ra\u00edzes da Crise Fiscal do Estado do Rio de Janeiro. Doutora em Pol\u00edticas P\u00fablicas e Forma\u00e7\u00e3o Humana pela Universidade [&hellip;]","og_url":"https:\/\/cursos.ufrrj.br\/posgraduacao\/ppgdt\/2026\/09\/01\/karine-vargas-pontes\/","og_site_name":"PPGDT","article_author":"https:\/\/www.facebook.com\/ppgdt.ufrrj","article_published_time":"2026-09-02T01:03:49+00:00","article_modified_time":"2026-09-02T01:03:50+00:00","og_image":[{"width":1727,"height":2000,"url":"https:\/\/cursos.ufrrj.br\/posgraduacao\/ppgdt\/files\/2026\/09\/Karine-Vargas-Pontes.jpg","type":"image\/jpeg"}],"author":"dalcantara","twitter_card":"summary_large_image","twitter_misc":{"Escrito por":"dalcantara","Est. tempo de leitura":"2 minutos"},"schema":{"@context":"https:\/\/schema.org","@graph":[{"@type":"Article","@id":"https:\/\/cursos.ufrrj.br\/posgraduacao\/ppgdt\/2026\/09\/01\/karine-vargas-pontes\/#article","isPartOf":{"@id":"https:\/\/cursos.ufrrj.br\/posgraduacao\/ppgdt\/2026\/09\/01\/karine-vargas-pontes\/"},"author":{"name":"dalcantara","@id":"https:\/\/cursos.ufrrj.br\/posgraduacao\/ppgdt\/#\/schema\/person\/344e7960f96bc67e0270a8b3fef7aab9"},"headline":"Karine Vargas Pontes","datePublished":"2026-09-02T01:03:49+00:00","dateModified":"2026-09-02T01:03:50+00:00","mainEntityOfPage":{"@id":"https:\/\/cursos.ufrrj.br\/posgraduacao\/ppgdt\/2026\/09\/01\/karine-vargas-pontes\/"},"wordCount":400,"image":{"@id":"https:\/\/cursos.ufrrj.br\/posgraduacao\/ppgdt\/2026\/09\/01\/karine-vargas-pontes\/#primaryimage"},"thumbnailUrl":"https:\/\/cursos.ufrrj.br\/posgraduacao\/ppgdt\/files\/2026\/09\/Karine-Vargas-Pontes.jpg","articleSection":["Corpo Docente"],"inLanguage":"pt-BR"},{"@type":"WebPage","@id":"https:\/\/cursos.ufrrj.br\/posgraduacao\/ppgdt\/2026\/09\/01\/karine-vargas-pontes\/","url":"https:\/\/cursos.ufrrj.br\/posgraduacao\/ppgdt\/2026\/09\/01\/karine-vargas-pontes\/","name":"Karine Vargas Pontes - PPGDT","isPartOf":{"@id":"https:\/\/cursos.ufrrj.br\/posgraduacao\/ppgdt\/#website"},"primaryImageOfPage":{"@id":"https:\/\/cursos.ufrrj.br\/posgraduacao\/ppgdt\/2026\/09\/01\/karine-vargas-pontes\/#primaryimage"},"image":{"@id":"https:\/\/cursos.ufrrj.br\/posgraduacao\/ppgdt\/2026\/09\/01\/karine-vargas-pontes\/#primaryimage"},"thumbnailUrl":"https:\/\/cursos.ufrrj.br\/posgraduacao\/ppgdt\/files\/2026\/09\/Karine-Vargas-Pontes.jpg","datePublished":"2026-09-02T01:03:49+00:00","dateModified":"2026-09-02T01:03:50+00:00","author":{"@id":"https:\/\/cursos.ufrrj.br\/posgraduacao\/ppgdt\/#\/schema\/person\/344e7960f96bc67e0270a8b3fef7aab9"},"breadcrumb":{"@id":"https:\/\/cursos.ufrrj.br\/posgraduacao\/ppgdt\/2026\/09\/01\/karine-vargas-pontes\/#breadcrumb"},"inLanguage":"pt-BR","potentialAction":[{"@type":"ReadAction","target":["https:\/\/cursos.ufrrj.br\/posgraduacao\/ppgdt\/2026\/09\/01\/karine-vargas-pontes\/"]}]},{"@type":"ImageObject","inLanguage":"pt-BR","@id":"https:\/\/cursos.ufrrj.br\/posgraduacao\/ppgdt\/2026\/09\/01\/karine-vargas-pontes\/#primaryimage","url":"https:\/\/cursos.ufrrj.br\/posgraduacao\/ppgdt\/files\/2026\/09\/Karine-Vargas-Pontes.jpg","contentUrl":"https:\/\/cursos.ufrrj.br\/posgraduacao\/ppgdt\/files\/2026\/09\/Karine-Vargas-Pontes.jpg","width":1727,"height":2000},{"@type":"BreadcrumbList","@id":"https:\/\/cursos.ufrrj.br\/posgraduacao\/ppgdt\/2026\/09\/01\/karine-vargas-pontes\/#breadcrumb","itemListElement":[{"@type":"ListItem","position":1,"name":"In\u00edcio","item":"https:\/\/cursos.ufrrj.br\/posgraduacao\/ppgdt\/"},{"@type":"ListItem","position":2,"name":"Karine Vargas Pontes"}]},{"@type":"WebSite","@id":"https:\/\/cursos.ufrrj.br\/posgraduacao\/ppgdt\/#website","url":"https:\/\/cursos.ufrrj.br\/posgraduacao\/ppgdt\/","name":"PPGDT","description":"Programa de P\u00f3s-Gradua\u00e7\u00e3o em Desenvolvimento Territorial e Politicas P\u00fablicas","potentialAction":[{"@type":"SearchAction","target":{"@type":"EntryPoint","urlTemplate":"https:\/\/cursos.ufrrj.br\/posgraduacao\/ppgdt\/?s={search_term_string}"},"query-input":{"@type":"PropertyValueSpecification","valueRequired":true,"valueName":"search_term_string"}}],"inLanguage":"pt-BR"},{"@type":"Person","@id":"https:\/\/cursos.ufrrj.br\/posgraduacao\/ppgdt\/#\/schema\/person\/344e7960f96bc67e0270a8b3fef7aab9","name":"dalcantara","image":{"@type":"ImageObject","inLanguage":"pt-BR","@id":"https:\/\/secure.gravatar.com\/avatar\/0c6b16e61fc3d799b2af5a38564debacacef05bb59f55c4643bdd7c92299f0c2?s=96&d=mm&r=g","url":"https:\/\/secure.gravatar.com\/avatar\/0c6b16e61fc3d799b2af5a38564debacacef05bb59f55c4643bdd7c92299f0c2?s=96&d=mm&r=g","contentUrl":"https:\/\/secure.gravatar.com\/avatar\/0c6b16e61fc3d799b2af5a38564debacacef05bb59f55c4643bdd7c92299f0c2?s=96&d=mm&r=g","caption":"dalcantara"},"sameAs":["https:\/\/www.facebook.com\/ppgdt.ufrrj","https:\/\/www.instagram.com\/ppgdt.ufrrj\/"],"url":"https:\/\/cursos.ufrrj.br\/posgraduacao\/ppgdt\/author\/dalcantara\/"}]}},"acf":[],"_links":{"self":[{"href":"https:\/\/cursos.ufrrj.br\/posgraduacao\/ppgdt\/wp-json\/wp\/v2\/posts\/6337","targetHints":{"allow":["GET"]}}],"collection":[{"href":"https:\/\/cursos.ufrrj.br\/posgraduacao\/ppgdt\/wp-json\/wp\/v2\/posts"}],"about":[{"href":"https:\/\/cursos.ufrrj.br\/posgraduacao\/ppgdt\/wp-json\/wp\/v2\/types\/post"}],"author":[{"embeddable":true,"href":"https:\/\/cursos.ufrrj.br\/posgraduacao\/ppgdt\/wp-json\/wp\/v2\/users\/60"}],"replies":[{"embeddable":true,"href":"https:\/\/cursos.ufrrj.br\/posgraduacao\/ppgdt\/wp-json\/wp\/v2\/comments?post=6337"}],"version-history":[{"count":1,"href":"https:\/\/cursos.ufrrj.br\/posgraduacao\/ppgdt\/wp-json\/wp\/v2\/posts\/6337\/revisions"}],"predecessor-version":[{"id":6339,"href":"https:\/\/cursos.ufrrj.br\/posgraduacao\/ppgdt\/wp-json\/wp\/v2\/posts\/6337\/revisions\/6339"}],"wp:featuredmedia":[{"embeddable":true,"href":"https:\/\/cursos.ufrrj.br\/posgraduacao\/ppgdt\/wp-json\/wp\/v2\/media\/6338"}],"wp:attachment":[{"href":"https:\/\/cursos.ufrrj.br\/posgraduacao\/ppgdt\/wp-json\/wp\/v2\/media?parent=6337"}],"wp:term":[{"taxonomy":"category","embeddable":true,"href":"https:\/\/cursos.ufrrj.br\/posgraduacao\/ppgdt\/wp-json\/wp\/v2\/categories?post=6337"},{"taxonomy":"post_tag","embeddable":true,"href":"https:\/\/cursos.ufrrj.br\/posgraduacao\/ppgdt\/wp-json\/wp\/v2\/tags?post=6337"}],"curies":[{"name":"wp","href":"https:\/\/api.w.org\/{rel}","templated":true}]}}