{"id":6331,"date":"2026-09-01T21:55:22","date_gmt":"2026-09-02T00:55:22","guid":{"rendered":"https:\/\/cursos.ufrrj.br\/posgraduacao\/ppgdt\/?p=6331"},"modified":"2026-09-01T21:55:23","modified_gmt":"2026-09-02T00:55:23","slug":"erica-de-aquino-paes","status":"publish","type":"post","link":"https:\/\/cursos.ufrrj.br\/posgraduacao\/ppgdt\/2026\/09\/01\/erica-de-aquino-paes\/","title":{"rendered":"ERICA DE AQUINO PAES"},"content":{"rendered":"\n<p class=\"wp-block-paragraph\">Possui gradua\u00e7\u00e3o em Direito pela Universidade Federal do Rio de Janeiro (1998), especialista em Direito pela Universidade do Estado do Rio de Janeiro (2003), mestre em Direito pela Universidade Gama Filho (2005), doutora em Hist\u00f3ria pela UFRRJ (2018) e pesquisadora do LabQueer &#8211; Laborat\u00f3rio de estudos das rela\u00e7\u00f5es de g\u00eanero, masculinidade e transg\u00eaneros\/UFRRJ. Professora Associada do Departamento de Ci\u00eancias Jur\u00eddicas no curso de Direito, campus Serop\u00e9dica, da Universidade Federal Rural do Rio de Janeiro desde janeiro de 2011, tendo sido Professora Auxiliar da Universidade Est\u00e1cio de S\u00e1, no per\u00edodo de 2001 a 2010 e Professora Colaboradora do Programa de P\u00f3s Gradua\u00e7\u00e3o em Desenvolvimento Territorial e Pol\u00edticas P\u00fablicas (PPGDT) da Universidade Federal Rural do Rio de Janeiro (UFRRJ).<\/p>\n","protected":false},"excerpt":{"rendered":"<p>Possui gradua\u00e7\u00e3o em Direito pela Universidade Federal do Rio de Janeiro (1998), especialista em Direito pela Universidade do Estado do Rio de [&hellip;]<\/p>\n","protected":false},"author":60,"featured_media":0,"comment_status":"closed","ping_status":"closed","sticky":false,"template":"","format":"standard","meta":{"_acf_changed":false,"footnotes":""},"categories":[7],"tags":[],"class_list":["post-6331","post","type-post","status-publish","format-standard","hentry","category-corpo-docente"],"yoast_head":"<!-- This site is optimized with the Yoast SEO plugin v28.2 - https:\/\/yoast.com\/product\/yoast-seo-wordpress\/ -->\n<title>ERICA DE AQUINO PAES - PPGDT<\/title>\n<meta name=\"robots\" content=\"index, follow, max-snippet:-1, max-image-preview:large, max-video-preview:-1\" \/>\n<link rel=\"canonical\" href=\"https:\/\/cursos.ufrrj.br\/posgraduacao\/ppgdt\/2026\/09\/01\/erica-de-aquino-paes\/\" \/>\n<meta property=\"og:locale\" content=\"pt_BR\" \/>\n<meta property=\"og:type\" content=\"article\" \/>\n<meta property=\"og:title\" content=\"ERICA DE AQUINO PAES - PPGDT\" \/>\n<meta property=\"og:description\" content=\"Possui gradua\u00e7\u00e3o em Direito pela Universidade Federal do Rio de Janeiro (1998), especialista em Direito pela Universidade do Estado do Rio de [&hellip;]\" \/>\n<meta property=\"og:url\" content=\"https:\/\/cursos.ufrrj.br\/posgraduacao\/ppgdt\/2026\/09\/01\/erica-de-aquino-paes\/\" \/>\n<meta property=\"og:site_name\" content=\"PPGDT\" \/>\n<meta property=\"article:author\" content=\"https:\/\/www.facebook.com\/ppgdt.ufrrj\" \/>\n<meta property=\"article:published_time\" content=\"2026-09-02T00:55:22+00:00\" \/>\n<meta property=\"article:modified_time\" content=\"2026-09-02T00:55:23+00:00\" \/>\n<meta name=\"author\" content=\"dalcantara\" \/>\n<meta name=\"twitter:card\" content=\"summary_large_image\" \/>\n<meta name=\"twitter:label1\" content=\"Escrito por\" \/>\n\t<meta name=\"twitter:data1\" content=\"dalcantara\" \/>\n\t<meta name=\"twitter:label2\" content=\"Est. tempo de leitura\" \/>\n\t<meta name=\"twitter:data2\" content=\"1 minuto\" \/>\n<script type=\"application\/ld+json\" class=\"yoast-schema-graph\">{\"@context\":\"https:\\\/\\\/schema.org\",\"@graph\":[{\"@type\":\"Article\",\"@id\":\"https:\\\/\\\/cursos.ufrrj.br\\\/posgraduacao\\\/ppgdt\\\/2026\\\/09\\\/01\\\/erica-de-aquino-paes\\\/#article\",\"isPartOf\":{\"@id\":\"https:\\\/\\\/cursos.ufrrj.br\\\/posgraduacao\\\/ppgdt\\\/2026\\\/09\\\/01\\\/erica-de-aquino-paes\\\/\"},\"author\":{\"name\":\"dalcantara\",\"@id\":\"https:\\\/\\\/cursos.ufrrj.br\\\/posgraduacao\\\/ppgdt\\\/#\\\/schema\\\/person\\\/344e7960f96bc67e0270a8b3fef7aab9\"},\"headline\":\"ERICA DE AQUINO PAES\",\"datePublished\":\"2026-09-02T00:55:22+00:00\",\"dateModified\":\"2026-09-02T00:55:23+00:00\",\"mainEntityOfPage\":{\"@id\":\"https:\\\/\\\/cursos.ufrrj.br\\\/posgraduacao\\\/ppgdt\\\/2026\\\/09\\\/01\\\/erica-de-aquino-paes\\\/\"},\"wordCount\":130,\"articleSection\":[\"Corpo Docente\"],\"inLanguage\":\"pt-BR\"},{\"@type\":\"WebPage\",\"@id\":\"https:\\\/\\\/cursos.ufrrj.br\\\/posgraduacao\\\/ppgdt\\\/2026\\\/09\\\/01\\\/erica-de-aquino-paes\\\/\",\"url\":\"https:\\\/\\\/cursos.ufrrj.br\\\/posgraduacao\\\/ppgdt\\\/2026\\\/09\\\/01\\\/erica-de-aquino-paes\\\/\",\"name\":\"ERICA DE AQUINO PAES - PPGDT\",\"isPartOf\":{\"@id\":\"https:\\\/\\\/cursos.ufrrj.br\\\/posgraduacao\\\/ppgdt\\\/#website\"},\"datePublished\":\"2026-09-02T00:55:22+00:00\",\"dateModified\":\"2026-09-02T00:55:23+00:00\",\"author\":{\"@id\":\"https:\\\/\\\/cursos.ufrrj.br\\\/posgraduacao\\\/ppgdt\\\/#\\\/schema\\\/person\\\/344e7960f96bc67e0270a8b3fef7aab9\"},\"breadcrumb\":{\"@id\":\"https:\\\/\\\/cursos.ufrrj.br\\\/posgraduacao\\\/ppgdt\\\/2026\\\/09\\\/01\\\/erica-de-aquino-paes\\\/#breadcrumb\"},\"inLanguage\":\"pt-BR\",\"potentialAction\":[{\"@type\":\"ReadAction\",\"target\":[\"https:\\\/\\\/cursos.ufrrj.br\\\/posgraduacao\\\/ppgdt\\\/2026\\\/09\\\/01\\\/erica-de-aquino-paes\\\/\"]}]},{\"@type\":\"BreadcrumbList\",\"@id\":\"https:\\\/\\\/cursos.ufrrj.br\\\/posgraduacao\\\/ppgdt\\\/2026\\\/09\\\/01\\\/erica-de-aquino-paes\\\/#breadcrumb\",\"itemListElement\":[{\"@type\":\"ListItem\",\"position\":1,\"name\":\"In\u00edcio\",\"item\":\"https:\\\/\\\/cursos.ufrrj.br\\\/posgraduacao\\\/ppgdt\\\/\"},{\"@type\":\"ListItem\",\"position\":2,\"name\":\"ERICA DE AQUINO PAES\"}]},{\"@type\":\"WebSite\",\"@id\":\"https:\\\/\\\/cursos.ufrrj.br\\\/posgraduacao\\\/ppgdt\\\/#website\",\"url\":\"https:\\\/\\\/cursos.ufrrj.br\\\/posgraduacao\\\/ppgdt\\\/\",\"name\":\"PPGDT\",\"description\":\"Programa de P\u00f3s-Gradua\u00e7\u00e3o em Desenvolvimento Territorial e Politicas P\u00fablicas\",\"potentialAction\":[{\"@type\":\"SearchAction\",\"target\":{\"@type\":\"EntryPoint\",\"urlTemplate\":\"https:\\\/\\\/cursos.ufrrj.br\\\/posgraduacao\\\/ppgdt\\\/?s={search_term_string}\"},\"query-input\":{\"@type\":\"PropertyValueSpecification\",\"valueRequired\":true,\"valueName\":\"search_term_string\"}}],\"inLanguage\":\"pt-BR\"},{\"@type\":\"Person\",\"@id\":\"https:\\\/\\\/cursos.ufrrj.br\\\/posgraduacao\\\/ppgdt\\\/#\\\/schema\\\/person\\\/344e7960f96bc67e0270a8b3fef7aab9\",\"name\":\"dalcantara\",\"image\":{\"@type\":\"ImageObject\",\"inLanguage\":\"pt-BR\",\"@id\":\"https:\\\/\\\/secure.gravatar.com\\\/avatar\\\/0c6b16e61fc3d799b2af5a38564debacacef05bb59f55c4643bdd7c92299f0c2?s=96&d=mm&r=g\",\"url\":\"https:\\\/\\\/secure.gravatar.com\\\/avatar\\\/0c6b16e61fc3d799b2af5a38564debacacef05bb59f55c4643bdd7c92299f0c2?s=96&d=mm&r=g\",\"contentUrl\":\"https:\\\/\\\/secure.gravatar.com\\\/avatar\\\/0c6b16e61fc3d799b2af5a38564debacacef05bb59f55c4643bdd7c92299f0c2?s=96&d=mm&r=g\",\"caption\":\"dalcantara\"},\"sameAs\":[\"https:\\\/\\\/www.facebook.com\\\/ppgdt.ufrrj\",\"https:\\\/\\\/www.instagram.com\\\/ppgdt.ufrrj\\\/\"],\"url\":\"https:\\\/\\\/cursos.ufrrj.br\\\/posgraduacao\\\/ppgdt\\\/author\\\/dalcantara\\\/\"}]}<\/script>\n<!-- \/ Yoast SEO plugin. -->","yoast_head_json":{"title":"ERICA DE AQUINO PAES - PPGDT","robots":{"index":"index","follow":"follow","max-snippet":"max-snippet:-1","max-image-preview":"max-image-preview:large","max-video-preview":"max-video-preview:-1"},"canonical":"https:\/\/cursos.ufrrj.br\/posgraduacao\/ppgdt\/2026\/09\/01\/erica-de-aquino-paes\/","og_locale":"pt_BR","og_type":"article","og_title":"ERICA DE AQUINO PAES - PPGDT","og_description":"Possui gradua\u00e7\u00e3o em Direito pela Universidade Federal do Rio de Janeiro (1998), especialista em Direito pela Universidade do Estado do Rio de [&hellip;]","og_url":"https:\/\/cursos.ufrrj.br\/posgraduacao\/ppgdt\/2026\/09\/01\/erica-de-aquino-paes\/","og_site_name":"PPGDT","article_author":"https:\/\/www.facebook.com\/ppgdt.ufrrj","article_published_time":"2026-09-02T00:55:22+00:00","article_modified_time":"2026-09-02T00:55:23+00:00","author":"dalcantara","twitter_card":"summary_large_image","twitter_misc":{"Escrito por":"dalcantara","Est. tempo de leitura":"1 minuto"},"schema":{"@context":"https:\/\/schema.org","@graph":[{"@type":"Article","@id":"https:\/\/cursos.ufrrj.br\/posgraduacao\/ppgdt\/2026\/09\/01\/erica-de-aquino-paes\/#article","isPartOf":{"@id":"https:\/\/cursos.ufrrj.br\/posgraduacao\/ppgdt\/2026\/09\/01\/erica-de-aquino-paes\/"},"author":{"name":"dalcantara","@id":"https:\/\/cursos.ufrrj.br\/posgraduacao\/ppgdt\/#\/schema\/person\/344e7960f96bc67e0270a8b3fef7aab9"},"headline":"ERICA DE AQUINO PAES","datePublished":"2026-09-02T00:55:22+00:00","dateModified":"2026-09-02T00:55:23+00:00","mainEntityOfPage":{"@id":"https:\/\/cursos.ufrrj.br\/posgraduacao\/ppgdt\/2026\/09\/01\/erica-de-aquino-paes\/"},"wordCount":130,"articleSection":["Corpo Docente"],"inLanguage":"pt-BR"},{"@type":"WebPage","@id":"https:\/\/cursos.ufrrj.br\/posgraduacao\/ppgdt\/2026\/09\/01\/erica-de-aquino-paes\/","url":"https:\/\/cursos.ufrrj.br\/posgraduacao\/ppgdt\/2026\/09\/01\/erica-de-aquino-paes\/","name":"ERICA DE AQUINO PAES - PPGDT","isPartOf":{"@id":"https:\/\/cursos.ufrrj.br\/posgraduacao\/ppgdt\/#website"},"datePublished":"2026-09-02T00:55:22+00:00","dateModified":"2026-09-02T00:55:23+00:00","author":{"@id":"https:\/\/cursos.ufrrj.br\/posgraduacao\/ppgdt\/#\/schema\/person\/344e7960f96bc67e0270a8b3fef7aab9"},"breadcrumb":{"@id":"https:\/\/cursos.ufrrj.br\/posgraduacao\/ppgdt\/2026\/09\/01\/erica-de-aquino-paes\/#breadcrumb"},"inLanguage":"pt-BR","potentialAction":[{"@type":"ReadAction","target":["https:\/\/cursos.ufrrj.br\/posgraduacao\/ppgdt\/2026\/09\/01\/erica-de-aquino-paes\/"]}]},{"@type":"BreadcrumbList","@id":"https:\/\/cursos.ufrrj.br\/posgraduacao\/ppgdt\/2026\/09\/01\/erica-de-aquino-paes\/#breadcrumb","itemListElement":[{"@type":"ListItem","position":1,"name":"In\u00edcio","item":"https:\/\/cursos.ufrrj.br\/posgraduacao\/ppgdt\/"},{"@type":"ListItem","position":2,"name":"ERICA DE AQUINO PAES"}]},{"@type":"WebSite","@id":"https:\/\/cursos.ufrrj.br\/posgraduacao\/ppgdt\/#website","url":"https:\/\/cursos.ufrrj.br\/posgraduacao\/ppgdt\/","name":"PPGDT","description":"Programa de P\u00f3s-Gradua\u00e7\u00e3o em Desenvolvimento Territorial e Politicas P\u00fablicas","potentialAction":[{"@type":"SearchAction","target":{"@type":"EntryPoint","urlTemplate":"https:\/\/cursos.ufrrj.br\/posgraduacao\/ppgdt\/?s={search_term_string}"},"query-input":{"@type":"PropertyValueSpecification","valueRequired":true,"valueName":"search_term_string"}}],"inLanguage":"pt-BR"},{"@type":"Person","@id":"https:\/\/cursos.ufrrj.br\/posgraduacao\/ppgdt\/#\/schema\/person\/344e7960f96bc67e0270a8b3fef7aab9","name":"dalcantara","image":{"@type":"ImageObject","inLanguage":"pt-BR","@id":"https:\/\/secure.gravatar.com\/avatar\/0c6b16e61fc3d799b2af5a38564debacacef05bb59f55c4643bdd7c92299f0c2?s=96&d=mm&r=g","url":"https:\/\/secure.gravatar.com\/avatar\/0c6b16e61fc3d799b2af5a38564debacacef05bb59f55c4643bdd7c92299f0c2?s=96&d=mm&r=g","contentUrl":"https:\/\/secure.gravatar.com\/avatar\/0c6b16e61fc3d799b2af5a38564debacacef05bb59f55c4643bdd7c92299f0c2?s=96&d=mm&r=g","caption":"dalcantara"},"sameAs":["https:\/\/www.facebook.com\/ppgdt.ufrrj","https:\/\/www.instagram.com\/ppgdt.ufrrj\/"],"url":"https:\/\/cursos.ufrrj.br\/posgraduacao\/ppgdt\/author\/dalcantara\/"}]}},"acf":[],"_links":{"self":[{"href":"https:\/\/cursos.ufrrj.br\/posgraduacao\/ppgdt\/wp-json\/wp\/v2\/posts\/6331","targetHints":{"allow":["GET"]}}],"collection":[{"href":"https:\/\/cursos.ufrrj.br\/posgraduacao\/ppgdt\/wp-json\/wp\/v2\/posts"}],"about":[{"href":"https:\/\/cursos.ufrrj.br\/posgraduacao\/ppgdt\/wp-json\/wp\/v2\/types\/post"}],"author":[{"embeddable":true,"href":"https:\/\/cursos.ufrrj.br\/posgraduacao\/ppgdt\/wp-json\/wp\/v2\/users\/60"}],"replies":[{"embeddable":true,"href":"https:\/\/cursos.ufrrj.br\/posgraduacao\/ppgdt\/wp-json\/wp\/v2\/comments?post=6331"}],"version-history":[{"count":1,"href":"https:\/\/cursos.ufrrj.br\/posgraduacao\/ppgdt\/wp-json\/wp\/v2\/posts\/6331\/revisions"}],"predecessor-version":[{"id":6332,"href":"https:\/\/cursos.ufrrj.br\/posgraduacao\/ppgdt\/wp-json\/wp\/v2\/posts\/6331\/revisions\/6332"}],"wp:attachment":[{"href":"https:\/\/cursos.ufrrj.br\/posgraduacao\/ppgdt\/wp-json\/wp\/v2\/media?parent=6331"}],"wp:term":[{"taxonomy":"category","embeddable":true,"href":"https:\/\/cursos.ufrrj.br\/posgraduacao\/ppgdt\/wp-json\/wp\/v2\/categories?post=6331"},{"taxonomy":"post_tag","embeddable":true,"href":"https:\/\/cursos.ufrrj.br\/posgraduacao\/ppgdt\/wp-json\/wp\/v2\/tags?post=6331"}],"curies":[{"name":"wp","href":"https:\/\/api.w.org\/{rel}","templated":true}]}}