{"id":6325,"date":"2026-09-01T21:46:40","date_gmt":"2026-09-02T00:46:40","guid":{"rendered":"https:\/\/cursos.ufrrj.br\/posgraduacao\/ppgdt\/?p=6325"},"modified":"2026-09-01T21:46:41","modified_gmt":"2026-09-02T00:46:41","slug":"biancca-scarpeline-de-castro","status":"publish","type":"post","link":"https:\/\/cursos.ufrrj.br\/posgraduacao\/ppgdt\/2026\/09\/01\/biancca-scarpeline-de-castro\/","title":{"rendered":"BIANCCA SCARPELINE DE CASTRO"},"content":{"rendered":"\n<p class=\"wp-block-paragraph\">Doutorado em Ci\u00eancias Sociais pela Universidade Estadual de Campinas (UNICAMP). Mestrado em Ci\u00eancias Sociais pela Universidade Federal Rural do Rio de Janeiro (UFRRJ). Gradua\u00e7\u00e3o em Ci\u00eancias Econ\u00f4micas pela Universidade Estadual Paulista J\u00falio de Mesquita Filho (UNESP). Atualmente, \u00e9 Professora Associada do Departamento de Administra\u00e7\u00e3o P\u00fablica da UFRRJ, Professora Permanente do Programa de Mestrado Profissional em Gest\u00e3o e Estrat\u00e9gia (PPGE) e do Programa de P\u00f3s-Gradua\u00e7\u00e3o em Desenvolvimento Territorial e Pol\u00edticas P\u00fablicas (PPGDT). Tamb\u00e9m coordena a \u00e1rea de Ci\u00eancias Sociais Aplicadas do Programa Institucional de Bolsas de Inicia\u00e7\u00e3o Cient\u00edfica (PIBIC) da mesma universidade. Em 2025, Foi contemplada pelo edital do Programa Jovem Cientista do Nosso Estado, da FAPERJ. Pesquisadora do Instituto de Ci\u00eancia e Tecnologia em Pol\u00edticas P\u00fablicas, Estrat\u00e9gias e Desenvolvimento (INCT\/PPED), possui ampla experi\u00eancia em pesquisa e consultoria para institui\u00e7\u00f5es nacionais e internacionais, incluindo o Minist\u00e9rio do Meio Ambiente e Mudan\u00e7a do Clima, o Banco Mundial, o Observat\u00f3rio Nacional da Ind\u00fastria (SESI\/SENAI) e a Ag\u00eancia Alem\u00e3 de Coopera\u00e7\u00e3o Internacional (GIZ). Autora de livros e artigos cient\u00edficos, integra diversos grupos de pesquisa, como o Grupo de Economia do Meio Ambiente e Desenvolvimento Sustent\u00e1vel (GEMA), o N\u00facleo de Estudos em Pol\u00edticas P\u00fablicas e Gest\u00e3o (NEPOLG) e o Laborat\u00f3rio de Estudos de Direito Administrativo Comparado (LEDAC). Sua atua\u00e7\u00e3o se concentra na avalia\u00e7\u00e3o e coordena\u00e7\u00e3o de pol\u00edticas p\u00fablicas, com foco em pol\u00edticas ambientais, ci\u00eancia, tecnologia e inova\u00e7\u00e3o.<\/p>\n","protected":false},"excerpt":{"rendered":"<p>Doutorado em Ci\u00eancias Sociais pela Universidade Estadual de Campinas (UNICAMP). Mestrado em Ci\u00eancias Sociais pela Universidade Federal Rural do Rio de Janeiro [&hellip;]<\/p>\n","protected":false},"author":60,"featured_media":6326,"comment_status":"closed","ping_status":"closed","sticky":false,"template":"","format":"standard","meta":{"_acf_changed":false,"footnotes":""},"categories":[7],"tags":[],"class_list":["post-6325","post","type-post","status-publish","format-standard","has-post-thumbnail","hentry","category-corpo-docente"],"yoast_head":"<!-- This site is optimized with the Yoast SEO plugin v28.2 - https:\/\/yoast.com\/product\/yoast-seo-wordpress\/ -->\n<title>BIANCCA SCARPELINE DE CASTRO - PPGDT<\/title>\n<meta name=\"robots\" content=\"index, follow, max-snippet:-1, max-image-preview:large, max-video-preview:-1\" \/>\n<link rel=\"canonical\" href=\"https:\/\/cursos.ufrrj.br\/posgraduacao\/ppgdt\/2026\/09\/01\/biancca-scarpeline-de-castro\/\" \/>\n<meta property=\"og:locale\" content=\"pt_BR\" \/>\n<meta property=\"og:type\" content=\"article\" \/>\n<meta property=\"og:title\" content=\"BIANCCA SCARPELINE DE CASTRO - PPGDT\" \/>\n<meta property=\"og:description\" content=\"Doutorado em Ci\u00eancias Sociais pela Universidade Estadual de Campinas (UNICAMP). Mestrado em Ci\u00eancias Sociais pela Universidade Federal Rural do Rio de Janeiro [&hellip;]\" \/>\n<meta property=\"og:url\" content=\"https:\/\/cursos.ufrrj.br\/posgraduacao\/ppgdt\/2026\/09\/01\/biancca-scarpeline-de-castro\/\" \/>\n<meta property=\"og:site_name\" content=\"PPGDT\" \/>\n<meta property=\"article:author\" content=\"https:\/\/www.facebook.com\/ppgdt.ufrrj\" \/>\n<meta property=\"article:published_time\" content=\"2026-09-02T00:46:40+00:00\" \/>\n<meta property=\"article:modified_time\" content=\"2026-09-02T00:46:41+00:00\" \/>\n<meta property=\"og:image\" content=\"https:\/\/cursos.ufrrj.br\/posgraduacao\/ppgdt\/files\/2026\/09\/BIANCCA-SCARPELINE-DE-CASTRO.jpg\" \/>\n\t<meta property=\"og:image:width\" content=\"640\" \/>\n\t<meta property=\"og:image:height\" content=\"640\" \/>\n\t<meta property=\"og:image:type\" content=\"image\/jpeg\" \/>\n<meta name=\"author\" content=\"dalcantara\" \/>\n<meta name=\"twitter:card\" content=\"summary_large_image\" \/>\n<meta name=\"twitter:label1\" content=\"Escrito por\" \/>\n\t<meta name=\"twitter:data1\" content=\"dalcantara\" \/>\n\t<meta name=\"twitter:label2\" content=\"Est. tempo de leitura\" \/>\n\t<meta name=\"twitter:data2\" content=\"1 minuto\" \/>\n<script type=\"application\/ld+json\" class=\"yoast-schema-graph\">{\"@context\":\"https:\\\/\\\/schema.org\",\"@graph\":[{\"@type\":\"Article\",\"@id\":\"https:\\\/\\\/cursos.ufrrj.br\\\/posgraduacao\\\/ppgdt\\\/2026\\\/09\\\/01\\\/biancca-scarpeline-de-castro\\\/#article\",\"isPartOf\":{\"@id\":\"https:\\\/\\\/cursos.ufrrj.br\\\/posgraduacao\\\/ppgdt\\\/2026\\\/09\\\/01\\\/biancca-scarpeline-de-castro\\\/\"},\"author\":{\"name\":\"dalcantara\",\"@id\":\"https:\\\/\\\/cursos.ufrrj.br\\\/posgraduacao\\\/ppgdt\\\/#\\\/schema\\\/person\\\/344e7960f96bc67e0270a8b3fef7aab9\"},\"headline\":\"BIANCCA SCARPELINE DE CASTRO\",\"datePublished\":\"2026-09-02T00:46:40+00:00\",\"dateModified\":\"2026-09-02T00:46:41+00:00\",\"mainEntityOfPage\":{\"@id\":\"https:\\\/\\\/cursos.ufrrj.br\\\/posgraduacao\\\/ppgdt\\\/2026\\\/09\\\/01\\\/biancca-scarpeline-de-castro\\\/\"},\"wordCount\":271,\"image\":{\"@id\":\"https:\\\/\\\/cursos.ufrrj.br\\\/posgraduacao\\\/ppgdt\\\/2026\\\/09\\\/01\\\/biancca-scarpeline-de-castro\\\/#primaryimage\"},\"thumbnailUrl\":\"https:\\\/\\\/cursos.ufrrj.br\\\/posgraduacao\\\/ppgdt\\\/files\\\/2026\\\/09\\\/BIANCCA-SCARPELINE-DE-CASTRO.jpg\",\"articleSection\":[\"Corpo Docente\"],\"inLanguage\":\"pt-BR\"},{\"@type\":\"WebPage\",\"@id\":\"https:\\\/\\\/cursos.ufrrj.br\\\/posgraduacao\\\/ppgdt\\\/2026\\\/09\\\/01\\\/biancca-scarpeline-de-castro\\\/\",\"url\":\"https:\\\/\\\/cursos.ufrrj.br\\\/posgraduacao\\\/ppgdt\\\/2026\\\/09\\\/01\\\/biancca-scarpeline-de-castro\\\/\",\"name\":\"BIANCCA SCARPELINE DE CASTRO - PPGDT\",\"isPartOf\":{\"@id\":\"https:\\\/\\\/cursos.ufrrj.br\\\/posgraduacao\\\/ppgdt\\\/#website\"},\"primaryImageOfPage\":{\"@id\":\"https:\\\/\\\/cursos.ufrrj.br\\\/posgraduacao\\\/ppgdt\\\/2026\\\/09\\\/01\\\/biancca-scarpeline-de-castro\\\/#primaryimage\"},\"image\":{\"@id\":\"https:\\\/\\\/cursos.ufrrj.br\\\/posgraduacao\\\/ppgdt\\\/2026\\\/09\\\/01\\\/biancca-scarpeline-de-castro\\\/#primaryimage\"},\"thumbnailUrl\":\"https:\\\/\\\/cursos.ufrrj.br\\\/posgraduacao\\\/ppgdt\\\/files\\\/2026\\\/09\\\/BIANCCA-SCARPELINE-DE-CASTRO.jpg\",\"datePublished\":\"2026-09-02T00:46:40+00:00\",\"dateModified\":\"2026-09-02T00:46:41+00:00\",\"author\":{\"@id\":\"https:\\\/\\\/cursos.ufrrj.br\\\/posgraduacao\\\/ppgdt\\\/#\\\/schema\\\/person\\\/344e7960f96bc67e0270a8b3fef7aab9\"},\"breadcrumb\":{\"@id\":\"https:\\\/\\\/cursos.ufrrj.br\\\/posgraduacao\\\/ppgdt\\\/2026\\\/09\\\/01\\\/biancca-scarpeline-de-castro\\\/#breadcrumb\"},\"inLanguage\":\"pt-BR\",\"potentialAction\":[{\"@type\":\"ReadAction\",\"target\":[\"https:\\\/\\\/cursos.ufrrj.br\\\/posgraduacao\\\/ppgdt\\\/2026\\\/09\\\/01\\\/biancca-scarpeline-de-castro\\\/\"]}]},{\"@type\":\"ImageObject\",\"inLanguage\":\"pt-BR\",\"@id\":\"https:\\\/\\\/cursos.ufrrj.br\\\/posgraduacao\\\/ppgdt\\\/2026\\\/09\\\/01\\\/biancca-scarpeline-de-castro\\\/#primaryimage\",\"url\":\"https:\\\/\\\/cursos.ufrrj.br\\\/posgraduacao\\\/ppgdt\\\/files\\\/2026\\\/09\\\/BIANCCA-SCARPELINE-DE-CASTRO.jpg\",\"contentUrl\":\"https:\\\/\\\/cursos.ufrrj.br\\\/posgraduacao\\\/ppgdt\\\/files\\\/2026\\\/09\\\/BIANCCA-SCARPELINE-DE-CASTRO.jpg\",\"width\":640,\"height\":640},{\"@type\":\"BreadcrumbList\",\"@id\":\"https:\\\/\\\/cursos.ufrrj.br\\\/posgraduacao\\\/ppgdt\\\/2026\\\/09\\\/01\\\/biancca-scarpeline-de-castro\\\/#breadcrumb\",\"itemListElement\":[{\"@type\":\"ListItem\",\"position\":1,\"name\":\"In\u00edcio\",\"item\":\"https:\\\/\\\/cursos.ufrrj.br\\\/posgraduacao\\\/ppgdt\\\/\"},{\"@type\":\"ListItem\",\"position\":2,\"name\":\"BIANCCA SCARPELINE DE CASTRO\"}]},{\"@type\":\"WebSite\",\"@id\":\"https:\\\/\\\/cursos.ufrrj.br\\\/posgraduacao\\\/ppgdt\\\/#website\",\"url\":\"https:\\\/\\\/cursos.ufrrj.br\\\/posgraduacao\\\/ppgdt\\\/\",\"name\":\"PPGDT\",\"description\":\"Programa de P\u00f3s-Gradua\u00e7\u00e3o em Desenvolvimento Territorial e Politicas P\u00fablicas\",\"potentialAction\":[{\"@type\":\"SearchAction\",\"target\":{\"@type\":\"EntryPoint\",\"urlTemplate\":\"https:\\\/\\\/cursos.ufrrj.br\\\/posgraduacao\\\/ppgdt\\\/?s={search_term_string}\"},\"query-input\":{\"@type\":\"PropertyValueSpecification\",\"valueRequired\":true,\"valueName\":\"search_term_string\"}}],\"inLanguage\":\"pt-BR\"},{\"@type\":\"Person\",\"@id\":\"https:\\\/\\\/cursos.ufrrj.br\\\/posgraduacao\\\/ppgdt\\\/#\\\/schema\\\/person\\\/344e7960f96bc67e0270a8b3fef7aab9\",\"name\":\"dalcantara\",\"image\":{\"@type\":\"ImageObject\",\"inLanguage\":\"pt-BR\",\"@id\":\"https:\\\/\\\/secure.gravatar.com\\\/avatar\\\/0c6b16e61fc3d799b2af5a38564debacacef05bb59f55c4643bdd7c92299f0c2?s=96&d=mm&r=g\",\"url\":\"https:\\\/\\\/secure.gravatar.com\\\/avatar\\\/0c6b16e61fc3d799b2af5a38564debacacef05bb59f55c4643bdd7c92299f0c2?s=96&d=mm&r=g\",\"contentUrl\":\"https:\\\/\\\/secure.gravatar.com\\\/avatar\\\/0c6b16e61fc3d799b2af5a38564debacacef05bb59f55c4643bdd7c92299f0c2?s=96&d=mm&r=g\",\"caption\":\"dalcantara\"},\"sameAs\":[\"https:\\\/\\\/www.facebook.com\\\/ppgdt.ufrrj\",\"https:\\\/\\\/www.instagram.com\\\/ppgdt.ufrrj\\\/\"],\"url\":\"https:\\\/\\\/cursos.ufrrj.br\\\/posgraduacao\\\/ppgdt\\\/author\\\/dalcantara\\\/\"}]}<\/script>\n<!-- \/ Yoast SEO plugin. -->","yoast_head_json":{"title":"BIANCCA SCARPELINE DE CASTRO - PPGDT","robots":{"index":"index","follow":"follow","max-snippet":"max-snippet:-1","max-image-preview":"max-image-preview:large","max-video-preview":"max-video-preview:-1"},"canonical":"https:\/\/cursos.ufrrj.br\/posgraduacao\/ppgdt\/2026\/09\/01\/biancca-scarpeline-de-castro\/","og_locale":"pt_BR","og_type":"article","og_title":"BIANCCA SCARPELINE DE CASTRO - PPGDT","og_description":"Doutorado em Ci\u00eancias Sociais pela Universidade Estadual de Campinas (UNICAMP). Mestrado em Ci\u00eancias Sociais pela Universidade Federal Rural do Rio de Janeiro [&hellip;]","og_url":"https:\/\/cursos.ufrrj.br\/posgraduacao\/ppgdt\/2026\/09\/01\/biancca-scarpeline-de-castro\/","og_site_name":"PPGDT","article_author":"https:\/\/www.facebook.com\/ppgdt.ufrrj","article_published_time":"2026-09-02T00:46:40+00:00","article_modified_time":"2026-09-02T00:46:41+00:00","og_image":[{"width":640,"height":640,"url":"https:\/\/cursos.ufrrj.br\/posgraduacao\/ppgdt\/files\/2026\/09\/BIANCCA-SCARPELINE-DE-CASTRO.jpg","type":"image\/jpeg"}],"author":"dalcantara","twitter_card":"summary_large_image","twitter_misc":{"Escrito por":"dalcantara","Est. tempo de leitura":"1 minuto"},"schema":{"@context":"https:\/\/schema.org","@graph":[{"@type":"Article","@id":"https:\/\/cursos.ufrrj.br\/posgraduacao\/ppgdt\/2026\/09\/01\/biancca-scarpeline-de-castro\/#article","isPartOf":{"@id":"https:\/\/cursos.ufrrj.br\/posgraduacao\/ppgdt\/2026\/09\/01\/biancca-scarpeline-de-castro\/"},"author":{"name":"dalcantara","@id":"https:\/\/cursos.ufrrj.br\/posgraduacao\/ppgdt\/#\/schema\/person\/344e7960f96bc67e0270a8b3fef7aab9"},"headline":"BIANCCA SCARPELINE DE CASTRO","datePublished":"2026-09-02T00:46:40+00:00","dateModified":"2026-09-02T00:46:41+00:00","mainEntityOfPage":{"@id":"https:\/\/cursos.ufrrj.br\/posgraduacao\/ppgdt\/2026\/09\/01\/biancca-scarpeline-de-castro\/"},"wordCount":271,"image":{"@id":"https:\/\/cursos.ufrrj.br\/posgraduacao\/ppgdt\/2026\/09\/01\/biancca-scarpeline-de-castro\/#primaryimage"},"thumbnailUrl":"https:\/\/cursos.ufrrj.br\/posgraduacao\/ppgdt\/files\/2026\/09\/BIANCCA-SCARPELINE-DE-CASTRO.jpg","articleSection":["Corpo Docente"],"inLanguage":"pt-BR"},{"@type":"WebPage","@id":"https:\/\/cursos.ufrrj.br\/posgraduacao\/ppgdt\/2026\/09\/01\/biancca-scarpeline-de-castro\/","url":"https:\/\/cursos.ufrrj.br\/posgraduacao\/ppgdt\/2026\/09\/01\/biancca-scarpeline-de-castro\/","name":"BIANCCA SCARPELINE DE CASTRO - PPGDT","isPartOf":{"@id":"https:\/\/cursos.ufrrj.br\/posgraduacao\/ppgdt\/#website"},"primaryImageOfPage":{"@id":"https:\/\/cursos.ufrrj.br\/posgraduacao\/ppgdt\/2026\/09\/01\/biancca-scarpeline-de-castro\/#primaryimage"},"image":{"@id":"https:\/\/cursos.ufrrj.br\/posgraduacao\/ppgdt\/2026\/09\/01\/biancca-scarpeline-de-castro\/#primaryimage"},"thumbnailUrl":"https:\/\/cursos.ufrrj.br\/posgraduacao\/ppgdt\/files\/2026\/09\/BIANCCA-SCARPELINE-DE-CASTRO.jpg","datePublished":"2026-09-02T00:46:40+00:00","dateModified":"2026-09-02T00:46:41+00:00","author":{"@id":"https:\/\/cursos.ufrrj.br\/posgraduacao\/ppgdt\/#\/schema\/person\/344e7960f96bc67e0270a8b3fef7aab9"},"breadcrumb":{"@id":"https:\/\/cursos.ufrrj.br\/posgraduacao\/ppgdt\/2026\/09\/01\/biancca-scarpeline-de-castro\/#breadcrumb"},"inLanguage":"pt-BR","potentialAction":[{"@type":"ReadAction","target":["https:\/\/cursos.ufrrj.br\/posgraduacao\/ppgdt\/2026\/09\/01\/biancca-scarpeline-de-castro\/"]}]},{"@type":"ImageObject","inLanguage":"pt-BR","@id":"https:\/\/cursos.ufrrj.br\/posgraduacao\/ppgdt\/2026\/09\/01\/biancca-scarpeline-de-castro\/#primaryimage","url":"https:\/\/cursos.ufrrj.br\/posgraduacao\/ppgdt\/files\/2026\/09\/BIANCCA-SCARPELINE-DE-CASTRO.jpg","contentUrl":"https:\/\/cursos.ufrrj.br\/posgraduacao\/ppgdt\/files\/2026\/09\/BIANCCA-SCARPELINE-DE-CASTRO.jpg","width":640,"height":640},{"@type":"BreadcrumbList","@id":"https:\/\/cursos.ufrrj.br\/posgraduacao\/ppgdt\/2026\/09\/01\/biancca-scarpeline-de-castro\/#breadcrumb","itemListElement":[{"@type":"ListItem","position":1,"name":"In\u00edcio","item":"https:\/\/cursos.ufrrj.br\/posgraduacao\/ppgdt\/"},{"@type":"ListItem","position":2,"name":"BIANCCA SCARPELINE DE CASTRO"}]},{"@type":"WebSite","@id":"https:\/\/cursos.ufrrj.br\/posgraduacao\/ppgdt\/#website","url":"https:\/\/cursos.ufrrj.br\/posgraduacao\/ppgdt\/","name":"PPGDT","description":"Programa de P\u00f3s-Gradua\u00e7\u00e3o em Desenvolvimento Territorial e Politicas P\u00fablicas","potentialAction":[{"@type":"SearchAction","target":{"@type":"EntryPoint","urlTemplate":"https:\/\/cursos.ufrrj.br\/posgraduacao\/ppgdt\/?s={search_term_string}"},"query-input":{"@type":"PropertyValueSpecification","valueRequired":true,"valueName":"search_term_string"}}],"inLanguage":"pt-BR"},{"@type":"Person","@id":"https:\/\/cursos.ufrrj.br\/posgraduacao\/ppgdt\/#\/schema\/person\/344e7960f96bc67e0270a8b3fef7aab9","name":"dalcantara","image":{"@type":"ImageObject","inLanguage":"pt-BR","@id":"https:\/\/secure.gravatar.com\/avatar\/0c6b16e61fc3d799b2af5a38564debacacef05bb59f55c4643bdd7c92299f0c2?s=96&d=mm&r=g","url":"https:\/\/secure.gravatar.com\/avatar\/0c6b16e61fc3d799b2af5a38564debacacef05bb59f55c4643bdd7c92299f0c2?s=96&d=mm&r=g","contentUrl":"https:\/\/secure.gravatar.com\/avatar\/0c6b16e61fc3d799b2af5a38564debacacef05bb59f55c4643bdd7c92299f0c2?s=96&d=mm&r=g","caption":"dalcantara"},"sameAs":["https:\/\/www.facebook.com\/ppgdt.ufrrj","https:\/\/www.instagram.com\/ppgdt.ufrrj\/"],"url":"https:\/\/cursos.ufrrj.br\/posgraduacao\/ppgdt\/author\/dalcantara\/"}]}},"acf":[],"_links":{"self":[{"href":"https:\/\/cursos.ufrrj.br\/posgraduacao\/ppgdt\/wp-json\/wp\/v2\/posts\/6325","targetHints":{"allow":["GET"]}}],"collection":[{"href":"https:\/\/cursos.ufrrj.br\/posgraduacao\/ppgdt\/wp-json\/wp\/v2\/posts"}],"about":[{"href":"https:\/\/cursos.ufrrj.br\/posgraduacao\/ppgdt\/wp-json\/wp\/v2\/types\/post"}],"author":[{"embeddable":true,"href":"https:\/\/cursos.ufrrj.br\/posgraduacao\/ppgdt\/wp-json\/wp\/v2\/users\/60"}],"replies":[{"embeddable":true,"href":"https:\/\/cursos.ufrrj.br\/posgraduacao\/ppgdt\/wp-json\/wp\/v2\/comments?post=6325"}],"version-history":[{"count":1,"href":"https:\/\/cursos.ufrrj.br\/posgraduacao\/ppgdt\/wp-json\/wp\/v2\/posts\/6325\/revisions"}],"predecessor-version":[{"id":6327,"href":"https:\/\/cursos.ufrrj.br\/posgraduacao\/ppgdt\/wp-json\/wp\/v2\/posts\/6325\/revisions\/6327"}],"wp:featuredmedia":[{"embeddable":true,"href":"https:\/\/cursos.ufrrj.br\/posgraduacao\/ppgdt\/wp-json\/wp\/v2\/media\/6326"}],"wp:attachment":[{"href":"https:\/\/cursos.ufrrj.br\/posgraduacao\/ppgdt\/wp-json\/wp\/v2\/media?parent=6325"}],"wp:term":[{"taxonomy":"category","embeddable":true,"href":"https:\/\/cursos.ufrrj.br\/posgraduacao\/ppgdt\/wp-json\/wp\/v2\/categories?post=6325"},{"taxonomy":"post_tag","embeddable":true,"href":"https:\/\/cursos.ufrrj.br\/posgraduacao\/ppgdt\/wp-json\/wp\/v2\/tags?post=6325"}],"curies":[{"name":"wp","href":"https:\/\/api.w.org\/{rel}","templated":true}]}}