{"id":3675,"date":"2026-08-29T12:06:49","date_gmt":"2026-08-29T15:06:49","guid":{"rendered":"https:\/\/cursos.ufrrj.br\/grad\/letrasni\/?p=3675"},"modified":"2026-08-29T12:21:18","modified_gmt":"2026-08-29T15:21:18","slug":"a-rua-maldita-e-outras-cronicas-amargas","status":"publish","type":"post","link":"https:\/\/cursos.ufrrj.br\/grad\/letrasni\/a-rua-maldita-e-outras-cronicas-amargas\/","title":{"rendered":"A Rua Maldita e outras cr\u00f4nicas amargas"},"content":{"rendered":"\n<p class=\"wp-block-paragraph\"><strong>Claudia Rodrigues do Carmo Arcenio<\/strong> foi nossa professora substituta dos cursos de Letras\/IM e atualmente trabalha no setor de Coordena\u00e7\u00e3o de Desenvolvimento Acad\u00eamico e Inova\u00e7\u00e3o Pedag\u00f3gica, no campus de Serop\u00e9dica. <\/p>\n\n\n\n<p class=\"wp-block-paragraph\">\u00c9 escritora, pesquisadora, compositora e professora. Doutora e Mestre em Educa\u00e7\u00e3o (PPGEduc\/UFRRJ), com forma\u00e7\u00e3o em Letras e Pedagogia. \u00c9 autora de obras po\u00e9ticas e acad\u00eamicas com publica\u00e7\u00f5es em editoras comerciais e universit\u00e1rias, tendo sido finalista do Pr\u00eamio Concei\u00e7\u00e3o Evaristo de Literatura da Mulher Negra e do Loba Festival de Literatura. Sua pesquisa e produ\u00e7\u00e3o liter\u00e1ria dedicam-se \u00e0 mem\u00f3ria, letramentos, ancestralidade e rela\u00e7\u00f5es intergeracionais.<\/p>\n\n\n\n<p class=\"wp-block-paragraph\">Que tal fazer algo diferente numa tardezinha de s\u00e1bado? \u2615\u2728<\/p>\n\n\n\n<p class=\"wp-block-paragraph\">Um encontro com a literatura\u2661 Se deixar envolver por boas hist\u00f3rias e roda de conversa cheia de afeto compartilhado.<\/p>\n\n\n\n<p class=\"wp-block-paragraph\">No dia 26 de setembro, Claudia celebra o lan\u00e7amento de seu novo livro, &#8220;A Rua Maldita e outras cr\u00f4nicas amargas&#8221;!<\/p>\n\n\n\n<p class=\"wp-block-paragraph\">\ud83d\udccc \u2022 Data: <strong>26\/09\/2026 (S\u00e1bado), \u00e0s 18h<\/strong><\/p>\n\n\n\n<ul class=\"wp-block-list\">\n<li>Local: <strong>Casa da Cultura<\/strong> \u2013 Complexo Cultural Mario Marques (Rua Get\u00falio Vargas, 51, Centro &#8211; Nova Igua\u00e7u)<\/li>\n<\/ul>\n\n\n\n<p class=\"wp-block-paragraph\">O que vai rolar: Bate-papo sobre vozes perif\u00e9ricas e mem\u00f3ria, sarau, coffee break e lan\u00e7amento oficial com aut\u00f3grafos.<\/p>\n\n\n\n<ul class=\"wp-block-list\">\n<li>Entrada: Gratuita<\/li>\n<\/ul>\n\n\n\n<p class=\"wp-block-paragraph\">Haver\u00e1 certificado para horas de extens\u00e3o!<\/p>\n\n\n\n<figure class=\"wp-block-image size-large\"><img loading=\"lazy\" decoding=\"async\" width=\"724\" height=\"1024\" src=\"https:\/\/cursos.ufrrj.br\/grad\/letrasni\/files\/2026\/08\/claudia-arcenio-724x1024.jpeg\" alt=\"\" class=\"wp-image-3676\" srcset=\"https:\/\/cursos.ufrrj.br\/grad\/letrasni\/files\/2026\/08\/claudia-arcenio-724x1024.jpeg 724w, https:\/\/cursos.ufrrj.br\/grad\/letrasni\/files\/2026\/08\/claudia-arcenio-212x300.jpeg 212w, https:\/\/cursos.ufrrj.br\/grad\/letrasni\/files\/2026\/08\/claudia-arcenio-768x1086.jpeg 768w, https:\/\/cursos.ufrrj.br\/grad\/letrasni\/files\/2026\/08\/claudia-arcenio-1086x1536.jpeg 1086w, https:\/\/cursos.ufrrj.br\/grad\/letrasni\/files\/2026\/08\/claudia-arcenio-49x70.jpeg 49w, https:\/\/cursos.ufrrj.br\/grad\/letrasni\/files\/2026\/08\/claudia-arcenio.jpeg 1131w\" sizes=\"auto, (max-width: 724px) 100vw, 724px\" \/><\/figure>\n","protected":false},"excerpt":{"rendered":"<p>Claudia Rodrigues do Carmo Arcenio foi nossa professora substituta dos cursos de Letras\/IM e atualmente trabalha no setor de Coordena\u00e7\u00e3o de Desenvolvimento [&hellip;]<\/p>\n","protected":false},"author":121,"featured_media":3686,"comment_status":"closed","ping_status":"closed","sticky":false,"template":"","format":"standard","meta":{"_acf_changed":false,"ngg_post_thumbnail":0,"footnotes":"","_links_to":"","_links_to_target":""},"categories":[4],"tags":[],"class_list":["post-3675","post","type-post","status-publish","format-standard","has-post-thumbnail","hentry","category-noticias"],"yoast_head":"<!-- This site is optimized with the Yoast SEO plugin v28.3 - https:\/\/yoast.com\/product\/yoast-seo-wordpress\/ -->\n<title>A Rua Maldita e outras cr\u00f4nicas amargas - Letras<\/title>\n<meta name=\"robots\" content=\"index, follow, max-snippet:-1, max-image-preview:large, max-video-preview:-1\" \/>\n<link rel=\"canonical\" href=\"https:\/\/cursos.ufrrj.br\/grad\/letrasni\/a-rua-maldita-e-outras-cronicas-amargas\/\" \/>\n<meta property=\"og:locale\" content=\"pt_BR\" \/>\n<meta property=\"og:type\" content=\"article\" \/>\n<meta property=\"og:title\" content=\"A Rua Maldita e outras cr\u00f4nicas amargas - Letras\" \/>\n<meta property=\"og:description\" content=\"Claudia Rodrigues do Carmo Arcenio foi nossa professora substituta dos cursos de Letras\/IM e atualmente trabalha no setor de Coordena\u00e7\u00e3o de Desenvolvimento [&hellip;]\" \/>\n<meta property=\"og:url\" content=\"https:\/\/cursos.ufrrj.br\/grad\/letrasni\/a-rua-maldita-e-outras-cronicas-amargas\/\" \/>\n<meta property=\"og:site_name\" content=\"Letras\" \/>\n<meta property=\"article:published_time\" content=\"2026-08-29T15:06:49+00:00\" \/>\n<meta property=\"article:modified_time\" content=\"2026-08-29T15:21:18+00:00\" \/>\n<meta property=\"og:image\" content=\"https:\/\/cursos.ufrrj.br\/grad\/letrasni\/files\/2026\/08\/Lancamento-de-livro-2.jpg\" \/>\n\t<meta property=\"og:image:width\" content=\"1000\" \/>\n\t<meta property=\"og:image:height\" content=\"500\" \/>\n\t<meta property=\"og:image:type\" content=\"image\/jpeg\" \/>\n<meta name=\"author\" content=\"Letras IM\" \/>\n<meta name=\"twitter:card\" content=\"summary_large_image\" \/>\n<meta name=\"twitter:label1\" content=\"Escrito por\" \/>\n\t<meta name=\"twitter:data1\" content=\"Letras IM\" \/>\n\t<meta name=\"twitter:label2\" content=\"Est. tempo de leitura\" \/>\n\t<meta name=\"twitter:data2\" content=\"1 minuto\" \/>\n<script type=\"application\/ld+json\" class=\"yoast-schema-graph\">{\"@context\":\"https:\\\/\\\/schema.org\",\"@graph\":[{\"@type\":\"Article\",\"@id\":\"https:\\\/\\\/cursos.ufrrj.br\\\/grad\\\/letrasni\\\/a-rua-maldita-e-outras-cronicas-amargas\\\/#article\",\"isPartOf\":{\"@id\":\"https:\\\/\\\/cursos.ufrrj.br\\\/grad\\\/letrasni\\\/a-rua-maldita-e-outras-cronicas-amargas\\\/\"},\"author\":{\"name\":\"Letras IM\",\"@id\":\"https:\\\/\\\/cursos.ufrrj.br\\\/grad\\\/letrasni\\\/#\\\/schema\\\/person\\\/03e53facf0367a6c2a6b7dfbeacecb67\"},\"headline\":\"A Rua Maldita e outras cr\u00f4nicas amargas\",\"datePublished\":\"2026-08-29T15:06:49+00:00\",\"dateModified\":\"2026-08-29T15:21:18+00:00\",\"mainEntityOfPage\":{\"@id\":\"https:\\\/\\\/cursos.ufrrj.br\\\/grad\\\/letrasni\\\/a-rua-maldita-e-outras-cronicas-amargas\\\/\"},\"wordCount\":221,\"image\":{\"@id\":\"https:\\\/\\\/cursos.ufrrj.br\\\/grad\\\/letrasni\\\/a-rua-maldita-e-outras-cronicas-amargas\\\/#primaryimage\"},\"thumbnailUrl\":\"https:\\\/\\\/cursos.ufrrj.br\\\/grad\\\/letrasni\\\/files\\\/2026\\\/08\\\/Lancamento-de-livro-2.jpg\",\"articleSection\":[\"Not\u00edcias\"],\"inLanguage\":\"pt-BR\"},{\"@type\":\"WebPage\",\"@id\":\"https:\\\/\\\/cursos.ufrrj.br\\\/grad\\\/letrasni\\\/a-rua-maldita-e-outras-cronicas-amargas\\\/\",\"url\":\"https:\\\/\\\/cursos.ufrrj.br\\\/grad\\\/letrasni\\\/a-rua-maldita-e-outras-cronicas-amargas\\\/\",\"name\":\"A Rua Maldita e outras cr\u00f4nicas amargas - Letras\",\"isPartOf\":{\"@id\":\"https:\\\/\\\/cursos.ufrrj.br\\\/grad\\\/letrasni\\\/#website\"},\"primaryImageOfPage\":{\"@id\":\"https:\\\/\\\/cursos.ufrrj.br\\\/grad\\\/letrasni\\\/a-rua-maldita-e-outras-cronicas-amargas\\\/#primaryimage\"},\"image\":{\"@id\":\"https:\\\/\\\/cursos.ufrrj.br\\\/grad\\\/letrasni\\\/a-rua-maldita-e-outras-cronicas-amargas\\\/#primaryimage\"},\"thumbnailUrl\":\"https:\\\/\\\/cursos.ufrrj.br\\\/grad\\\/letrasni\\\/files\\\/2026\\\/08\\\/Lancamento-de-livro-2.jpg\",\"datePublished\":\"2026-08-29T15:06:49+00:00\",\"dateModified\":\"2026-08-29T15:21:18+00:00\",\"author\":{\"@id\":\"https:\\\/\\\/cursos.ufrrj.br\\\/grad\\\/letrasni\\\/#\\\/schema\\\/person\\\/03e53facf0367a6c2a6b7dfbeacecb67\"},\"breadcrumb\":{\"@id\":\"https:\\\/\\\/cursos.ufrrj.br\\\/grad\\\/letrasni\\\/a-rua-maldita-e-outras-cronicas-amargas\\\/#breadcrumb\"},\"inLanguage\":\"pt-BR\",\"potentialAction\":[{\"@type\":\"ReadAction\",\"target\":[\"https:\\\/\\\/cursos.ufrrj.br\\\/grad\\\/letrasni\\\/a-rua-maldita-e-outras-cronicas-amargas\\\/\"]}]},{\"@type\":\"ImageObject\",\"inLanguage\":\"pt-BR\",\"@id\":\"https:\\\/\\\/cursos.ufrrj.br\\\/grad\\\/letrasni\\\/a-rua-maldita-e-outras-cronicas-amargas\\\/#primaryimage\",\"url\":\"https:\\\/\\\/cursos.ufrrj.br\\\/grad\\\/letrasni\\\/files\\\/2026\\\/08\\\/Lancamento-de-livro-2.jpg\",\"contentUrl\":\"https:\\\/\\\/cursos.ufrrj.br\\\/grad\\\/letrasni\\\/files\\\/2026\\\/08\\\/Lancamento-de-livro-2.jpg\",\"width\":1000,\"height\":500},{\"@type\":\"BreadcrumbList\",\"@id\":\"https:\\\/\\\/cursos.ufrrj.br\\\/grad\\\/letrasni\\\/a-rua-maldita-e-outras-cronicas-amargas\\\/#breadcrumb\",\"itemListElement\":[{\"@type\":\"ListItem\",\"position\":1,\"name\":\"In\u00edcio\",\"item\":\"https:\\\/\\\/cursos.ufrrj.br\\\/grad\\\/letrasni\\\/\"},{\"@type\":\"ListItem\",\"position\":2,\"name\":\"A Rua Maldita e outras cr\u00f4nicas amargas\"}]},{\"@type\":\"WebSite\",\"@id\":\"https:\\\/\\\/cursos.ufrrj.br\\\/grad\\\/letrasni\\\/#website\",\"url\":\"https:\\\/\\\/cursos.ufrrj.br\\\/grad\\\/letrasni\\\/\",\"name\":\"Letras\",\"description\":\"Campus Nova Igua\u00e7u \u2013 UFRRJ\",\"potentialAction\":[{\"@type\":\"SearchAction\",\"target\":{\"@type\":\"EntryPoint\",\"urlTemplate\":\"https:\\\/\\\/cursos.ufrrj.br\\\/grad\\\/letrasni\\\/?s={search_term_string}\"},\"query-input\":{\"@type\":\"PropertyValueSpecification\",\"valueRequired\":true,\"valueName\":\"search_term_string\"}}],\"inLanguage\":\"pt-BR\"},{\"@type\":\"Person\",\"@id\":\"https:\\\/\\\/cursos.ufrrj.br\\\/grad\\\/letrasni\\\/#\\\/schema\\\/person\\\/03e53facf0367a6c2a6b7dfbeacecb67\",\"name\":\"Letras IM\",\"image\":{\"@type\":\"ImageObject\",\"inLanguage\":\"pt-BR\",\"@id\":\"https:\\\/\\\/secure.gravatar.com\\\/avatar\\\/83dad519b46579aa5d54b3b3bd54b80d7a31d1231c51f004cf7dc09440b091f6?s=96&d=mm&r=g\",\"url\":\"https:\\\/\\\/secure.gravatar.com\\\/avatar\\\/83dad519b46579aa5d54b3b3bd54b80d7a31d1231c51f004cf7dc09440b091f6?s=96&d=mm&r=g\",\"contentUrl\":\"https:\\\/\\\/secure.gravatar.com\\\/avatar\\\/83dad519b46579aa5d54b3b3bd54b80d7a31d1231c51f004cf7dc09440b091f6?s=96&d=mm&r=g\",\"caption\":\"Letras IM\"},\"url\":\"https:\\\/\\\/cursos.ufrrj.br\\\/grad\\\/letrasni\\\/author\\\/carmen\\\/\"}]}<\/script>\n<!-- \/ Yoast SEO plugin. -->","yoast_head_json":{"title":"A Rua Maldita e outras cr\u00f4nicas amargas - Letras","robots":{"index":"index","follow":"follow","max-snippet":"max-snippet:-1","max-image-preview":"max-image-preview:large","max-video-preview":"max-video-preview:-1"},"canonical":"https:\/\/cursos.ufrrj.br\/grad\/letrasni\/a-rua-maldita-e-outras-cronicas-amargas\/","og_locale":"pt_BR","og_type":"article","og_title":"A Rua Maldita e outras cr\u00f4nicas amargas - Letras","og_description":"Claudia Rodrigues do Carmo Arcenio foi nossa professora substituta dos cursos de Letras\/IM e atualmente trabalha no setor de Coordena\u00e7\u00e3o de Desenvolvimento [&hellip;]","og_url":"https:\/\/cursos.ufrrj.br\/grad\/letrasni\/a-rua-maldita-e-outras-cronicas-amargas\/","og_site_name":"Letras","article_published_time":"2026-08-29T15:06:49+00:00","article_modified_time":"2026-08-29T15:21:18+00:00","og_image":[{"width":1000,"height":500,"url":"https:\/\/cursos.ufrrj.br\/grad\/letrasni\/files\/2026\/08\/Lancamento-de-livro-2.jpg","type":"image\/jpeg"}],"author":"Letras IM","twitter_card":"summary_large_image","twitter_misc":{"Escrito por":"Letras IM","Est. tempo de leitura":"1 minuto"},"schema":{"@context":"https:\/\/schema.org","@graph":[{"@type":"Article","@id":"https:\/\/cursos.ufrrj.br\/grad\/letrasni\/a-rua-maldita-e-outras-cronicas-amargas\/#article","isPartOf":{"@id":"https:\/\/cursos.ufrrj.br\/grad\/letrasni\/a-rua-maldita-e-outras-cronicas-amargas\/"},"author":{"name":"Letras IM","@id":"https:\/\/cursos.ufrrj.br\/grad\/letrasni\/#\/schema\/person\/03e53facf0367a6c2a6b7dfbeacecb67"},"headline":"A Rua Maldita e outras cr\u00f4nicas amargas","datePublished":"2026-08-29T15:06:49+00:00","dateModified":"2026-08-29T15:21:18+00:00","mainEntityOfPage":{"@id":"https:\/\/cursos.ufrrj.br\/grad\/letrasni\/a-rua-maldita-e-outras-cronicas-amargas\/"},"wordCount":221,"image":{"@id":"https:\/\/cursos.ufrrj.br\/grad\/letrasni\/a-rua-maldita-e-outras-cronicas-amargas\/#primaryimage"},"thumbnailUrl":"https:\/\/cursos.ufrrj.br\/grad\/letrasni\/files\/2026\/08\/Lancamento-de-livro-2.jpg","articleSection":["Not\u00edcias"],"inLanguage":"pt-BR"},{"@type":"WebPage","@id":"https:\/\/cursos.ufrrj.br\/grad\/letrasni\/a-rua-maldita-e-outras-cronicas-amargas\/","url":"https:\/\/cursos.ufrrj.br\/grad\/letrasni\/a-rua-maldita-e-outras-cronicas-amargas\/","name":"A Rua Maldita e outras cr\u00f4nicas amargas - Letras","isPartOf":{"@id":"https:\/\/cursos.ufrrj.br\/grad\/letrasni\/#website"},"primaryImageOfPage":{"@id":"https:\/\/cursos.ufrrj.br\/grad\/letrasni\/a-rua-maldita-e-outras-cronicas-amargas\/#primaryimage"},"image":{"@id":"https:\/\/cursos.ufrrj.br\/grad\/letrasni\/a-rua-maldita-e-outras-cronicas-amargas\/#primaryimage"},"thumbnailUrl":"https:\/\/cursos.ufrrj.br\/grad\/letrasni\/files\/2026\/08\/Lancamento-de-livro-2.jpg","datePublished":"2026-08-29T15:06:49+00:00","dateModified":"2026-08-29T15:21:18+00:00","author":{"@id":"https:\/\/cursos.ufrrj.br\/grad\/letrasni\/#\/schema\/person\/03e53facf0367a6c2a6b7dfbeacecb67"},"breadcrumb":{"@id":"https:\/\/cursos.ufrrj.br\/grad\/letrasni\/a-rua-maldita-e-outras-cronicas-amargas\/#breadcrumb"},"inLanguage":"pt-BR","potentialAction":[{"@type":"ReadAction","target":["https:\/\/cursos.ufrrj.br\/grad\/letrasni\/a-rua-maldita-e-outras-cronicas-amargas\/"]}]},{"@type":"ImageObject","inLanguage":"pt-BR","@id":"https:\/\/cursos.ufrrj.br\/grad\/letrasni\/a-rua-maldita-e-outras-cronicas-amargas\/#primaryimage","url":"https:\/\/cursos.ufrrj.br\/grad\/letrasni\/files\/2026\/08\/Lancamento-de-livro-2.jpg","contentUrl":"https:\/\/cursos.ufrrj.br\/grad\/letrasni\/files\/2026\/08\/Lancamento-de-livro-2.jpg","width":1000,"height":500},{"@type":"BreadcrumbList","@id":"https:\/\/cursos.ufrrj.br\/grad\/letrasni\/a-rua-maldita-e-outras-cronicas-amargas\/#breadcrumb","itemListElement":[{"@type":"ListItem","position":1,"name":"In\u00edcio","item":"https:\/\/cursos.ufrrj.br\/grad\/letrasni\/"},{"@type":"ListItem","position":2,"name":"A Rua Maldita e outras cr\u00f4nicas amargas"}]},{"@type":"WebSite","@id":"https:\/\/cursos.ufrrj.br\/grad\/letrasni\/#website","url":"https:\/\/cursos.ufrrj.br\/grad\/letrasni\/","name":"Letras","description":"Campus Nova Igua\u00e7u \u2013 UFRRJ","potentialAction":[{"@type":"SearchAction","target":{"@type":"EntryPoint","urlTemplate":"https:\/\/cursos.ufrrj.br\/grad\/letrasni\/?s={search_term_string}"},"query-input":{"@type":"PropertyValueSpecification","valueRequired":true,"valueName":"search_term_string"}}],"inLanguage":"pt-BR"},{"@type":"Person","@id":"https:\/\/cursos.ufrrj.br\/grad\/letrasni\/#\/schema\/person\/03e53facf0367a6c2a6b7dfbeacecb67","name":"Letras IM","image":{"@type":"ImageObject","inLanguage":"pt-BR","@id":"https:\/\/secure.gravatar.com\/avatar\/83dad519b46579aa5d54b3b3bd54b80d7a31d1231c51f004cf7dc09440b091f6?s=96&d=mm&r=g","url":"https:\/\/secure.gravatar.com\/avatar\/83dad519b46579aa5d54b3b3bd54b80d7a31d1231c51f004cf7dc09440b091f6?s=96&d=mm&r=g","contentUrl":"https:\/\/secure.gravatar.com\/avatar\/83dad519b46579aa5d54b3b3bd54b80d7a31d1231c51f004cf7dc09440b091f6?s=96&d=mm&r=g","caption":"Letras IM"},"url":"https:\/\/cursos.ufrrj.br\/grad\/letrasni\/author\/carmen\/"}]}},"acf":[],"_links":{"self":[{"href":"https:\/\/cursos.ufrrj.br\/grad\/letrasni\/wp-json\/wp\/v2\/posts\/3675","targetHints":{"allow":["GET"]}}],"collection":[{"href":"https:\/\/cursos.ufrrj.br\/grad\/letrasni\/wp-json\/wp\/v2\/posts"}],"about":[{"href":"https:\/\/cursos.ufrrj.br\/grad\/letrasni\/wp-json\/wp\/v2\/types\/post"}],"author":[{"embeddable":true,"href":"https:\/\/cursos.ufrrj.br\/grad\/letrasni\/wp-json\/wp\/v2\/users\/121"}],"replies":[{"embeddable":true,"href":"https:\/\/cursos.ufrrj.br\/grad\/letrasni\/wp-json\/wp\/v2\/comments?post=3675"}],"version-history":[{"count":1,"href":"https:\/\/cursos.ufrrj.br\/grad\/letrasni\/wp-json\/wp\/v2\/posts\/3675\/revisions"}],"predecessor-version":[{"id":3678,"href":"https:\/\/cursos.ufrrj.br\/grad\/letrasni\/wp-json\/wp\/v2\/posts\/3675\/revisions\/3678"}],"wp:featuredmedia":[{"embeddable":true,"href":"https:\/\/cursos.ufrrj.br\/grad\/letrasni\/wp-json\/wp\/v2\/media\/3686"}],"wp:attachment":[{"href":"https:\/\/cursos.ufrrj.br\/grad\/letrasni\/wp-json\/wp\/v2\/media?parent=3675"}],"wp:term":[{"taxonomy":"category","embeddable":true,"href":"https:\/\/cursos.ufrrj.br\/grad\/letrasni\/wp-json\/wp\/v2\/categories?post=3675"},{"taxonomy":"post_tag","embeddable":true,"href":"https:\/\/cursos.ufrrj.br\/grad\/letrasni\/wp-json\/wp\/v2\/tags?post=3675"}],"curies":[{"name":"wp","href":"https:\/\/api.w.org\/{rel}","templated":true}]}}