{"id":3667,"date":"2026-08-27T00:46:54","date_gmt":"2026-08-27T03:46:54","guid":{"rendered":"https:\/\/cursos.ufrrj.br\/grad\/letrasni\/?p=3667"},"modified":"2026-08-27T00:47:36","modified_gmt":"2026-08-27T03:47:36","slug":"espetaculo-teatral-a-cartomante-uma-livre-adaptacao-inspirada-no-conto-de-machado-de-assis","status":"publish","type":"post","link":"https:\/\/cursos.ufrrj.br\/grad\/letrasni\/espetaculo-teatral-a-cartomante-uma-livre-adaptacao-inspirada-no-conto-de-machado-de-assis\/","title":{"rendered":"Espet\u00e1culo Teatral &#8211; A Cartomante &#8211; Uma livre adapta\u00e7\u00e3o inspirada no conto de Machado de Assis"},"content":{"rendered":"\n<p class=\"wp-block-paragraph\">Venha assistir \u00e0 apresenta\u00e7\u00e3o do espet\u00e1culo A cartomante &#8211; Uma livre adapta\u00e7\u00e3o inspirada no conto de Machado de Assis que vai ocorrer no Audit\u00f3rio do IM, <strong>dia 27\/08<\/strong>, pr\u00f3xima quinta-feira \u00e0s <strong>15h<\/strong>. A Dire\u00e7\u00e3o e Adapta\u00e7\u00e3o do texto do espet\u00e1culo s\u00e3o assinados por Thiago Cardoso, que \u00e9 Mestrando do @PPGGEO\/UFRRJ, pesquisador da @Coletiva Vandana Shiva e egresso do curso de licenciatura em Geografia do IM e do @petgeoufrrjim. <\/p>\n\n\n\n<p class=\"wp-block-paragraph\">Thiago \u00e9 um importante agente cultural da Baixada Fluminense, Ator, Diretor da Escola Municipal de Teatro Celso Mosciaro desde 2019 e professor de artes do Centro de Conviv\u00eancia e Cultura Nereu Lopes. O espet\u00e1culo foi contemplado pelo Edital Literatura do Rio ao RJ (SECEC\/RJ) e tem significativo impacto social na democratiza\u00e7\u00e3o do acesso \u00e0 cultura, viabilizando de forma gratuita a realiza\u00e7\u00e3o da pe\u00e7a em espa\u00e7o p\u00fablico, contribuindo para a forma\u00e7\u00e3o de plateia e a reflex\u00e3o sobre g\u00eanero, ra\u00e7a e direitos humanos a partir da obra de Machado de Assis no territ\u00f3rio da Baixada Fluminense. <\/p>\n\n\n\n<p class=\"wp-block-paragraph\">&#8220;O espet\u00e1culo mistura m\u00fasica executada ao vivo, cantigas, teatro popular e ancestralidade afro-brasileira para contar uma hist\u00f3ria sobre amor, liberdade e destino.&nbsp;Entre cartas, cantigas e segredos, &#8220;A Cartomante&#8221; afirma que nem toda hist\u00f3ria precisa terminar em trag\u00e9dia. Algumas mulheres escolhem escrever o pr\u00f3prio destino&#8221;.<\/p>\n\n\n\n<p class=\"wp-block-paragraph\">Tempo de dura\u00e7\u00e3o:&nbsp;60 minutos. <\/p>\n\n\n\n<p class=\"wp-block-paragraph\">Local: Audit\u00f3rio do IM\/UFRRJ &#8211; campus de Nova Igua\u00e7u.<\/p>\n\n\n\n<p class=\"wp-block-paragraph\">Classifica\u00e7\u00e3o indicativa:&nbsp;14 anos. <\/p>\n\n\n\n<p class=\"wp-block-paragraph\">A pe\u00e7a \u00e9 uma atividade de extens\u00e3o cadastrada no Sigaa que ter\u00e1 emiss\u00e3o de certificado para horas de atividades acad\u00eamicas complementares. <\/p>\n\n\n\n<p class=\"wp-block-paragraph\"><a href=\"https:\/\/www.instagram.com\/reel\/DcfB1G-t-pX\/?igsi=NXhsNDV2b2c0eWRs\" target=\"_blank\" rel=\"noreferrer noopener\">https:\/\/www.instagram.com\/reel\/DcfB1G-t-pX\/?igsi=NXhsNDV2b2c0eWRs<\/a><\/p>\n","protected":false},"excerpt":{"rendered":"<p>Venha assistir \u00e0 apresenta\u00e7\u00e3o do espet\u00e1culo A cartomante &#8211; Uma livre adapta\u00e7\u00e3o inspirada no conto de Machado de Assis que vai ocorrer [&hellip;]<\/p>\n","protected":false},"author":121,"featured_media":3668,"comment_status":"closed","ping_status":"closed","sticky":false,"template":"","format":"standard","meta":{"_acf_changed":false,"ngg_post_thumbnail":0,"footnotes":"","_links_to":"","_links_to_target":""},"categories":[4],"tags":[],"class_list":["post-3667","post","type-post","status-publish","format-standard","has-post-thumbnail","hentry","category-noticias"],"yoast_head":"<!-- This site is optimized with the Yoast SEO plugin v28.3 - https:\/\/yoast.com\/product\/yoast-seo-wordpress\/ -->\n<title>Espet\u00e1culo Teatral - A Cartomante - Uma livre adapta\u00e7\u00e3o inspirada no conto de Machado de Assis - Letras<\/title>\n<meta name=\"robots\" content=\"index, follow, max-snippet:-1, max-image-preview:large, max-video-preview:-1\" \/>\n<link rel=\"canonical\" href=\"https:\/\/cursos.ufrrj.br\/grad\/letrasni\/espetaculo-teatral-a-cartomante-uma-livre-adaptacao-inspirada-no-conto-de-machado-de-assis\/\" \/>\n<meta property=\"og:locale\" content=\"pt_BR\" \/>\n<meta property=\"og:type\" content=\"article\" \/>\n<meta property=\"og:title\" content=\"Espet\u00e1culo Teatral - A Cartomante - Uma livre adapta\u00e7\u00e3o inspirada no conto de Machado de Assis - Letras\" \/>\n<meta property=\"og:description\" content=\"Venha assistir \u00e0 apresenta\u00e7\u00e3o do espet\u00e1culo A cartomante &#8211; Uma livre adapta\u00e7\u00e3o inspirada no conto de Machado de Assis que vai ocorrer [&hellip;]\" \/>\n<meta property=\"og:url\" content=\"https:\/\/cursos.ufrrj.br\/grad\/letrasni\/espetaculo-teatral-a-cartomante-uma-livre-adaptacao-inspirada-no-conto-de-machado-de-assis\/\" \/>\n<meta property=\"og:site_name\" content=\"Letras\" \/>\n<meta property=\"article:published_time\" content=\"2026-08-27T03:46:54+00:00\" \/>\n<meta property=\"article:modified_time\" content=\"2026-08-27T03:47:36+00:00\" \/>\n<meta property=\"og:image\" content=\"https:\/\/cursos.ufrrj.br\/grad\/letrasni\/files\/2026\/08\/a-cartomante.jpg\" \/>\n\t<meta property=\"og:image:width\" content=\"1080\" \/>\n\t<meta property=\"og:image:height\" content=\"1080\" \/>\n\t<meta property=\"og:image:type\" content=\"image\/jpeg\" \/>\n<meta name=\"author\" content=\"Letras IM\" \/>\n<meta name=\"twitter:card\" content=\"summary_large_image\" \/>\n<meta name=\"twitter:label1\" content=\"Escrito por\" \/>\n\t<meta name=\"twitter:data1\" content=\"Letras IM\" \/>\n\t<meta name=\"twitter:label2\" content=\"Est. tempo de leitura\" \/>\n\t<meta name=\"twitter:data2\" content=\"1 minuto\" \/>\n<script type=\"application\/ld+json\" class=\"yoast-schema-graph\">{\"@context\":\"https:\\\/\\\/schema.org\",\"@graph\":[{\"@type\":\"Article\",\"@id\":\"https:\\\/\\\/cursos.ufrrj.br\\\/grad\\\/letrasni\\\/espetaculo-teatral-a-cartomante-uma-livre-adaptacao-inspirada-no-conto-de-machado-de-assis\\\/#article\",\"isPartOf\":{\"@id\":\"https:\\\/\\\/cursos.ufrrj.br\\\/grad\\\/letrasni\\\/espetaculo-teatral-a-cartomante-uma-livre-adaptacao-inspirada-no-conto-de-machado-de-assis\\\/\"},\"author\":{\"name\":\"Letras IM\",\"@id\":\"https:\\\/\\\/cursos.ufrrj.br\\\/grad\\\/letrasni\\\/#\\\/schema\\\/person\\\/03e53facf0367a6c2a6b7dfbeacecb67\"},\"headline\":\"Espet\u00e1culo Teatral &#8211; A Cartomante &#8211; Uma livre adapta\u00e7\u00e3o inspirada no conto de Machado de Assis\",\"datePublished\":\"2026-08-27T03:46:54+00:00\",\"dateModified\":\"2026-08-27T03:47:36+00:00\",\"mainEntityOfPage\":{\"@id\":\"https:\\\/\\\/cursos.ufrrj.br\\\/grad\\\/letrasni\\\/espetaculo-teatral-a-cartomante-uma-livre-adaptacao-inspirada-no-conto-de-machado-de-assis\\\/\"},\"wordCount\":308,\"image\":{\"@id\":\"https:\\\/\\\/cursos.ufrrj.br\\\/grad\\\/letrasni\\\/espetaculo-teatral-a-cartomante-uma-livre-adaptacao-inspirada-no-conto-de-machado-de-assis\\\/#primaryimage\"},\"thumbnailUrl\":\"https:\\\/\\\/cursos.ufrrj.br\\\/grad\\\/letrasni\\\/files\\\/2026\\\/08\\\/a-cartomante.jpg\",\"articleSection\":[\"Not\u00edcias\"],\"inLanguage\":\"pt-BR\"},{\"@type\":\"WebPage\",\"@id\":\"https:\\\/\\\/cursos.ufrrj.br\\\/grad\\\/letrasni\\\/espetaculo-teatral-a-cartomante-uma-livre-adaptacao-inspirada-no-conto-de-machado-de-assis\\\/\",\"url\":\"https:\\\/\\\/cursos.ufrrj.br\\\/grad\\\/letrasni\\\/espetaculo-teatral-a-cartomante-uma-livre-adaptacao-inspirada-no-conto-de-machado-de-assis\\\/\",\"name\":\"Espet\u00e1culo Teatral - A Cartomante - Uma livre adapta\u00e7\u00e3o inspirada no conto de Machado de Assis - Letras\",\"isPartOf\":{\"@id\":\"https:\\\/\\\/cursos.ufrrj.br\\\/grad\\\/letrasni\\\/#website\"},\"primaryImageOfPage\":{\"@id\":\"https:\\\/\\\/cursos.ufrrj.br\\\/grad\\\/letrasni\\\/espetaculo-teatral-a-cartomante-uma-livre-adaptacao-inspirada-no-conto-de-machado-de-assis\\\/#primaryimage\"},\"image\":{\"@id\":\"https:\\\/\\\/cursos.ufrrj.br\\\/grad\\\/letrasni\\\/espetaculo-teatral-a-cartomante-uma-livre-adaptacao-inspirada-no-conto-de-machado-de-assis\\\/#primaryimage\"},\"thumbnailUrl\":\"https:\\\/\\\/cursos.ufrrj.br\\\/grad\\\/letrasni\\\/files\\\/2026\\\/08\\\/a-cartomante.jpg\",\"datePublished\":\"2026-08-27T03:46:54+00:00\",\"dateModified\":\"2026-08-27T03:47:36+00:00\",\"author\":{\"@id\":\"https:\\\/\\\/cursos.ufrrj.br\\\/grad\\\/letrasni\\\/#\\\/schema\\\/person\\\/03e53facf0367a6c2a6b7dfbeacecb67\"},\"breadcrumb\":{\"@id\":\"https:\\\/\\\/cursos.ufrrj.br\\\/grad\\\/letrasni\\\/espetaculo-teatral-a-cartomante-uma-livre-adaptacao-inspirada-no-conto-de-machado-de-assis\\\/#breadcrumb\"},\"inLanguage\":\"pt-BR\",\"potentialAction\":[{\"@type\":\"ReadAction\",\"target\":[\"https:\\\/\\\/cursos.ufrrj.br\\\/grad\\\/letrasni\\\/espetaculo-teatral-a-cartomante-uma-livre-adaptacao-inspirada-no-conto-de-machado-de-assis\\\/\"]}]},{\"@type\":\"ImageObject\",\"inLanguage\":\"pt-BR\",\"@id\":\"https:\\\/\\\/cursos.ufrrj.br\\\/grad\\\/letrasni\\\/espetaculo-teatral-a-cartomante-uma-livre-adaptacao-inspirada-no-conto-de-machado-de-assis\\\/#primaryimage\",\"url\":\"https:\\\/\\\/cursos.ufrrj.br\\\/grad\\\/letrasni\\\/files\\\/2026\\\/08\\\/a-cartomante.jpg\",\"contentUrl\":\"https:\\\/\\\/cursos.ufrrj.br\\\/grad\\\/letrasni\\\/files\\\/2026\\\/08\\\/a-cartomante.jpg\",\"width\":1080,\"height\":1080},{\"@type\":\"BreadcrumbList\",\"@id\":\"https:\\\/\\\/cursos.ufrrj.br\\\/grad\\\/letrasni\\\/espetaculo-teatral-a-cartomante-uma-livre-adaptacao-inspirada-no-conto-de-machado-de-assis\\\/#breadcrumb\",\"itemListElement\":[{\"@type\":\"ListItem\",\"position\":1,\"name\":\"In\u00edcio\",\"item\":\"https:\\\/\\\/cursos.ufrrj.br\\\/grad\\\/letrasni\\\/\"},{\"@type\":\"ListItem\",\"position\":2,\"name\":\"Espet\u00e1culo Teatral &#8211; A Cartomante &#8211; Uma livre adapta\u00e7\u00e3o inspirada no conto de Machado de Assis\"}]},{\"@type\":\"WebSite\",\"@id\":\"https:\\\/\\\/cursos.ufrrj.br\\\/grad\\\/letrasni\\\/#website\",\"url\":\"https:\\\/\\\/cursos.ufrrj.br\\\/grad\\\/letrasni\\\/\",\"name\":\"Letras\",\"description\":\"Campus Nova Igua\u00e7u \u2013 UFRRJ\",\"potentialAction\":[{\"@type\":\"SearchAction\",\"target\":{\"@type\":\"EntryPoint\",\"urlTemplate\":\"https:\\\/\\\/cursos.ufrrj.br\\\/grad\\\/letrasni\\\/?s={search_term_string}\"},\"query-input\":{\"@type\":\"PropertyValueSpecification\",\"valueRequired\":true,\"valueName\":\"search_term_string\"}}],\"inLanguage\":\"pt-BR\"},{\"@type\":\"Person\",\"@id\":\"https:\\\/\\\/cursos.ufrrj.br\\\/grad\\\/letrasni\\\/#\\\/schema\\\/person\\\/03e53facf0367a6c2a6b7dfbeacecb67\",\"name\":\"Letras IM\",\"image\":{\"@type\":\"ImageObject\",\"inLanguage\":\"pt-BR\",\"@id\":\"https:\\\/\\\/secure.gravatar.com\\\/avatar\\\/83dad519b46579aa5d54b3b3bd54b80d7a31d1231c51f004cf7dc09440b091f6?s=96&d=mm&r=g\",\"url\":\"https:\\\/\\\/secure.gravatar.com\\\/avatar\\\/83dad519b46579aa5d54b3b3bd54b80d7a31d1231c51f004cf7dc09440b091f6?s=96&d=mm&r=g\",\"contentUrl\":\"https:\\\/\\\/secure.gravatar.com\\\/avatar\\\/83dad519b46579aa5d54b3b3bd54b80d7a31d1231c51f004cf7dc09440b091f6?s=96&d=mm&r=g\",\"caption\":\"Letras IM\"},\"url\":\"https:\\\/\\\/cursos.ufrrj.br\\\/grad\\\/letrasni\\\/author\\\/carmen\\\/\"}]}<\/script>\n<!-- \/ Yoast SEO plugin. -->","yoast_head_json":{"title":"Espet\u00e1culo Teatral - A Cartomante - Uma livre adapta\u00e7\u00e3o inspirada no conto de Machado de Assis - Letras","robots":{"index":"index","follow":"follow","max-snippet":"max-snippet:-1","max-image-preview":"max-image-preview:large","max-video-preview":"max-video-preview:-1"},"canonical":"https:\/\/cursos.ufrrj.br\/grad\/letrasni\/espetaculo-teatral-a-cartomante-uma-livre-adaptacao-inspirada-no-conto-de-machado-de-assis\/","og_locale":"pt_BR","og_type":"article","og_title":"Espet\u00e1culo Teatral - A Cartomante - Uma livre adapta\u00e7\u00e3o inspirada no conto de Machado de Assis - Letras","og_description":"Venha assistir \u00e0 apresenta\u00e7\u00e3o do espet\u00e1culo A cartomante &#8211; Uma livre adapta\u00e7\u00e3o inspirada no conto de Machado de Assis que vai ocorrer [&hellip;]","og_url":"https:\/\/cursos.ufrrj.br\/grad\/letrasni\/espetaculo-teatral-a-cartomante-uma-livre-adaptacao-inspirada-no-conto-de-machado-de-assis\/","og_site_name":"Letras","article_published_time":"2026-08-27T03:46:54+00:00","article_modified_time":"2026-08-27T03:47:36+00:00","og_image":[{"width":1080,"height":1080,"url":"https:\/\/cursos.ufrrj.br\/grad\/letrasni\/files\/2026\/08\/a-cartomante.jpg","type":"image\/jpeg"}],"author":"Letras IM","twitter_card":"summary_large_image","twitter_misc":{"Escrito por":"Letras IM","Est. tempo de leitura":"1 minuto"},"schema":{"@context":"https:\/\/schema.org","@graph":[{"@type":"Article","@id":"https:\/\/cursos.ufrrj.br\/grad\/letrasni\/espetaculo-teatral-a-cartomante-uma-livre-adaptacao-inspirada-no-conto-de-machado-de-assis\/#article","isPartOf":{"@id":"https:\/\/cursos.ufrrj.br\/grad\/letrasni\/espetaculo-teatral-a-cartomante-uma-livre-adaptacao-inspirada-no-conto-de-machado-de-assis\/"},"author":{"name":"Letras IM","@id":"https:\/\/cursos.ufrrj.br\/grad\/letrasni\/#\/schema\/person\/03e53facf0367a6c2a6b7dfbeacecb67"},"headline":"Espet\u00e1culo Teatral &#8211; A Cartomante &#8211; Uma livre adapta\u00e7\u00e3o inspirada no conto de Machado de Assis","datePublished":"2026-08-27T03:46:54+00:00","dateModified":"2026-08-27T03:47:36+00:00","mainEntityOfPage":{"@id":"https:\/\/cursos.ufrrj.br\/grad\/letrasni\/espetaculo-teatral-a-cartomante-uma-livre-adaptacao-inspirada-no-conto-de-machado-de-assis\/"},"wordCount":308,"image":{"@id":"https:\/\/cursos.ufrrj.br\/grad\/letrasni\/espetaculo-teatral-a-cartomante-uma-livre-adaptacao-inspirada-no-conto-de-machado-de-assis\/#primaryimage"},"thumbnailUrl":"https:\/\/cursos.ufrrj.br\/grad\/letrasni\/files\/2026\/08\/a-cartomante.jpg","articleSection":["Not\u00edcias"],"inLanguage":"pt-BR"},{"@type":"WebPage","@id":"https:\/\/cursos.ufrrj.br\/grad\/letrasni\/espetaculo-teatral-a-cartomante-uma-livre-adaptacao-inspirada-no-conto-de-machado-de-assis\/","url":"https:\/\/cursos.ufrrj.br\/grad\/letrasni\/espetaculo-teatral-a-cartomante-uma-livre-adaptacao-inspirada-no-conto-de-machado-de-assis\/","name":"Espet\u00e1culo Teatral - A Cartomante - Uma livre adapta\u00e7\u00e3o inspirada no conto de Machado de Assis - Letras","isPartOf":{"@id":"https:\/\/cursos.ufrrj.br\/grad\/letrasni\/#website"},"primaryImageOfPage":{"@id":"https:\/\/cursos.ufrrj.br\/grad\/letrasni\/espetaculo-teatral-a-cartomante-uma-livre-adaptacao-inspirada-no-conto-de-machado-de-assis\/#primaryimage"},"image":{"@id":"https:\/\/cursos.ufrrj.br\/grad\/letrasni\/espetaculo-teatral-a-cartomante-uma-livre-adaptacao-inspirada-no-conto-de-machado-de-assis\/#primaryimage"},"thumbnailUrl":"https:\/\/cursos.ufrrj.br\/grad\/letrasni\/files\/2026\/08\/a-cartomante.jpg","datePublished":"2026-08-27T03:46:54+00:00","dateModified":"2026-08-27T03:47:36+00:00","author":{"@id":"https:\/\/cursos.ufrrj.br\/grad\/letrasni\/#\/schema\/person\/03e53facf0367a6c2a6b7dfbeacecb67"},"breadcrumb":{"@id":"https:\/\/cursos.ufrrj.br\/grad\/letrasni\/espetaculo-teatral-a-cartomante-uma-livre-adaptacao-inspirada-no-conto-de-machado-de-assis\/#breadcrumb"},"inLanguage":"pt-BR","potentialAction":[{"@type":"ReadAction","target":["https:\/\/cursos.ufrrj.br\/grad\/letrasni\/espetaculo-teatral-a-cartomante-uma-livre-adaptacao-inspirada-no-conto-de-machado-de-assis\/"]}]},{"@type":"ImageObject","inLanguage":"pt-BR","@id":"https:\/\/cursos.ufrrj.br\/grad\/letrasni\/espetaculo-teatral-a-cartomante-uma-livre-adaptacao-inspirada-no-conto-de-machado-de-assis\/#primaryimage","url":"https:\/\/cursos.ufrrj.br\/grad\/letrasni\/files\/2026\/08\/a-cartomante.jpg","contentUrl":"https:\/\/cursos.ufrrj.br\/grad\/letrasni\/files\/2026\/08\/a-cartomante.jpg","width":1080,"height":1080},{"@type":"BreadcrumbList","@id":"https:\/\/cursos.ufrrj.br\/grad\/letrasni\/espetaculo-teatral-a-cartomante-uma-livre-adaptacao-inspirada-no-conto-de-machado-de-assis\/#breadcrumb","itemListElement":[{"@type":"ListItem","position":1,"name":"In\u00edcio","item":"https:\/\/cursos.ufrrj.br\/grad\/letrasni\/"},{"@type":"ListItem","position":2,"name":"Espet\u00e1culo Teatral &#8211; A Cartomante &#8211; Uma livre adapta\u00e7\u00e3o inspirada no conto de Machado de Assis"}]},{"@type":"WebSite","@id":"https:\/\/cursos.ufrrj.br\/grad\/letrasni\/#website","url":"https:\/\/cursos.ufrrj.br\/grad\/letrasni\/","name":"Letras","description":"Campus Nova Igua\u00e7u \u2013 UFRRJ","potentialAction":[{"@type":"SearchAction","target":{"@type":"EntryPoint","urlTemplate":"https:\/\/cursos.ufrrj.br\/grad\/letrasni\/?s={search_term_string}"},"query-input":{"@type":"PropertyValueSpecification","valueRequired":true,"valueName":"search_term_string"}}],"inLanguage":"pt-BR"},{"@type":"Person","@id":"https:\/\/cursos.ufrrj.br\/grad\/letrasni\/#\/schema\/person\/03e53facf0367a6c2a6b7dfbeacecb67","name":"Letras IM","image":{"@type":"ImageObject","inLanguage":"pt-BR","@id":"https:\/\/secure.gravatar.com\/avatar\/83dad519b46579aa5d54b3b3bd54b80d7a31d1231c51f004cf7dc09440b091f6?s=96&d=mm&r=g","url":"https:\/\/secure.gravatar.com\/avatar\/83dad519b46579aa5d54b3b3bd54b80d7a31d1231c51f004cf7dc09440b091f6?s=96&d=mm&r=g","contentUrl":"https:\/\/secure.gravatar.com\/avatar\/83dad519b46579aa5d54b3b3bd54b80d7a31d1231c51f004cf7dc09440b091f6?s=96&d=mm&r=g","caption":"Letras IM"},"url":"https:\/\/cursos.ufrrj.br\/grad\/letrasni\/author\/carmen\/"}]}},"acf":[],"_links":{"self":[{"href":"https:\/\/cursos.ufrrj.br\/grad\/letrasni\/wp-json\/wp\/v2\/posts\/3667","targetHints":{"allow":["GET"]}}],"collection":[{"href":"https:\/\/cursos.ufrrj.br\/grad\/letrasni\/wp-json\/wp\/v2\/posts"}],"about":[{"href":"https:\/\/cursos.ufrrj.br\/grad\/letrasni\/wp-json\/wp\/v2\/types\/post"}],"author":[{"embeddable":true,"href":"https:\/\/cursos.ufrrj.br\/grad\/letrasni\/wp-json\/wp\/v2\/users\/121"}],"replies":[{"embeddable":true,"href":"https:\/\/cursos.ufrrj.br\/grad\/letrasni\/wp-json\/wp\/v2\/comments?post=3667"}],"version-history":[{"count":2,"href":"https:\/\/cursos.ufrrj.br\/grad\/letrasni\/wp-json\/wp\/v2\/posts\/3667\/revisions"}],"predecessor-version":[{"id":3670,"href":"https:\/\/cursos.ufrrj.br\/grad\/letrasni\/wp-json\/wp\/v2\/posts\/3667\/revisions\/3670"}],"wp:featuredmedia":[{"embeddable":true,"href":"https:\/\/cursos.ufrrj.br\/grad\/letrasni\/wp-json\/wp\/v2\/media\/3668"}],"wp:attachment":[{"href":"https:\/\/cursos.ufrrj.br\/grad\/letrasni\/wp-json\/wp\/v2\/media?parent=3667"}],"wp:term":[{"taxonomy":"category","embeddable":true,"href":"https:\/\/cursos.ufrrj.br\/grad\/letrasni\/wp-json\/wp\/v2\/categories?post=3667"},{"taxonomy":"post_tag","embeddable":true,"href":"https:\/\/cursos.ufrrj.br\/grad\/letrasni\/wp-json\/wp\/v2\/tags?post=3667"}],"curies":[{"name":"wp","href":"https:\/\/api.w.org\/{rel}","templated":true}]}}