{"id":3663,"date":"2026-08-28T19:32:00","date_gmt":"2026-08-28T22:32:00","guid":{"rendered":"https:\/\/cursos.ufrrj.br\/grad\/letrasni\/?p=3663"},"modified":"2026-08-29T12:08:26","modified_gmt":"2026-08-29T15:08:26","slug":"revista-seda-recebe-artigos","status":"publish","type":"post","link":"https:\/\/cursos.ufrrj.br\/grad\/letrasni\/revista-seda-recebe-artigos\/","title":{"rendered":"Revista SEDA recebe artigos"},"content":{"rendered":"\n<p class=\"wp-block-paragraph\">A Revista Seda \u00e9 a Revista dos Cursos de Letras e dos Mestrados Acad\u00eamico e Profissional em Letras da UFRRJ. Recebe artigos, resenhas, ensaios, tradu\u00e7\u00f5es e relatos de experi\u00eancia docente, nos idiomas portugu\u00eas, libras, ingl\u00eas e espanhol.<\/p>\n\n\n\n<p class=\"wp-block-paragraph\">A Revista Seda est\u00e1 recebendo artigos para o dossi\u00ea do v. 10, n.21&nbsp;<strong>\u201cEnsinar a ler em cen\u00e1rios de crise: forma\u00e7\u00e3o \u00e9tica e produ\u00e7\u00e3o de sentidos nas pr\u00e1ticas de leitura\u201d<\/strong>.<\/p>\n\n\n\n<p class=\"wp-block-paragraph\">Prazo para envio: 28\/09\/2026<\/p>\n\n\n\n<p class=\"wp-block-paragraph\">Submiss\u00f5es:&nbsp;<a href=\"https:\/\/revistaseda.org\/\" target=\"_blank\" rel=\"noreferrer noopener\">https:\/\/revistaseda.org<\/a><\/p>\n\n\n\n<p class=\"wp-block-paragraph\">Mais informa\u00e7\u00f5es:&nbsp;<a href=\"https:\/\/revistaseda.org\/index.php\/seda\/announcement\/view\/11\" target=\"_blank\" rel=\"noreferrer noopener\">https:\/\/revistaseda.org\/index.php\/seda\/announcement\/view\/11<\/a><\/p>\n\n\n\n<p class=\"wp-block-paragraph\">Instagram:&nbsp;<a href=\"https:\/\/www.instagram.com\/p\/DcepUfrEbbU\/?igsi=MTdmeTBheGczaDhrcw==\" target=\"_blank\" rel=\"noreferrer noopener\">https:\/\/www.instagram.com\/p\/DcepUfrEbbU\/?igsi=MTdmeTBheGczaDhrcw==<\/a><\/p>\n","protected":false},"excerpt":{"rendered":"<p>A Revista Seda \u00e9 a Revista dos Cursos de Letras e dos Mestrados Acad\u00eamico e Profissional em Letras da UFRRJ. Recebe artigos, [&hellip;]<\/p>\n","protected":false},"author":121,"featured_media":3664,"comment_status":"closed","ping_status":"closed","sticky":false,"template":"","format":"standard","meta":{"_acf_changed":false,"ngg_post_thumbnail":0,"footnotes":"","_links_to":"","_links_to_target":""},"categories":[4],"tags":[],"class_list":["post-3663","post","type-post","status-publish","format-standard","has-post-thumbnail","hentry","category-noticias"],"yoast_head":"<!-- This site is optimized with the Yoast SEO plugin v28.3 - https:\/\/yoast.com\/product\/yoast-seo-wordpress\/ -->\n<title>Revista SEDA recebe artigos - Letras<\/title>\n<meta name=\"robots\" content=\"index, follow, max-snippet:-1, max-image-preview:large, max-video-preview:-1\" \/>\n<link rel=\"canonical\" href=\"https:\/\/cursos.ufrrj.br\/grad\/letrasni\/revista-seda-recebe-artigos\/\" \/>\n<meta property=\"og:locale\" content=\"pt_BR\" \/>\n<meta property=\"og:type\" content=\"article\" \/>\n<meta property=\"og:title\" content=\"Revista SEDA recebe artigos - Letras\" \/>\n<meta property=\"og:description\" content=\"A Revista Seda \u00e9 a Revista dos Cursos de Letras e dos Mestrados Acad\u00eamico e Profissional em Letras da UFRRJ. Recebe artigos, [&hellip;]\" \/>\n<meta property=\"og:url\" content=\"https:\/\/cursos.ufrrj.br\/grad\/letrasni\/revista-seda-recebe-artigos\/\" \/>\n<meta property=\"og:site_name\" content=\"Letras\" \/>\n<meta property=\"article:published_time\" content=\"2026-08-28T22:32:00+00:00\" \/>\n<meta property=\"article:modified_time\" content=\"2026-08-29T15:08:26+00:00\" \/>\n<meta property=\"og:image\" content=\"https:\/\/cursos.ufrrj.br\/grad\/letrasni\/files\/2026\/08\/logo-seda.png\" \/>\n\t<meta property=\"og:image:width\" content=\"370\" \/>\n\t<meta property=\"og:image:height\" content=\"370\" \/>\n\t<meta property=\"og:image:type\" content=\"image\/png\" \/>\n<meta name=\"author\" content=\"Letras IM\" \/>\n<meta name=\"twitter:card\" content=\"summary_large_image\" \/>\n<meta name=\"twitter:label1\" content=\"Escrito por\" \/>\n\t<meta name=\"twitter:data1\" content=\"Letras IM\" \/>\n\t<meta name=\"twitter:label2\" content=\"Est. tempo de leitura\" \/>\n\t<meta name=\"twitter:data2\" content=\"1 minuto\" \/>\n<script type=\"application\/ld+json\" class=\"yoast-schema-graph\">{\"@context\":\"https:\\\/\\\/schema.org\",\"@graph\":[{\"@type\":\"Article\",\"@id\":\"https:\\\/\\\/cursos.ufrrj.br\\\/grad\\\/letrasni\\\/revista-seda-recebe-artigos\\\/#article\",\"isPartOf\":{\"@id\":\"https:\\\/\\\/cursos.ufrrj.br\\\/grad\\\/letrasni\\\/revista-seda-recebe-artigos\\\/\"},\"author\":{\"name\":\"Letras IM\",\"@id\":\"https:\\\/\\\/cursos.ufrrj.br\\\/grad\\\/letrasni\\\/#\\\/schema\\\/person\\\/03e53facf0367a6c2a6b7dfbeacecb67\"},\"headline\":\"Revista SEDA recebe artigos\",\"datePublished\":\"2026-08-28T22:32:00+00:00\",\"dateModified\":\"2026-08-29T15:08:26+00:00\",\"mainEntityOfPage\":{\"@id\":\"https:\\\/\\\/cursos.ufrrj.br\\\/grad\\\/letrasni\\\/revista-seda-recebe-artigos\\\/\"},\"wordCount\":110,\"image\":{\"@id\":\"https:\\\/\\\/cursos.ufrrj.br\\\/grad\\\/letrasni\\\/revista-seda-recebe-artigos\\\/#primaryimage\"},\"thumbnailUrl\":\"https:\\\/\\\/cursos.ufrrj.br\\\/grad\\\/letrasni\\\/files\\\/2026\\\/08\\\/logo-seda.png\",\"articleSection\":[\"Not\u00edcias\"],\"inLanguage\":\"pt-BR\"},{\"@type\":\"WebPage\",\"@id\":\"https:\\\/\\\/cursos.ufrrj.br\\\/grad\\\/letrasni\\\/revista-seda-recebe-artigos\\\/\",\"url\":\"https:\\\/\\\/cursos.ufrrj.br\\\/grad\\\/letrasni\\\/revista-seda-recebe-artigos\\\/\",\"name\":\"Revista SEDA recebe artigos - Letras\",\"isPartOf\":{\"@id\":\"https:\\\/\\\/cursos.ufrrj.br\\\/grad\\\/letrasni\\\/#website\"},\"primaryImageOfPage\":{\"@id\":\"https:\\\/\\\/cursos.ufrrj.br\\\/grad\\\/letrasni\\\/revista-seda-recebe-artigos\\\/#primaryimage\"},\"image\":{\"@id\":\"https:\\\/\\\/cursos.ufrrj.br\\\/grad\\\/letrasni\\\/revista-seda-recebe-artigos\\\/#primaryimage\"},\"thumbnailUrl\":\"https:\\\/\\\/cursos.ufrrj.br\\\/grad\\\/letrasni\\\/files\\\/2026\\\/08\\\/logo-seda.png\",\"datePublished\":\"2026-08-28T22:32:00+00:00\",\"dateModified\":\"2026-08-29T15:08:26+00:00\",\"author\":{\"@id\":\"https:\\\/\\\/cursos.ufrrj.br\\\/grad\\\/letrasni\\\/#\\\/schema\\\/person\\\/03e53facf0367a6c2a6b7dfbeacecb67\"},\"breadcrumb\":{\"@id\":\"https:\\\/\\\/cursos.ufrrj.br\\\/grad\\\/letrasni\\\/revista-seda-recebe-artigos\\\/#breadcrumb\"},\"inLanguage\":\"pt-BR\",\"potentialAction\":[{\"@type\":\"ReadAction\",\"target\":[\"https:\\\/\\\/cursos.ufrrj.br\\\/grad\\\/letrasni\\\/revista-seda-recebe-artigos\\\/\"]}]},{\"@type\":\"ImageObject\",\"inLanguage\":\"pt-BR\",\"@id\":\"https:\\\/\\\/cursos.ufrrj.br\\\/grad\\\/letrasni\\\/revista-seda-recebe-artigos\\\/#primaryimage\",\"url\":\"https:\\\/\\\/cursos.ufrrj.br\\\/grad\\\/letrasni\\\/files\\\/2026\\\/08\\\/logo-seda.png\",\"contentUrl\":\"https:\\\/\\\/cursos.ufrrj.br\\\/grad\\\/letrasni\\\/files\\\/2026\\\/08\\\/logo-seda.png\",\"width\":370,\"height\":370},{\"@type\":\"BreadcrumbList\",\"@id\":\"https:\\\/\\\/cursos.ufrrj.br\\\/grad\\\/letrasni\\\/revista-seda-recebe-artigos\\\/#breadcrumb\",\"itemListElement\":[{\"@type\":\"ListItem\",\"position\":1,\"name\":\"In\u00edcio\",\"item\":\"https:\\\/\\\/cursos.ufrrj.br\\\/grad\\\/letrasni\\\/\"},{\"@type\":\"ListItem\",\"position\":2,\"name\":\"Revista SEDA recebe artigos\"}]},{\"@type\":\"WebSite\",\"@id\":\"https:\\\/\\\/cursos.ufrrj.br\\\/grad\\\/letrasni\\\/#website\",\"url\":\"https:\\\/\\\/cursos.ufrrj.br\\\/grad\\\/letrasni\\\/\",\"name\":\"Letras\",\"description\":\"Campus Nova Igua\u00e7u \u2013 UFRRJ\",\"potentialAction\":[{\"@type\":\"SearchAction\",\"target\":{\"@type\":\"EntryPoint\",\"urlTemplate\":\"https:\\\/\\\/cursos.ufrrj.br\\\/grad\\\/letrasni\\\/?s={search_term_string}\"},\"query-input\":{\"@type\":\"PropertyValueSpecification\",\"valueRequired\":true,\"valueName\":\"search_term_string\"}}],\"inLanguage\":\"pt-BR\"},{\"@type\":\"Person\",\"@id\":\"https:\\\/\\\/cursos.ufrrj.br\\\/grad\\\/letrasni\\\/#\\\/schema\\\/person\\\/03e53facf0367a6c2a6b7dfbeacecb67\",\"name\":\"Letras IM\",\"image\":{\"@type\":\"ImageObject\",\"inLanguage\":\"pt-BR\",\"@id\":\"https:\\\/\\\/secure.gravatar.com\\\/avatar\\\/83dad519b46579aa5d54b3b3bd54b80d7a31d1231c51f004cf7dc09440b091f6?s=96&d=mm&r=g\",\"url\":\"https:\\\/\\\/secure.gravatar.com\\\/avatar\\\/83dad519b46579aa5d54b3b3bd54b80d7a31d1231c51f004cf7dc09440b091f6?s=96&d=mm&r=g\",\"contentUrl\":\"https:\\\/\\\/secure.gravatar.com\\\/avatar\\\/83dad519b46579aa5d54b3b3bd54b80d7a31d1231c51f004cf7dc09440b091f6?s=96&d=mm&r=g\",\"caption\":\"Letras IM\"},\"url\":\"https:\\\/\\\/cursos.ufrrj.br\\\/grad\\\/letrasni\\\/author\\\/carmen\\\/\"}]}<\/script>\n<!-- \/ Yoast SEO plugin. -->","yoast_head_json":{"title":"Revista SEDA recebe artigos - Letras","robots":{"index":"index","follow":"follow","max-snippet":"max-snippet:-1","max-image-preview":"max-image-preview:large","max-video-preview":"max-video-preview:-1"},"canonical":"https:\/\/cursos.ufrrj.br\/grad\/letrasni\/revista-seda-recebe-artigos\/","og_locale":"pt_BR","og_type":"article","og_title":"Revista SEDA recebe artigos - Letras","og_description":"A Revista Seda \u00e9 a Revista dos Cursos de Letras e dos Mestrados Acad\u00eamico e Profissional em Letras da UFRRJ. Recebe artigos, [&hellip;]","og_url":"https:\/\/cursos.ufrrj.br\/grad\/letrasni\/revista-seda-recebe-artigos\/","og_site_name":"Letras","article_published_time":"2026-08-28T22:32:00+00:00","article_modified_time":"2026-08-29T15:08:26+00:00","og_image":[{"width":370,"height":370,"url":"https:\/\/cursos.ufrrj.br\/grad\/letrasni\/files\/2026\/08\/logo-seda.png","type":"image\/png"}],"author":"Letras IM","twitter_card":"summary_large_image","twitter_misc":{"Escrito por":"Letras IM","Est. tempo de leitura":"1 minuto"},"schema":{"@context":"https:\/\/schema.org","@graph":[{"@type":"Article","@id":"https:\/\/cursos.ufrrj.br\/grad\/letrasni\/revista-seda-recebe-artigos\/#article","isPartOf":{"@id":"https:\/\/cursos.ufrrj.br\/grad\/letrasni\/revista-seda-recebe-artigos\/"},"author":{"name":"Letras IM","@id":"https:\/\/cursos.ufrrj.br\/grad\/letrasni\/#\/schema\/person\/03e53facf0367a6c2a6b7dfbeacecb67"},"headline":"Revista SEDA recebe artigos","datePublished":"2026-08-28T22:32:00+00:00","dateModified":"2026-08-29T15:08:26+00:00","mainEntityOfPage":{"@id":"https:\/\/cursos.ufrrj.br\/grad\/letrasni\/revista-seda-recebe-artigos\/"},"wordCount":110,"image":{"@id":"https:\/\/cursos.ufrrj.br\/grad\/letrasni\/revista-seda-recebe-artigos\/#primaryimage"},"thumbnailUrl":"https:\/\/cursos.ufrrj.br\/grad\/letrasni\/files\/2026\/08\/logo-seda.png","articleSection":["Not\u00edcias"],"inLanguage":"pt-BR"},{"@type":"WebPage","@id":"https:\/\/cursos.ufrrj.br\/grad\/letrasni\/revista-seda-recebe-artigos\/","url":"https:\/\/cursos.ufrrj.br\/grad\/letrasni\/revista-seda-recebe-artigos\/","name":"Revista SEDA recebe artigos - Letras","isPartOf":{"@id":"https:\/\/cursos.ufrrj.br\/grad\/letrasni\/#website"},"primaryImageOfPage":{"@id":"https:\/\/cursos.ufrrj.br\/grad\/letrasni\/revista-seda-recebe-artigos\/#primaryimage"},"image":{"@id":"https:\/\/cursos.ufrrj.br\/grad\/letrasni\/revista-seda-recebe-artigos\/#primaryimage"},"thumbnailUrl":"https:\/\/cursos.ufrrj.br\/grad\/letrasni\/files\/2026\/08\/logo-seda.png","datePublished":"2026-08-28T22:32:00+00:00","dateModified":"2026-08-29T15:08:26+00:00","author":{"@id":"https:\/\/cursos.ufrrj.br\/grad\/letrasni\/#\/schema\/person\/03e53facf0367a6c2a6b7dfbeacecb67"},"breadcrumb":{"@id":"https:\/\/cursos.ufrrj.br\/grad\/letrasni\/revista-seda-recebe-artigos\/#breadcrumb"},"inLanguage":"pt-BR","potentialAction":[{"@type":"ReadAction","target":["https:\/\/cursos.ufrrj.br\/grad\/letrasni\/revista-seda-recebe-artigos\/"]}]},{"@type":"ImageObject","inLanguage":"pt-BR","@id":"https:\/\/cursos.ufrrj.br\/grad\/letrasni\/revista-seda-recebe-artigos\/#primaryimage","url":"https:\/\/cursos.ufrrj.br\/grad\/letrasni\/files\/2026\/08\/logo-seda.png","contentUrl":"https:\/\/cursos.ufrrj.br\/grad\/letrasni\/files\/2026\/08\/logo-seda.png","width":370,"height":370},{"@type":"BreadcrumbList","@id":"https:\/\/cursos.ufrrj.br\/grad\/letrasni\/revista-seda-recebe-artigos\/#breadcrumb","itemListElement":[{"@type":"ListItem","position":1,"name":"In\u00edcio","item":"https:\/\/cursos.ufrrj.br\/grad\/letrasni\/"},{"@type":"ListItem","position":2,"name":"Revista SEDA recebe artigos"}]},{"@type":"WebSite","@id":"https:\/\/cursos.ufrrj.br\/grad\/letrasni\/#website","url":"https:\/\/cursos.ufrrj.br\/grad\/letrasni\/","name":"Letras","description":"Campus Nova Igua\u00e7u \u2013 UFRRJ","potentialAction":[{"@type":"SearchAction","target":{"@type":"EntryPoint","urlTemplate":"https:\/\/cursos.ufrrj.br\/grad\/letrasni\/?s={search_term_string}"},"query-input":{"@type":"PropertyValueSpecification","valueRequired":true,"valueName":"search_term_string"}}],"inLanguage":"pt-BR"},{"@type":"Person","@id":"https:\/\/cursos.ufrrj.br\/grad\/letrasni\/#\/schema\/person\/03e53facf0367a6c2a6b7dfbeacecb67","name":"Letras IM","image":{"@type":"ImageObject","inLanguage":"pt-BR","@id":"https:\/\/secure.gravatar.com\/avatar\/83dad519b46579aa5d54b3b3bd54b80d7a31d1231c51f004cf7dc09440b091f6?s=96&d=mm&r=g","url":"https:\/\/secure.gravatar.com\/avatar\/83dad519b46579aa5d54b3b3bd54b80d7a31d1231c51f004cf7dc09440b091f6?s=96&d=mm&r=g","contentUrl":"https:\/\/secure.gravatar.com\/avatar\/83dad519b46579aa5d54b3b3bd54b80d7a31d1231c51f004cf7dc09440b091f6?s=96&d=mm&r=g","caption":"Letras IM"},"url":"https:\/\/cursos.ufrrj.br\/grad\/letrasni\/author\/carmen\/"}]}},"acf":[],"_links":{"self":[{"href":"https:\/\/cursos.ufrrj.br\/grad\/letrasni\/wp-json\/wp\/v2\/posts\/3663","targetHints":{"allow":["GET"]}}],"collection":[{"href":"https:\/\/cursos.ufrrj.br\/grad\/letrasni\/wp-json\/wp\/v2\/posts"}],"about":[{"href":"https:\/\/cursos.ufrrj.br\/grad\/letrasni\/wp-json\/wp\/v2\/types\/post"}],"author":[{"embeddable":true,"href":"https:\/\/cursos.ufrrj.br\/grad\/letrasni\/wp-json\/wp\/v2\/users\/121"}],"replies":[{"embeddable":true,"href":"https:\/\/cursos.ufrrj.br\/grad\/letrasni\/wp-json\/wp\/v2\/comments?post=3663"}],"version-history":[{"count":1,"href":"https:\/\/cursos.ufrrj.br\/grad\/letrasni\/wp-json\/wp\/v2\/posts\/3663\/revisions"}],"predecessor-version":[{"id":3665,"href":"https:\/\/cursos.ufrrj.br\/grad\/letrasni\/wp-json\/wp\/v2\/posts\/3663\/revisions\/3665"}],"wp:featuredmedia":[{"embeddable":true,"href":"https:\/\/cursos.ufrrj.br\/grad\/letrasni\/wp-json\/wp\/v2\/media\/3664"}],"wp:attachment":[{"href":"https:\/\/cursos.ufrrj.br\/grad\/letrasni\/wp-json\/wp\/v2\/media?parent=3663"}],"wp:term":[{"taxonomy":"category","embeddable":true,"href":"https:\/\/cursos.ufrrj.br\/grad\/letrasni\/wp-json\/wp\/v2\/categories?post=3663"},{"taxonomy":"post_tag","embeddable":true,"href":"https:\/\/cursos.ufrrj.br\/grad\/letrasni\/wp-json\/wp\/v2\/tags?post=3663"}],"curies":[{"name":"wp","href":"https:\/\/api.w.org\/{rel}","templated":true}]}}