{"id":3651,"date":"2026-08-20T19:12:01","date_gmt":"2026-08-20T22:12:01","guid":{"rendered":"https:\/\/cursos.ufrrj.br\/grad\/letrasni\/?p=3651"},"modified":"2026-08-20T19:18:57","modified_gmt":"2026-08-20T22:18:57","slug":"egressos-dos-cursos-de-letras-im-tem-trabalhos-premiados-no-ppgeduc","status":"publish","type":"post","link":"https:\/\/cursos.ufrrj.br\/grad\/letrasni\/egressos-dos-cursos-de-letras-im-tem-trabalhos-premiados-no-ppgeduc\/","title":{"rendered":"Egressos dos cursos de Letras\/IM t\u00eam trabalhos premiados no PPGEDUC\/UFRRJ"},"content":{"rendered":"\n<p class=\"wp-block-paragraph\">Ex-estudantes dos nossos cursos de Letras recebem pr\u00eamio de melhor disserta\u00e7\u00e3o e tese no PPGEDUC da UFRRJ!<\/p>\n\n\n\n<p class=\"wp-block-paragraph\">Egresso do curso de Portugu\u00eas\/Literaturas &#8211; UFRRJ\/IM, o Prof. Dr. <strong>Leandro Rodrigues Nascimento da Silva<\/strong> recebeu o Pr\u00eamio Joselina da Silva, destaque dado \u00e0 melhor tese de doutorado do PPGEDUC em 2025, orientado pela Prof\u00aa. Dr\u00aa. Joyce Alves da Silva.<\/p>\n\n\n\n<p class=\"wp-block-paragraph\">A tese premiada, &#8220;Pedagogia Domasculinoc\u00eantrica: andrografias de um processo educativo com homens na Baixada Fluminense&#8221;, investiga a constru\u00e7\u00e3o de processos educativos com homens no territ\u00f3rio da Baixada. Uma pesquisa compromissada com a regi\u00e3o em que a Universidade est\u00e1 inserida, com pauta contempor\u00e2nea e de grande relev\u00e2ncia para a Educa\u00e7\u00e3o.<\/p>\n\n\n\n<figure class=\"wp-block-image size-large\"><img loading=\"lazy\" decoding=\"async\" width=\"1024\" height=\"880\" src=\"https:\/\/cursos.ufrrj.br\/grad\/letrasni\/files\/2026\/08\/leandro1-1024x880.jpg\" alt=\"\" class=\"wp-image-3653\" srcset=\"https:\/\/cursos.ufrrj.br\/grad\/letrasni\/files\/2026\/08\/leandro1-1024x880.jpg 1024w, https:\/\/cursos.ufrrj.br\/grad\/letrasni\/files\/2026\/08\/leandro1-300x258.jpg 300w, https:\/\/cursos.ufrrj.br\/grad\/letrasni\/files\/2026\/08\/leandro1-768x660.jpg 768w, https:\/\/cursos.ufrrj.br\/grad\/letrasni\/files\/2026\/08\/leandro1-81x70.jpg 81w, https:\/\/cursos.ufrrj.br\/grad\/letrasni\/files\/2026\/08\/leandro1.jpg 1079w\" sizes=\"auto, (max-width: 1024px) 100vw, 1024px\" \/><\/figure>\n\n\n\n<div style=\"height:117px\" aria-hidden=\"true\" class=\"wp-block-spacer\"><\/div>\n\n\n\n<p class=\"wp-block-paragraph\">Egresso do curso de Portugu\u00eas\/Espanhol\/Literaturas &#8211; UFRRJ\/IM, Prof. Me. <strong>Thiago Renan Figueira Dutra<\/strong> foi anunciado como vencedor do Pr\u00eamio Joselina da Silva, destaque dado \u00e0 melhor disserta\u00e7\u00e3o de mestrado do PPGEDUC em 2025, sob a orienta\u00e7\u00e3o da Prof.\u00aa Dr.\u00aa Adilb\u00eania Freire Machado.<\/p>\n\n\n\n<p class=\"wp-block-paragraph\">T\u00edtulo da disserta\u00e7\u00e3o: Cinema Negro em cena: vozes-mulheres tecendo uma pedagogia aforreferenciada e transgressora<\/p>\n\n\n\n<figure class=\"wp-block-image size-large\"><img loading=\"lazy\" decoding=\"async\" width=\"1024\" height=\"1024\" src=\"https:\/\/cursos.ufrrj.br\/grad\/letrasni\/files\/2026\/08\/Thiago-1024x1024.jpeg\" alt=\"\" class=\"wp-image-3652\" srcset=\"https:\/\/cursos.ufrrj.br\/grad\/letrasni\/files\/2026\/08\/Thiago-1024x1024.jpeg 1024w, https:\/\/cursos.ufrrj.br\/grad\/letrasni\/files\/2026\/08\/Thiago-300x300.jpeg 300w, https:\/\/cursos.ufrrj.br\/grad\/letrasni\/files\/2026\/08\/Thiago-150x150.jpeg 150w, https:\/\/cursos.ufrrj.br\/grad\/letrasni\/files\/2026\/08\/Thiago-768x768.jpeg 768w, https:\/\/cursos.ufrrj.br\/grad\/letrasni\/files\/2026\/08\/Thiago-200x200.jpeg 200w, https:\/\/cursos.ufrrj.br\/grad\/letrasni\/files\/2026\/08\/Thiago-70x70.jpeg 70w, https:\/\/cursos.ufrrj.br\/grad\/letrasni\/files\/2026\/08\/Thiago.jpeg 1048w\" sizes=\"auto, (max-width: 1024px) 100vw, 1024px\" \/><\/figure>\n","protected":false},"excerpt":{"rendered":"<p>Ex-estudantes dos nossos cursos de Letras recebem pr\u00eamio de melhor disserta\u00e7\u00e3o e tese no PPGEDUC da UFRRJ! Egresso do curso de Portugu\u00eas\/Literaturas [&hellip;]<\/p>\n","protected":false},"author":121,"featured_media":3660,"comment_status":"closed","ping_status":"closed","sticky":false,"template":"","format":"standard","meta":{"_acf_changed":false,"ngg_post_thumbnail":0,"footnotes":"","_links_to":"","_links_to_target":""},"categories":[4],"tags":[],"class_list":["post-3651","post","type-post","status-publish","format-standard","has-post-thumbnail","hentry","category-noticias"],"yoast_head":"<!-- This site is optimized with the Yoast SEO plugin v28.3 - https:\/\/yoast.com\/product\/yoast-seo-wordpress\/ -->\n<title>Egressos dos cursos de Letras\/IM t\u00eam trabalhos premiados no PPGEDUC\/UFRRJ - Letras<\/title>\n<meta name=\"robots\" content=\"index, follow, max-snippet:-1, max-image-preview:large, max-video-preview:-1\" \/>\n<link rel=\"canonical\" href=\"https:\/\/cursos.ufrrj.br\/grad\/letrasni\/egressos-dos-cursos-de-letras-im-tem-trabalhos-premiados-no-ppgeduc\/\" \/>\n<meta property=\"og:locale\" content=\"pt_BR\" \/>\n<meta property=\"og:type\" content=\"article\" \/>\n<meta property=\"og:title\" content=\"Egressos dos cursos de Letras\/IM t\u00eam trabalhos premiados no PPGEDUC\/UFRRJ - Letras\" \/>\n<meta property=\"og:description\" content=\"Ex-estudantes dos nossos cursos de Letras recebem pr\u00eamio de melhor disserta\u00e7\u00e3o e tese no PPGEDUC da UFRRJ! Egresso do curso de Portugu\u00eas\/Literaturas [&hellip;]\" \/>\n<meta property=\"og:url\" content=\"https:\/\/cursos.ufrrj.br\/grad\/letrasni\/egressos-dos-cursos-de-letras-im-tem-trabalhos-premiados-no-ppgeduc\/\" \/>\n<meta property=\"og:site_name\" content=\"Letras\" \/>\n<meta property=\"article:published_time\" content=\"2026-08-20T22:12:01+00:00\" \/>\n<meta property=\"article:modified_time\" content=\"2026-08-20T22:18:57+00:00\" \/>\n<meta property=\"og:image\" content=\"https:\/\/cursos.ufrrj.br\/grad\/letrasni\/files\/2026\/08\/premio1.jpg\" \/>\n\t<meta property=\"og:image:width\" content=\"1556\" \/>\n\t<meta property=\"og:image:height\" content=\"785\" \/>\n\t<meta property=\"og:image:type\" content=\"image\/jpeg\" \/>\n<meta name=\"author\" content=\"Letras IM\" \/>\n<meta name=\"twitter:card\" content=\"summary_large_image\" \/>\n<meta name=\"twitter:label1\" content=\"Escrito por\" \/>\n\t<meta name=\"twitter:data1\" content=\"Letras IM\" \/>\n\t<meta name=\"twitter:label2\" content=\"Est. tempo de leitura\" \/>\n\t<meta name=\"twitter:data2\" content=\"1 minuto\" \/>\n<script type=\"application\/ld+json\" class=\"yoast-schema-graph\">{\"@context\":\"https:\\\/\\\/schema.org\",\"@graph\":[{\"@type\":\"Article\",\"@id\":\"https:\\\/\\\/cursos.ufrrj.br\\\/grad\\\/letrasni\\\/egressos-dos-cursos-de-letras-im-tem-trabalhos-premiados-no-ppgeduc\\\/#article\",\"isPartOf\":{\"@id\":\"https:\\\/\\\/cursos.ufrrj.br\\\/grad\\\/letrasni\\\/egressos-dos-cursos-de-letras-im-tem-trabalhos-premiados-no-ppgeduc\\\/\"},\"author\":{\"name\":\"Letras IM\",\"@id\":\"https:\\\/\\\/cursos.ufrrj.br\\\/grad\\\/letrasni\\\/#\\\/schema\\\/person\\\/03e53facf0367a6c2a6b7dfbeacecb67\"},\"headline\":\"Egressos dos cursos de Letras\\\/IM t\u00eam trabalhos premiados no PPGEDUC\\\/UFRRJ\",\"datePublished\":\"2026-08-20T22:12:01+00:00\",\"dateModified\":\"2026-08-20T22:18:57+00:00\",\"mainEntityOfPage\":{\"@id\":\"https:\\\/\\\/cursos.ufrrj.br\\\/grad\\\/letrasni\\\/egressos-dos-cursos-de-letras-im-tem-trabalhos-premiados-no-ppgeduc\\\/\"},\"wordCount\":194,\"image\":{\"@id\":\"https:\\\/\\\/cursos.ufrrj.br\\\/grad\\\/letrasni\\\/egressos-dos-cursos-de-letras-im-tem-trabalhos-premiados-no-ppgeduc\\\/#primaryimage\"},\"thumbnailUrl\":\"https:\\\/\\\/cursos.ufrrj.br\\\/grad\\\/letrasni\\\/files\\\/2026\\\/08\\\/premio1.jpg\",\"articleSection\":[\"Not\u00edcias\"],\"inLanguage\":\"pt-BR\"},{\"@type\":\"WebPage\",\"@id\":\"https:\\\/\\\/cursos.ufrrj.br\\\/grad\\\/letrasni\\\/egressos-dos-cursos-de-letras-im-tem-trabalhos-premiados-no-ppgeduc\\\/\",\"url\":\"https:\\\/\\\/cursos.ufrrj.br\\\/grad\\\/letrasni\\\/egressos-dos-cursos-de-letras-im-tem-trabalhos-premiados-no-ppgeduc\\\/\",\"name\":\"Egressos dos cursos de Letras\\\/IM t\u00eam trabalhos premiados no PPGEDUC\\\/UFRRJ - Letras\",\"isPartOf\":{\"@id\":\"https:\\\/\\\/cursos.ufrrj.br\\\/grad\\\/letrasni\\\/#website\"},\"primaryImageOfPage\":{\"@id\":\"https:\\\/\\\/cursos.ufrrj.br\\\/grad\\\/letrasni\\\/egressos-dos-cursos-de-letras-im-tem-trabalhos-premiados-no-ppgeduc\\\/#primaryimage\"},\"image\":{\"@id\":\"https:\\\/\\\/cursos.ufrrj.br\\\/grad\\\/letrasni\\\/egressos-dos-cursos-de-letras-im-tem-trabalhos-premiados-no-ppgeduc\\\/#primaryimage\"},\"thumbnailUrl\":\"https:\\\/\\\/cursos.ufrrj.br\\\/grad\\\/letrasni\\\/files\\\/2026\\\/08\\\/premio1.jpg\",\"datePublished\":\"2026-08-20T22:12:01+00:00\",\"dateModified\":\"2026-08-20T22:18:57+00:00\",\"author\":{\"@id\":\"https:\\\/\\\/cursos.ufrrj.br\\\/grad\\\/letrasni\\\/#\\\/schema\\\/person\\\/03e53facf0367a6c2a6b7dfbeacecb67\"},\"breadcrumb\":{\"@id\":\"https:\\\/\\\/cursos.ufrrj.br\\\/grad\\\/letrasni\\\/egressos-dos-cursos-de-letras-im-tem-trabalhos-premiados-no-ppgeduc\\\/#breadcrumb\"},\"inLanguage\":\"pt-BR\",\"potentialAction\":[{\"@type\":\"ReadAction\",\"target\":[\"https:\\\/\\\/cursos.ufrrj.br\\\/grad\\\/letrasni\\\/egressos-dos-cursos-de-letras-im-tem-trabalhos-premiados-no-ppgeduc\\\/\"]}]},{\"@type\":\"ImageObject\",\"inLanguage\":\"pt-BR\",\"@id\":\"https:\\\/\\\/cursos.ufrrj.br\\\/grad\\\/letrasni\\\/egressos-dos-cursos-de-letras-im-tem-trabalhos-premiados-no-ppgeduc\\\/#primaryimage\",\"url\":\"https:\\\/\\\/cursos.ufrrj.br\\\/grad\\\/letrasni\\\/files\\\/2026\\\/08\\\/premio1.jpg\",\"contentUrl\":\"https:\\\/\\\/cursos.ufrrj.br\\\/grad\\\/letrasni\\\/files\\\/2026\\\/08\\\/premio1.jpg\",\"width\":1556,\"height\":785},{\"@type\":\"BreadcrumbList\",\"@id\":\"https:\\\/\\\/cursos.ufrrj.br\\\/grad\\\/letrasni\\\/egressos-dos-cursos-de-letras-im-tem-trabalhos-premiados-no-ppgeduc\\\/#breadcrumb\",\"itemListElement\":[{\"@type\":\"ListItem\",\"position\":1,\"name\":\"In\u00edcio\",\"item\":\"https:\\\/\\\/cursos.ufrrj.br\\\/grad\\\/letrasni\\\/\"},{\"@type\":\"ListItem\",\"position\":2,\"name\":\"Egressos dos cursos de Letras\\\/IM t\u00eam trabalhos premiados no PPGEDUC\\\/UFRRJ\"}]},{\"@type\":\"WebSite\",\"@id\":\"https:\\\/\\\/cursos.ufrrj.br\\\/grad\\\/letrasni\\\/#website\",\"url\":\"https:\\\/\\\/cursos.ufrrj.br\\\/grad\\\/letrasni\\\/\",\"name\":\"Letras\",\"description\":\"Campus Nova Igua\u00e7u \u2013 UFRRJ\",\"potentialAction\":[{\"@type\":\"SearchAction\",\"target\":{\"@type\":\"EntryPoint\",\"urlTemplate\":\"https:\\\/\\\/cursos.ufrrj.br\\\/grad\\\/letrasni\\\/?s={search_term_string}\"},\"query-input\":{\"@type\":\"PropertyValueSpecification\",\"valueRequired\":true,\"valueName\":\"search_term_string\"}}],\"inLanguage\":\"pt-BR\"},{\"@type\":\"Person\",\"@id\":\"https:\\\/\\\/cursos.ufrrj.br\\\/grad\\\/letrasni\\\/#\\\/schema\\\/person\\\/03e53facf0367a6c2a6b7dfbeacecb67\",\"name\":\"Letras IM\",\"image\":{\"@type\":\"ImageObject\",\"inLanguage\":\"pt-BR\",\"@id\":\"https:\\\/\\\/secure.gravatar.com\\\/avatar\\\/83dad519b46579aa5d54b3b3bd54b80d7a31d1231c51f004cf7dc09440b091f6?s=96&d=mm&r=g\",\"url\":\"https:\\\/\\\/secure.gravatar.com\\\/avatar\\\/83dad519b46579aa5d54b3b3bd54b80d7a31d1231c51f004cf7dc09440b091f6?s=96&d=mm&r=g\",\"contentUrl\":\"https:\\\/\\\/secure.gravatar.com\\\/avatar\\\/83dad519b46579aa5d54b3b3bd54b80d7a31d1231c51f004cf7dc09440b091f6?s=96&d=mm&r=g\",\"caption\":\"Letras IM\"},\"url\":\"https:\\\/\\\/cursos.ufrrj.br\\\/grad\\\/letrasni\\\/author\\\/carmen\\\/\"}]}<\/script>\n<!-- \/ Yoast SEO plugin. -->","yoast_head_json":{"title":"Egressos dos cursos de Letras\/IM t\u00eam trabalhos premiados no PPGEDUC\/UFRRJ - Letras","robots":{"index":"index","follow":"follow","max-snippet":"max-snippet:-1","max-image-preview":"max-image-preview:large","max-video-preview":"max-video-preview:-1"},"canonical":"https:\/\/cursos.ufrrj.br\/grad\/letrasni\/egressos-dos-cursos-de-letras-im-tem-trabalhos-premiados-no-ppgeduc\/","og_locale":"pt_BR","og_type":"article","og_title":"Egressos dos cursos de Letras\/IM t\u00eam trabalhos premiados no PPGEDUC\/UFRRJ - Letras","og_description":"Ex-estudantes dos nossos cursos de Letras recebem pr\u00eamio de melhor disserta\u00e7\u00e3o e tese no PPGEDUC da UFRRJ! Egresso do curso de Portugu\u00eas\/Literaturas [&hellip;]","og_url":"https:\/\/cursos.ufrrj.br\/grad\/letrasni\/egressos-dos-cursos-de-letras-im-tem-trabalhos-premiados-no-ppgeduc\/","og_site_name":"Letras","article_published_time":"2026-08-20T22:12:01+00:00","article_modified_time":"2026-08-20T22:18:57+00:00","og_image":[{"width":1556,"height":785,"url":"https:\/\/cursos.ufrrj.br\/grad\/letrasni\/files\/2026\/08\/premio1.jpg","type":"image\/jpeg"}],"author":"Letras IM","twitter_card":"summary_large_image","twitter_misc":{"Escrito por":"Letras IM","Est. tempo de leitura":"1 minuto"},"schema":{"@context":"https:\/\/schema.org","@graph":[{"@type":"Article","@id":"https:\/\/cursos.ufrrj.br\/grad\/letrasni\/egressos-dos-cursos-de-letras-im-tem-trabalhos-premiados-no-ppgeduc\/#article","isPartOf":{"@id":"https:\/\/cursos.ufrrj.br\/grad\/letrasni\/egressos-dos-cursos-de-letras-im-tem-trabalhos-premiados-no-ppgeduc\/"},"author":{"name":"Letras IM","@id":"https:\/\/cursos.ufrrj.br\/grad\/letrasni\/#\/schema\/person\/03e53facf0367a6c2a6b7dfbeacecb67"},"headline":"Egressos dos cursos de Letras\/IM t\u00eam trabalhos premiados no PPGEDUC\/UFRRJ","datePublished":"2026-08-20T22:12:01+00:00","dateModified":"2026-08-20T22:18:57+00:00","mainEntityOfPage":{"@id":"https:\/\/cursos.ufrrj.br\/grad\/letrasni\/egressos-dos-cursos-de-letras-im-tem-trabalhos-premiados-no-ppgeduc\/"},"wordCount":194,"image":{"@id":"https:\/\/cursos.ufrrj.br\/grad\/letrasni\/egressos-dos-cursos-de-letras-im-tem-trabalhos-premiados-no-ppgeduc\/#primaryimage"},"thumbnailUrl":"https:\/\/cursos.ufrrj.br\/grad\/letrasni\/files\/2026\/08\/premio1.jpg","articleSection":["Not\u00edcias"],"inLanguage":"pt-BR"},{"@type":"WebPage","@id":"https:\/\/cursos.ufrrj.br\/grad\/letrasni\/egressos-dos-cursos-de-letras-im-tem-trabalhos-premiados-no-ppgeduc\/","url":"https:\/\/cursos.ufrrj.br\/grad\/letrasni\/egressos-dos-cursos-de-letras-im-tem-trabalhos-premiados-no-ppgeduc\/","name":"Egressos dos cursos de Letras\/IM t\u00eam trabalhos premiados no PPGEDUC\/UFRRJ - Letras","isPartOf":{"@id":"https:\/\/cursos.ufrrj.br\/grad\/letrasni\/#website"},"primaryImageOfPage":{"@id":"https:\/\/cursos.ufrrj.br\/grad\/letrasni\/egressos-dos-cursos-de-letras-im-tem-trabalhos-premiados-no-ppgeduc\/#primaryimage"},"image":{"@id":"https:\/\/cursos.ufrrj.br\/grad\/letrasni\/egressos-dos-cursos-de-letras-im-tem-trabalhos-premiados-no-ppgeduc\/#primaryimage"},"thumbnailUrl":"https:\/\/cursos.ufrrj.br\/grad\/letrasni\/files\/2026\/08\/premio1.jpg","datePublished":"2026-08-20T22:12:01+00:00","dateModified":"2026-08-20T22:18:57+00:00","author":{"@id":"https:\/\/cursos.ufrrj.br\/grad\/letrasni\/#\/schema\/person\/03e53facf0367a6c2a6b7dfbeacecb67"},"breadcrumb":{"@id":"https:\/\/cursos.ufrrj.br\/grad\/letrasni\/egressos-dos-cursos-de-letras-im-tem-trabalhos-premiados-no-ppgeduc\/#breadcrumb"},"inLanguage":"pt-BR","potentialAction":[{"@type":"ReadAction","target":["https:\/\/cursos.ufrrj.br\/grad\/letrasni\/egressos-dos-cursos-de-letras-im-tem-trabalhos-premiados-no-ppgeduc\/"]}]},{"@type":"ImageObject","inLanguage":"pt-BR","@id":"https:\/\/cursos.ufrrj.br\/grad\/letrasni\/egressos-dos-cursos-de-letras-im-tem-trabalhos-premiados-no-ppgeduc\/#primaryimage","url":"https:\/\/cursos.ufrrj.br\/grad\/letrasni\/files\/2026\/08\/premio1.jpg","contentUrl":"https:\/\/cursos.ufrrj.br\/grad\/letrasni\/files\/2026\/08\/premio1.jpg","width":1556,"height":785},{"@type":"BreadcrumbList","@id":"https:\/\/cursos.ufrrj.br\/grad\/letrasni\/egressos-dos-cursos-de-letras-im-tem-trabalhos-premiados-no-ppgeduc\/#breadcrumb","itemListElement":[{"@type":"ListItem","position":1,"name":"In\u00edcio","item":"https:\/\/cursos.ufrrj.br\/grad\/letrasni\/"},{"@type":"ListItem","position":2,"name":"Egressos dos cursos de Letras\/IM t\u00eam trabalhos premiados no PPGEDUC\/UFRRJ"}]},{"@type":"WebSite","@id":"https:\/\/cursos.ufrrj.br\/grad\/letrasni\/#website","url":"https:\/\/cursos.ufrrj.br\/grad\/letrasni\/","name":"Letras","description":"Campus Nova Igua\u00e7u \u2013 UFRRJ","potentialAction":[{"@type":"SearchAction","target":{"@type":"EntryPoint","urlTemplate":"https:\/\/cursos.ufrrj.br\/grad\/letrasni\/?s={search_term_string}"},"query-input":{"@type":"PropertyValueSpecification","valueRequired":true,"valueName":"search_term_string"}}],"inLanguage":"pt-BR"},{"@type":"Person","@id":"https:\/\/cursos.ufrrj.br\/grad\/letrasni\/#\/schema\/person\/03e53facf0367a6c2a6b7dfbeacecb67","name":"Letras IM","image":{"@type":"ImageObject","inLanguage":"pt-BR","@id":"https:\/\/secure.gravatar.com\/avatar\/83dad519b46579aa5d54b3b3bd54b80d7a31d1231c51f004cf7dc09440b091f6?s=96&d=mm&r=g","url":"https:\/\/secure.gravatar.com\/avatar\/83dad519b46579aa5d54b3b3bd54b80d7a31d1231c51f004cf7dc09440b091f6?s=96&d=mm&r=g","contentUrl":"https:\/\/secure.gravatar.com\/avatar\/83dad519b46579aa5d54b3b3bd54b80d7a31d1231c51f004cf7dc09440b091f6?s=96&d=mm&r=g","caption":"Letras IM"},"url":"https:\/\/cursos.ufrrj.br\/grad\/letrasni\/author\/carmen\/"}]}},"acf":[],"_links":{"self":[{"href":"https:\/\/cursos.ufrrj.br\/grad\/letrasni\/wp-json\/wp\/v2\/posts\/3651","targetHints":{"allow":["GET"]}}],"collection":[{"href":"https:\/\/cursos.ufrrj.br\/grad\/letrasni\/wp-json\/wp\/v2\/posts"}],"about":[{"href":"https:\/\/cursos.ufrrj.br\/grad\/letrasni\/wp-json\/wp\/v2\/types\/post"}],"author":[{"embeddable":true,"href":"https:\/\/cursos.ufrrj.br\/grad\/letrasni\/wp-json\/wp\/v2\/users\/121"}],"replies":[{"embeddable":true,"href":"https:\/\/cursos.ufrrj.br\/grad\/letrasni\/wp-json\/wp\/v2\/comments?post=3651"}],"version-history":[{"count":2,"href":"https:\/\/cursos.ufrrj.br\/grad\/letrasni\/wp-json\/wp\/v2\/posts\/3651\/revisions"}],"predecessor-version":[{"id":3656,"href":"https:\/\/cursos.ufrrj.br\/grad\/letrasni\/wp-json\/wp\/v2\/posts\/3651\/revisions\/3656"}],"wp:featuredmedia":[{"embeddable":true,"href":"https:\/\/cursos.ufrrj.br\/grad\/letrasni\/wp-json\/wp\/v2\/media\/3660"}],"wp:attachment":[{"href":"https:\/\/cursos.ufrrj.br\/grad\/letrasni\/wp-json\/wp\/v2\/media?parent=3651"}],"wp:term":[{"taxonomy":"category","embeddable":true,"href":"https:\/\/cursos.ufrrj.br\/grad\/letrasni\/wp-json\/wp\/v2\/categories?post=3651"},{"taxonomy":"post_tag","embeddable":true,"href":"https:\/\/cursos.ufrrj.br\/grad\/letrasni\/wp-json\/wp\/v2\/tags?post=3651"}],"curies":[{"name":"wp","href":"https:\/\/api.w.org\/{rel}","templated":true}]}}