{"id":3626,"date":"2026-08-20T16:30:34","date_gmt":"2026-08-20T19:30:34","guid":{"rendered":"https:\/\/cursos.ufrrj.br\/grad\/letrasni\/?p=3626"},"modified":"2026-08-20T18:46:42","modified_gmt":"2026-08-20T21:46:42","slug":"comemoracao-dos-20-do-instituto-multidisciplinar","status":"publish","type":"post","link":"https:\/\/cursos.ufrrj.br\/grad\/letrasni\/comemoracao-dos-20-do-instituto-multidisciplinar\/","title":{"rendered":"Comemora\u00e7\u00e3o dos 20 anos do Instituto Multidisciplinar"},"content":{"rendered":"\n<p class=\"wp-block-paragraph\">A festa foi linda!!! A presen\u00e7a dos ex-diretores contando suas hist\u00f3rias desde a cria\u00e7\u00e3o do Instituto, ainda no Col\u00e9gio Monteiro Lobato, passando pela constru\u00e7\u00e3o do pr\u00e9dio do IM, a contrata\u00e7\u00e3o de professores, a cria\u00e7\u00e3o dos cursos, foi imperd\u00edvel!<\/p>\n\n\n\n<p class=\"wp-block-paragraph\">Al\u00e9m disso, t\u00e9cnicos, professores, estudantes, os primeiros coordenadores tamb\u00e9m deram seus depoimentos. Muito emocionante! Audit\u00f3rio lotado, com m\u00fasica ao vivo &#8211; Pedro Lima (igua\u00e7uano e finalista do The Voice Brasil) e sua banda.<\/p>\n\n\n\n<p class=\"wp-block-paragraph\">Depois teve parab\u00e9ns, bolo e sandu\u00edche e guaran\u00e1 natural!<\/p>\n\n\n\n<p class=\"wp-block-paragraph\">Veja as fotos do evento!<\/p>\n\n\n\n<figure class=\"wp-block-gallery has-nested-images columns-default is-cropped wp-block-gallery-1 is-layout-flex wp-block-gallery-is-layout-flex\">\n<figure class=\"wp-block-image size-large\"><a href=\"https:\/\/cursos.ufrrj.br\/grad\/letrasni\/files\/2026\/08\/ex-diretores.jpeg\"><img loading=\"lazy\" decoding=\"async\" width=\"1024\" height=\"472\" data-id=\"3642\" src=\"https:\/\/cursos.ufrrj.br\/grad\/letrasni\/files\/2026\/08\/ex-diretores-1024x472.jpeg\" alt=\"\" class=\"wp-image-3642\" srcset=\"https:\/\/cursos.ufrrj.br\/grad\/letrasni\/files\/2026\/08\/ex-diretores-1024x472.jpeg 1024w, https:\/\/cursos.ufrrj.br\/grad\/letrasni\/files\/2026\/08\/ex-diretores-300x138.jpeg 300w, https:\/\/cursos.ufrrj.br\/grad\/letrasni\/files\/2026\/08\/ex-diretores-768x354.jpeg 768w, https:\/\/cursos.ufrrj.br\/grad\/letrasni\/files\/2026\/08\/ex-diretores-1536x708.jpeg 1536w, https:\/\/cursos.ufrrj.br\/grad\/letrasni\/files\/2026\/08\/ex-diretores-152x70.jpeg 152w, https:\/\/cursos.ufrrj.br\/grad\/letrasni\/files\/2026\/08\/ex-diretores.jpeg 1600w\" sizes=\"auto, (max-width: 1024px) 100vw, 1024px\" \/><\/a><\/figure>\n\n\n\n<figure class=\"wp-block-image size-large\"><a href=\"https:\/\/cursos.ufrrj.br\/grad\/letrasni\/files\/2026\/08\/ex-diretores-com-placas.jpeg\"><img loading=\"lazy\" decoding=\"async\" width=\"1024\" height=\"472\" data-id=\"3639\" src=\"https:\/\/cursos.ufrrj.br\/grad\/letrasni\/files\/2026\/08\/ex-diretores-com-placas-1024x472.jpeg\" alt=\"\" class=\"wp-image-3639\" srcset=\"https:\/\/cursos.ufrrj.br\/grad\/letrasni\/files\/2026\/08\/ex-diretores-com-placas-1024x472.jpeg 1024w, https:\/\/cursos.ufrrj.br\/grad\/letrasni\/files\/2026\/08\/ex-diretores-com-placas-300x138.jpeg 300w, https:\/\/cursos.ufrrj.br\/grad\/letrasni\/files\/2026\/08\/ex-diretores-com-placas-768x354.jpeg 768w, https:\/\/cursos.ufrrj.br\/grad\/letrasni\/files\/2026\/08\/ex-diretores-com-placas-1536x708.jpeg 1536w, https:\/\/cursos.ufrrj.br\/grad\/letrasni\/files\/2026\/08\/ex-diretores-com-placas-152x70.jpeg 152w, https:\/\/cursos.ufrrj.br\/grad\/letrasni\/files\/2026\/08\/ex-diretores-com-placas.jpeg 1600w\" sizes=\"auto, (max-width: 1024px) 100vw, 1024px\" \/><\/a><\/figure>\n\n\n\n<figure class=\"wp-block-image size-large\"><a href=\"https:\/\/cursos.ufrrj.br\/grad\/letrasni\/files\/2026\/08\/ex-vices.jpeg\"><img loading=\"lazy\" decoding=\"async\" width=\"1024\" height=\"472\" data-id=\"3643\" src=\"https:\/\/cursos.ufrrj.br\/grad\/letrasni\/files\/2026\/08\/ex-vices-1024x472.jpeg\" alt=\"\" class=\"wp-image-3643\" srcset=\"https:\/\/cursos.ufrrj.br\/grad\/letrasni\/files\/2026\/08\/ex-vices-1024x472.jpeg 1024w, https:\/\/cursos.ufrrj.br\/grad\/letrasni\/files\/2026\/08\/ex-vices-300x138.jpeg 300w, https:\/\/cursos.ufrrj.br\/grad\/letrasni\/files\/2026\/08\/ex-vices-768x354.jpeg 768w, https:\/\/cursos.ufrrj.br\/grad\/letrasni\/files\/2026\/08\/ex-vices-1536x708.jpeg 1536w, https:\/\/cursos.ufrrj.br\/grad\/letrasni\/files\/2026\/08\/ex-vices-152x70.jpeg 152w, https:\/\/cursos.ufrrj.br\/grad\/letrasni\/files\/2026\/08\/ex-vices.jpeg 1600w\" sizes=\"auto, (max-width: 1024px) 100vw, 1024px\" \/><\/a><\/figure>\n\n\n\n<figure class=\"wp-block-image size-large\"><a href=\"https:\/\/cursos.ufrrj.br\/grad\/letrasni\/files\/2026\/08\/placas-sara-e-marcio.jpeg\"><img loading=\"lazy\" decoding=\"async\" width=\"1024\" height=\"472\" data-id=\"3645\" src=\"https:\/\/cursos.ufrrj.br\/grad\/letrasni\/files\/2026\/08\/placas-sara-e-marcio-1024x472.jpeg\" alt=\"\" class=\"wp-image-3645\" srcset=\"https:\/\/cursos.ufrrj.br\/grad\/letrasni\/files\/2026\/08\/placas-sara-e-marcio-1024x472.jpeg 1024w, https:\/\/cursos.ufrrj.br\/grad\/letrasni\/files\/2026\/08\/placas-sara-e-marcio-300x138.jpeg 300w, https:\/\/cursos.ufrrj.br\/grad\/letrasni\/files\/2026\/08\/placas-sara-e-marcio-768x354.jpeg 768w, https:\/\/cursos.ufrrj.br\/grad\/letrasni\/files\/2026\/08\/placas-sara-e-marcio-1536x708.jpeg 1536w, https:\/\/cursos.ufrrj.br\/grad\/letrasni\/files\/2026\/08\/placas-sara-e-marcio-152x70.jpeg 152w, https:\/\/cursos.ufrrj.br\/grad\/letrasni\/files\/2026\/08\/placas-sara-e-marcio.jpeg 1600w\" sizes=\"auto, (max-width: 1024px) 100vw, 1024px\" \/><\/a><\/figure>\n\n\n\n<figure class=\"wp-block-image size-large\"><a href=\"https:\/\/cursos.ufrrj.br\/grad\/letrasni\/files\/2026\/08\/placas.jpeg\"><img loading=\"lazy\" decoding=\"async\" width=\"1024\" height=\"472\" data-id=\"3647\" src=\"https:\/\/cursos.ufrrj.br\/grad\/letrasni\/files\/2026\/08\/placas-1024x472.jpeg\" alt=\"\" class=\"wp-image-3647\" srcset=\"https:\/\/cursos.ufrrj.br\/grad\/letrasni\/files\/2026\/08\/placas-1024x472.jpeg 1024w, https:\/\/cursos.ufrrj.br\/grad\/letrasni\/files\/2026\/08\/placas-300x138.jpeg 300w, https:\/\/cursos.ufrrj.br\/grad\/letrasni\/files\/2026\/08\/placas-768x354.jpeg 768w, https:\/\/cursos.ufrrj.br\/grad\/letrasni\/files\/2026\/08\/placas-1536x708.jpeg 1536w, https:\/\/cursos.ufrrj.br\/grad\/letrasni\/files\/2026\/08\/placas-152x70.jpeg 152w, https:\/\/cursos.ufrrj.br\/grad\/letrasni\/files\/2026\/08\/placas.jpeg 1600w\" sizes=\"auto, (max-width: 1024px) 100vw, 1024px\" \/><\/a><\/figure>\n\n\n\n<figure class=\"wp-block-image size-large\"><a href=\"https:\/\/cursos.ufrrj.br\/grad\/letrasni\/files\/2026\/08\/musicos.jpeg\"><img loading=\"lazy\" decoding=\"async\" width=\"1024\" height=\"472\" data-id=\"3644\" src=\"https:\/\/cursos.ufrrj.br\/grad\/letrasni\/files\/2026\/08\/musicos-1024x472.jpeg\" alt=\"\" class=\"wp-image-3644\" srcset=\"https:\/\/cursos.ufrrj.br\/grad\/letrasni\/files\/2026\/08\/musicos-1024x472.jpeg 1024w, https:\/\/cursos.ufrrj.br\/grad\/letrasni\/files\/2026\/08\/musicos-300x138.jpeg 300w, https:\/\/cursos.ufrrj.br\/grad\/letrasni\/files\/2026\/08\/musicos-768x354.jpeg 768w, https:\/\/cursos.ufrrj.br\/grad\/letrasni\/files\/2026\/08\/musicos-1536x708.jpeg 1536w, https:\/\/cursos.ufrrj.br\/grad\/letrasni\/files\/2026\/08\/musicos-152x70.jpeg 152w, https:\/\/cursos.ufrrj.br\/grad\/letrasni\/files\/2026\/08\/musicos.jpeg 1600w\" sizes=\"auto, (max-width: 1024px) 100vw, 1024px\" \/><\/a><\/figure>\n\n\n\n<figure class=\"wp-block-image size-large\"><a href=\"https:\/\/cursos.ufrrj.br\/grad\/letrasni\/files\/2026\/08\/bolo2.jpeg\"><img loading=\"lazy\" decoding=\"async\" width=\"1024\" height=\"576\" data-id=\"3637\" src=\"https:\/\/cursos.ufrrj.br\/grad\/letrasni\/files\/2026\/08\/bolo2-1024x576.jpeg\" alt=\"\" class=\"wp-image-3637\" srcset=\"https:\/\/cursos.ufrrj.br\/grad\/letrasni\/files\/2026\/08\/bolo2-1024x576.jpeg 1024w, https:\/\/cursos.ufrrj.br\/grad\/letrasni\/files\/2026\/08\/bolo2-300x169.jpeg 300w, https:\/\/cursos.ufrrj.br\/grad\/letrasni\/files\/2026\/08\/bolo2-768x432.jpeg 768w, https:\/\/cursos.ufrrj.br\/grad\/letrasni\/files\/2026\/08\/bolo2-1536x864.jpeg 1536w, https:\/\/cursos.ufrrj.br\/grad\/letrasni\/files\/2026\/08\/bolo2-124x70.jpeg 124w, https:\/\/cursos.ufrrj.br\/grad\/letrasni\/files\/2026\/08\/bolo2.jpeg 1600w\" sizes=\"auto, (max-width: 1024px) 100vw, 1024px\" \/><\/a><\/figure>\n\n\n\n<figure class=\"wp-block-image size-large\"><a href=\"https:\/\/cursos.ufrrj.br\/grad\/letrasni\/files\/2026\/08\/roses.jpeg\"><img loading=\"lazy\" decoding=\"async\" width=\"1024\" height=\"576\" data-id=\"3646\" src=\"https:\/\/cursos.ufrrj.br\/grad\/letrasni\/files\/2026\/08\/roses-1024x576.jpeg\" alt=\"\" class=\"wp-image-3646\" srcset=\"https:\/\/cursos.ufrrj.br\/grad\/letrasni\/files\/2026\/08\/roses-1024x576.jpeg 1024w, https:\/\/cursos.ufrrj.br\/grad\/letrasni\/files\/2026\/08\/roses-300x169.jpeg 300w, https:\/\/cursos.ufrrj.br\/grad\/letrasni\/files\/2026\/08\/roses-768x432.jpeg 768w, https:\/\/cursos.ufrrj.br\/grad\/letrasni\/files\/2026\/08\/roses-1536x864.jpeg 1536w, https:\/\/cursos.ufrrj.br\/grad\/letrasni\/files\/2026\/08\/roses-124x70.jpeg 124w, https:\/\/cursos.ufrrj.br\/grad\/letrasni\/files\/2026\/08\/roses.jpeg 1600w\" sizes=\"auto, (max-width: 1024px) 100vw, 1024px\" \/><\/a><\/figure>\n\n\n\n<figure class=\"wp-block-image size-large\"><a href=\"https:\/\/cursos.ufrrj.br\/grad\/letrasni\/files\/2026\/08\/dl.jpeg\"><img loading=\"lazy\" decoding=\"async\" width=\"1024\" height=\"576\" data-id=\"3641\" src=\"https:\/\/cursos.ufrrj.br\/grad\/letrasni\/files\/2026\/08\/dl-1024x576.jpeg\" alt=\"\" class=\"wp-image-3641\" srcset=\"https:\/\/cursos.ufrrj.br\/grad\/letrasni\/files\/2026\/08\/dl-1024x576.jpeg 1024w, https:\/\/cursos.ufrrj.br\/grad\/letrasni\/files\/2026\/08\/dl-300x169.jpeg 300w, https:\/\/cursos.ufrrj.br\/grad\/letrasni\/files\/2026\/08\/dl-768x432.jpeg 768w, https:\/\/cursos.ufrrj.br\/grad\/letrasni\/files\/2026\/08\/dl-1536x864.jpeg 1536w, https:\/\/cursos.ufrrj.br\/grad\/letrasni\/files\/2026\/08\/dl-124x70.jpeg 124w, https:\/\/cursos.ufrrj.br\/grad\/letrasni\/files\/2026\/08\/dl.jpeg 1600w\" sizes=\"auto, (max-width: 1024px) 100vw, 1024px\" \/><\/a><\/figure>\n\n\n\n<figure class=\"wp-block-image size-large\"><a href=\"https:\/\/cursos.ufrrj.br\/grad\/letrasni\/files\/2026\/08\/bolo.jpeg\"><img loading=\"lazy\" decoding=\"async\" width=\"1024\" height=\"472\" data-id=\"3640\" src=\"https:\/\/cursos.ufrrj.br\/grad\/letrasni\/files\/2026\/08\/bolo-1024x472.jpeg\" alt=\"\" class=\"wp-image-3640\" srcset=\"https:\/\/cursos.ufrrj.br\/grad\/letrasni\/files\/2026\/08\/bolo-1024x472.jpeg 1024w, https:\/\/cursos.ufrrj.br\/grad\/letrasni\/files\/2026\/08\/bolo-300x138.jpeg 300w, https:\/\/cursos.ufrrj.br\/grad\/letrasni\/files\/2026\/08\/bolo-768x354.jpeg 768w, https:\/\/cursos.ufrrj.br\/grad\/letrasni\/files\/2026\/08\/bolo-1536x708.jpeg 1536w, https:\/\/cursos.ufrrj.br\/grad\/letrasni\/files\/2026\/08\/bolo-152x70.jpeg 152w, https:\/\/cursos.ufrrj.br\/grad\/letrasni\/files\/2026\/08\/bolo.jpeg 1600w\" sizes=\"auto, (max-width: 1024px) 100vw, 1024px\" \/><\/a><\/figure>\n<\/figure>\n\n\n\n<p class=\"wp-block-paragraph\"><\/p>\n\n\n\n<div style=\"height:111px\" aria-hidden=\"true\" class=\"wp-block-spacer\"><\/div>\n\n\n\n<p class=\"wp-block-paragraph\">Venha comemorar os 20 anos do IM! Sua presen\u00e7a \u00e9 fundamental! Voc\u00ea faz parte disso tudo!<\/p>\n\n\n\n<p class=\"wp-block-paragraph\">Dia 19\/08\/2026<\/p>\n\n\n\n<p class=\"wp-block-paragraph\">A partir das 18h<\/p>\n\n\n\n<p class=\"wp-block-paragraph\">Audit\u00f3rio Prof. Bruno Rodrigues de Almeida<\/p>\n\n\n\n<p class=\"wp-block-paragraph\">Campus de Nova Igua\u00e7u<\/p>\n\n\n\n<div style=\"height:73px\" aria-hidden=\"true\" class=\"wp-block-spacer\"><\/div>\n\n\n\n<figure class=\"wp-block-image size-large\"><img loading=\"lazy\" decoding=\"async\" width=\"1024\" height=\"256\" src=\"https:\/\/cursos.ufrrj.br\/grad\/letrasni\/files\/2026\/08\/banner-20-anos-im-1024x256.jpg\" alt=\"\" class=\"wp-image-3624\" srcset=\"https:\/\/cursos.ufrrj.br\/grad\/letrasni\/files\/2026\/08\/banner-20-anos-im-1024x256.jpg 1024w, https:\/\/cursos.ufrrj.br\/grad\/letrasni\/files\/2026\/08\/banner-20-anos-im-300x75.jpg 300w, https:\/\/cursos.ufrrj.br\/grad\/letrasni\/files\/2026\/08\/banner-20-anos-im-768x192.jpg 768w, https:\/\/cursos.ufrrj.br\/grad\/letrasni\/files\/2026\/08\/banner-20-anos-im-280x70.jpg 280w, https:\/\/cursos.ufrrj.br\/grad\/letrasni\/files\/2026\/08\/banner-20-anos-im.jpg 1200w\" sizes=\"auto, (max-width: 1024px) 100vw, 1024px\" \/><\/figure>\n","protected":false},"excerpt":{"rendered":"<p>A festa foi linda!!! A presen\u00e7a dos ex-diretores contando suas hist\u00f3rias desde a cria\u00e7\u00e3o do Instituto, ainda no Col\u00e9gio Monteiro Lobato, passando [&hellip;]<\/p>\n","protected":false},"author":121,"featured_media":3629,"comment_status":"closed","ping_status":"closed","sticky":false,"template":"","format":"standard","meta":{"_acf_changed":false,"ngg_post_thumbnail":0,"footnotes":"","_links_to":"","_links_to_target":""},"categories":[4],"tags":[],"class_list":["post-3626","post","type-post","status-publish","format-standard","has-post-thumbnail","hentry","category-noticias"],"yoast_head":"<!-- This site is optimized with the Yoast SEO plugin v28.3 - https:\/\/yoast.com\/product\/yoast-seo-wordpress\/ -->\n<title>Comemora\u00e7\u00e3o dos 20 anos do Instituto Multidisciplinar - Letras<\/title>\n<meta name=\"robots\" content=\"index, follow, max-snippet:-1, max-image-preview:large, max-video-preview:-1\" \/>\n<link rel=\"canonical\" href=\"https:\/\/cursos.ufrrj.br\/grad\/letrasni\/comemoracao-dos-20-do-instituto-multidisciplinar\/\" \/>\n<meta property=\"og:locale\" content=\"pt_BR\" \/>\n<meta property=\"og:type\" content=\"article\" \/>\n<meta property=\"og:title\" content=\"Comemora\u00e7\u00e3o dos 20 anos do Instituto Multidisciplinar - Letras\" \/>\n<meta property=\"og:description\" content=\"A festa foi linda!!! A presen\u00e7a dos ex-diretores contando suas hist\u00f3rias desde a cria\u00e7\u00e3o do Instituto, ainda no Col\u00e9gio Monteiro Lobato, passando [&hellip;]\" \/>\n<meta property=\"og:url\" content=\"https:\/\/cursos.ufrrj.br\/grad\/letrasni\/comemoracao-dos-20-do-instituto-multidisciplinar\/\" \/>\n<meta property=\"og:site_name\" content=\"Letras\" \/>\n<meta property=\"article:published_time\" content=\"2026-08-20T19:30:34+00:00\" \/>\n<meta property=\"article:modified_time\" content=\"2026-08-20T21:46:42+00:00\" \/>\n<meta property=\"og:image\" content=\"https:\/\/cursos.ufrrj.br\/grad\/letrasni\/files\/2026\/08\/LOGO-20-ANOS-_IM-e1786736182678.png\" \/>\n\t<meta property=\"og:image:width\" content=\"300\" \/>\n\t<meta property=\"og:image:height\" content=\"300\" \/>\n\t<meta property=\"og:image:type\" content=\"image\/png\" \/>\n<meta name=\"author\" content=\"Letras IM\" \/>\n<meta name=\"twitter:card\" content=\"summary_large_image\" \/>\n<meta name=\"twitter:label1\" content=\"Escrito por\" \/>\n\t<meta name=\"twitter:data1\" content=\"Letras IM\" \/>\n\t<meta name=\"twitter:label2\" content=\"Est. tempo de leitura\" \/>\n\t<meta name=\"twitter:data2\" content=\"1 minuto\" \/>\n<script type=\"application\/ld+json\" class=\"yoast-schema-graph\">{\"@context\":\"https:\\\/\\\/schema.org\",\"@graph\":[{\"@type\":\"Article\",\"@id\":\"https:\\\/\\\/cursos.ufrrj.br\\\/grad\\\/letrasni\\\/comemoracao-dos-20-do-instituto-multidisciplinar\\\/#article\",\"isPartOf\":{\"@id\":\"https:\\\/\\\/cursos.ufrrj.br\\\/grad\\\/letrasni\\\/comemoracao-dos-20-do-instituto-multidisciplinar\\\/\"},\"author\":{\"name\":\"Letras IM\",\"@id\":\"https:\\\/\\\/cursos.ufrrj.br\\\/grad\\\/letrasni\\\/#\\\/schema\\\/person\\\/03e53facf0367a6c2a6b7dfbeacecb67\"},\"headline\":\"Comemora\u00e7\u00e3o dos 20 anos do Instituto Multidisciplinar\",\"datePublished\":\"2026-08-20T19:30:34+00:00\",\"dateModified\":\"2026-08-20T21:46:42+00:00\",\"mainEntityOfPage\":{\"@id\":\"https:\\\/\\\/cursos.ufrrj.br\\\/grad\\\/letrasni\\\/comemoracao-dos-20-do-instituto-multidisciplinar\\\/\"},\"wordCount\":141,\"image\":{\"@id\":\"https:\\\/\\\/cursos.ufrrj.br\\\/grad\\\/letrasni\\\/comemoracao-dos-20-do-instituto-multidisciplinar\\\/#primaryimage\"},\"thumbnailUrl\":\"https:\\\/\\\/cursos.ufrrj.br\\\/grad\\\/letrasni\\\/files\\\/2026\\\/08\\\/LOGO-20-ANOS-_IM-e1786736182678.png\",\"articleSection\":[\"Not\u00edcias\"],\"inLanguage\":\"pt-BR\"},{\"@type\":\"WebPage\",\"@id\":\"https:\\\/\\\/cursos.ufrrj.br\\\/grad\\\/letrasni\\\/comemoracao-dos-20-do-instituto-multidisciplinar\\\/\",\"url\":\"https:\\\/\\\/cursos.ufrrj.br\\\/grad\\\/letrasni\\\/comemoracao-dos-20-do-instituto-multidisciplinar\\\/\",\"name\":\"Comemora\u00e7\u00e3o dos 20 anos do Instituto Multidisciplinar - Letras\",\"isPartOf\":{\"@id\":\"https:\\\/\\\/cursos.ufrrj.br\\\/grad\\\/letrasni\\\/#website\"},\"primaryImageOfPage\":{\"@id\":\"https:\\\/\\\/cursos.ufrrj.br\\\/grad\\\/letrasni\\\/comemoracao-dos-20-do-instituto-multidisciplinar\\\/#primaryimage\"},\"image\":{\"@id\":\"https:\\\/\\\/cursos.ufrrj.br\\\/grad\\\/letrasni\\\/comemoracao-dos-20-do-instituto-multidisciplinar\\\/#primaryimage\"},\"thumbnailUrl\":\"https:\\\/\\\/cursos.ufrrj.br\\\/grad\\\/letrasni\\\/files\\\/2026\\\/08\\\/LOGO-20-ANOS-_IM-e1786736182678.png\",\"datePublished\":\"2026-08-20T19:30:34+00:00\",\"dateModified\":\"2026-08-20T21:46:42+00:00\",\"author\":{\"@id\":\"https:\\\/\\\/cursos.ufrrj.br\\\/grad\\\/letrasni\\\/#\\\/schema\\\/person\\\/03e53facf0367a6c2a6b7dfbeacecb67\"},\"breadcrumb\":{\"@id\":\"https:\\\/\\\/cursos.ufrrj.br\\\/grad\\\/letrasni\\\/comemoracao-dos-20-do-instituto-multidisciplinar\\\/#breadcrumb\"},\"inLanguage\":\"pt-BR\",\"potentialAction\":[{\"@type\":\"ReadAction\",\"target\":[\"https:\\\/\\\/cursos.ufrrj.br\\\/grad\\\/letrasni\\\/comemoracao-dos-20-do-instituto-multidisciplinar\\\/\"]}]},{\"@type\":\"ImageObject\",\"inLanguage\":\"pt-BR\",\"@id\":\"https:\\\/\\\/cursos.ufrrj.br\\\/grad\\\/letrasni\\\/comemoracao-dos-20-do-instituto-multidisciplinar\\\/#primaryimage\",\"url\":\"https:\\\/\\\/cursos.ufrrj.br\\\/grad\\\/letrasni\\\/files\\\/2026\\\/08\\\/LOGO-20-ANOS-_IM-e1786736182678.png\",\"contentUrl\":\"https:\\\/\\\/cursos.ufrrj.br\\\/grad\\\/letrasni\\\/files\\\/2026\\\/08\\\/LOGO-20-ANOS-_IM-e1786736182678.png\",\"width\":300,\"height\":300},{\"@type\":\"BreadcrumbList\",\"@id\":\"https:\\\/\\\/cursos.ufrrj.br\\\/grad\\\/letrasni\\\/comemoracao-dos-20-do-instituto-multidisciplinar\\\/#breadcrumb\",\"itemListElement\":[{\"@type\":\"ListItem\",\"position\":1,\"name\":\"In\u00edcio\",\"item\":\"https:\\\/\\\/cursos.ufrrj.br\\\/grad\\\/letrasni\\\/\"},{\"@type\":\"ListItem\",\"position\":2,\"name\":\"Comemora\u00e7\u00e3o dos 20 anos do Instituto Multidisciplinar\"}]},{\"@type\":\"WebSite\",\"@id\":\"https:\\\/\\\/cursos.ufrrj.br\\\/grad\\\/letrasni\\\/#website\",\"url\":\"https:\\\/\\\/cursos.ufrrj.br\\\/grad\\\/letrasni\\\/\",\"name\":\"Letras\",\"description\":\"Campus Nova Igua\u00e7u \u2013 UFRRJ\",\"potentialAction\":[{\"@type\":\"SearchAction\",\"target\":{\"@type\":\"EntryPoint\",\"urlTemplate\":\"https:\\\/\\\/cursos.ufrrj.br\\\/grad\\\/letrasni\\\/?s={search_term_string}\"},\"query-input\":{\"@type\":\"PropertyValueSpecification\",\"valueRequired\":true,\"valueName\":\"search_term_string\"}}],\"inLanguage\":\"pt-BR\"},{\"@type\":\"Person\",\"@id\":\"https:\\\/\\\/cursos.ufrrj.br\\\/grad\\\/letrasni\\\/#\\\/schema\\\/person\\\/03e53facf0367a6c2a6b7dfbeacecb67\",\"name\":\"Letras IM\",\"image\":{\"@type\":\"ImageObject\",\"inLanguage\":\"pt-BR\",\"@id\":\"https:\\\/\\\/secure.gravatar.com\\\/avatar\\\/83dad519b46579aa5d54b3b3bd54b80d7a31d1231c51f004cf7dc09440b091f6?s=96&d=mm&r=g\",\"url\":\"https:\\\/\\\/secure.gravatar.com\\\/avatar\\\/83dad519b46579aa5d54b3b3bd54b80d7a31d1231c51f004cf7dc09440b091f6?s=96&d=mm&r=g\",\"contentUrl\":\"https:\\\/\\\/secure.gravatar.com\\\/avatar\\\/83dad519b46579aa5d54b3b3bd54b80d7a31d1231c51f004cf7dc09440b091f6?s=96&d=mm&r=g\",\"caption\":\"Letras IM\"},\"url\":\"https:\\\/\\\/cursos.ufrrj.br\\\/grad\\\/letrasni\\\/author\\\/carmen\\\/\"}]}<\/script>\n<!-- \/ Yoast SEO plugin. -->","yoast_head_json":{"title":"Comemora\u00e7\u00e3o dos 20 anos do Instituto Multidisciplinar - Letras","robots":{"index":"index","follow":"follow","max-snippet":"max-snippet:-1","max-image-preview":"max-image-preview:large","max-video-preview":"max-video-preview:-1"},"canonical":"https:\/\/cursos.ufrrj.br\/grad\/letrasni\/comemoracao-dos-20-do-instituto-multidisciplinar\/","og_locale":"pt_BR","og_type":"article","og_title":"Comemora\u00e7\u00e3o dos 20 anos do Instituto Multidisciplinar - Letras","og_description":"A festa foi linda!!! A presen\u00e7a dos ex-diretores contando suas hist\u00f3rias desde a cria\u00e7\u00e3o do Instituto, ainda no Col\u00e9gio Monteiro Lobato, passando [&hellip;]","og_url":"https:\/\/cursos.ufrrj.br\/grad\/letrasni\/comemoracao-dos-20-do-instituto-multidisciplinar\/","og_site_name":"Letras","article_published_time":"2026-08-20T19:30:34+00:00","article_modified_time":"2026-08-20T21:46:42+00:00","og_image":[{"width":300,"height":300,"url":"https:\/\/cursos.ufrrj.br\/grad\/letrasni\/files\/2026\/08\/LOGO-20-ANOS-_IM-e1786736182678.png","type":"image\/png"}],"author":"Letras IM","twitter_card":"summary_large_image","twitter_misc":{"Escrito por":"Letras IM","Est. tempo de leitura":"1 minuto"},"schema":{"@context":"https:\/\/schema.org","@graph":[{"@type":"Article","@id":"https:\/\/cursos.ufrrj.br\/grad\/letrasni\/comemoracao-dos-20-do-instituto-multidisciplinar\/#article","isPartOf":{"@id":"https:\/\/cursos.ufrrj.br\/grad\/letrasni\/comemoracao-dos-20-do-instituto-multidisciplinar\/"},"author":{"name":"Letras IM","@id":"https:\/\/cursos.ufrrj.br\/grad\/letrasni\/#\/schema\/person\/03e53facf0367a6c2a6b7dfbeacecb67"},"headline":"Comemora\u00e7\u00e3o dos 20 anos do Instituto Multidisciplinar","datePublished":"2026-08-20T19:30:34+00:00","dateModified":"2026-08-20T21:46:42+00:00","mainEntityOfPage":{"@id":"https:\/\/cursos.ufrrj.br\/grad\/letrasni\/comemoracao-dos-20-do-instituto-multidisciplinar\/"},"wordCount":141,"image":{"@id":"https:\/\/cursos.ufrrj.br\/grad\/letrasni\/comemoracao-dos-20-do-instituto-multidisciplinar\/#primaryimage"},"thumbnailUrl":"https:\/\/cursos.ufrrj.br\/grad\/letrasni\/files\/2026\/08\/LOGO-20-ANOS-_IM-e1786736182678.png","articleSection":["Not\u00edcias"],"inLanguage":"pt-BR"},{"@type":"WebPage","@id":"https:\/\/cursos.ufrrj.br\/grad\/letrasni\/comemoracao-dos-20-do-instituto-multidisciplinar\/","url":"https:\/\/cursos.ufrrj.br\/grad\/letrasni\/comemoracao-dos-20-do-instituto-multidisciplinar\/","name":"Comemora\u00e7\u00e3o dos 20 anos do Instituto Multidisciplinar - Letras","isPartOf":{"@id":"https:\/\/cursos.ufrrj.br\/grad\/letrasni\/#website"},"primaryImageOfPage":{"@id":"https:\/\/cursos.ufrrj.br\/grad\/letrasni\/comemoracao-dos-20-do-instituto-multidisciplinar\/#primaryimage"},"image":{"@id":"https:\/\/cursos.ufrrj.br\/grad\/letrasni\/comemoracao-dos-20-do-instituto-multidisciplinar\/#primaryimage"},"thumbnailUrl":"https:\/\/cursos.ufrrj.br\/grad\/letrasni\/files\/2026\/08\/LOGO-20-ANOS-_IM-e1786736182678.png","datePublished":"2026-08-20T19:30:34+00:00","dateModified":"2026-08-20T21:46:42+00:00","author":{"@id":"https:\/\/cursos.ufrrj.br\/grad\/letrasni\/#\/schema\/person\/03e53facf0367a6c2a6b7dfbeacecb67"},"breadcrumb":{"@id":"https:\/\/cursos.ufrrj.br\/grad\/letrasni\/comemoracao-dos-20-do-instituto-multidisciplinar\/#breadcrumb"},"inLanguage":"pt-BR","potentialAction":[{"@type":"ReadAction","target":["https:\/\/cursos.ufrrj.br\/grad\/letrasni\/comemoracao-dos-20-do-instituto-multidisciplinar\/"]}]},{"@type":"ImageObject","inLanguage":"pt-BR","@id":"https:\/\/cursos.ufrrj.br\/grad\/letrasni\/comemoracao-dos-20-do-instituto-multidisciplinar\/#primaryimage","url":"https:\/\/cursos.ufrrj.br\/grad\/letrasni\/files\/2026\/08\/LOGO-20-ANOS-_IM-e1786736182678.png","contentUrl":"https:\/\/cursos.ufrrj.br\/grad\/letrasni\/files\/2026\/08\/LOGO-20-ANOS-_IM-e1786736182678.png","width":300,"height":300},{"@type":"BreadcrumbList","@id":"https:\/\/cursos.ufrrj.br\/grad\/letrasni\/comemoracao-dos-20-do-instituto-multidisciplinar\/#breadcrumb","itemListElement":[{"@type":"ListItem","position":1,"name":"In\u00edcio","item":"https:\/\/cursos.ufrrj.br\/grad\/letrasni\/"},{"@type":"ListItem","position":2,"name":"Comemora\u00e7\u00e3o dos 20 anos do Instituto Multidisciplinar"}]},{"@type":"WebSite","@id":"https:\/\/cursos.ufrrj.br\/grad\/letrasni\/#website","url":"https:\/\/cursos.ufrrj.br\/grad\/letrasni\/","name":"Letras","description":"Campus Nova Igua\u00e7u \u2013 UFRRJ","potentialAction":[{"@type":"SearchAction","target":{"@type":"EntryPoint","urlTemplate":"https:\/\/cursos.ufrrj.br\/grad\/letrasni\/?s={search_term_string}"},"query-input":{"@type":"PropertyValueSpecification","valueRequired":true,"valueName":"search_term_string"}}],"inLanguage":"pt-BR"},{"@type":"Person","@id":"https:\/\/cursos.ufrrj.br\/grad\/letrasni\/#\/schema\/person\/03e53facf0367a6c2a6b7dfbeacecb67","name":"Letras IM","image":{"@type":"ImageObject","inLanguage":"pt-BR","@id":"https:\/\/secure.gravatar.com\/avatar\/83dad519b46579aa5d54b3b3bd54b80d7a31d1231c51f004cf7dc09440b091f6?s=96&d=mm&r=g","url":"https:\/\/secure.gravatar.com\/avatar\/83dad519b46579aa5d54b3b3bd54b80d7a31d1231c51f004cf7dc09440b091f6?s=96&d=mm&r=g","contentUrl":"https:\/\/secure.gravatar.com\/avatar\/83dad519b46579aa5d54b3b3bd54b80d7a31d1231c51f004cf7dc09440b091f6?s=96&d=mm&r=g","caption":"Letras IM"},"url":"https:\/\/cursos.ufrrj.br\/grad\/letrasni\/author\/carmen\/"}]}},"acf":[],"_links":{"self":[{"href":"https:\/\/cursos.ufrrj.br\/grad\/letrasni\/wp-json\/wp\/v2\/posts\/3626","targetHints":{"allow":["GET"]}}],"collection":[{"href":"https:\/\/cursos.ufrrj.br\/grad\/letrasni\/wp-json\/wp\/v2\/posts"}],"about":[{"href":"https:\/\/cursos.ufrrj.br\/grad\/letrasni\/wp-json\/wp\/v2\/types\/post"}],"author":[{"embeddable":true,"href":"https:\/\/cursos.ufrrj.br\/grad\/letrasni\/wp-json\/wp\/v2\/users\/121"}],"replies":[{"embeddable":true,"href":"https:\/\/cursos.ufrrj.br\/grad\/letrasni\/wp-json\/wp\/v2\/comments?post=3626"}],"version-history":[{"count":4,"href":"https:\/\/cursos.ufrrj.br\/grad\/letrasni\/wp-json\/wp\/v2\/posts\/3626\/revisions"}],"predecessor-version":[{"id":3649,"href":"https:\/\/cursos.ufrrj.br\/grad\/letrasni\/wp-json\/wp\/v2\/posts\/3626\/revisions\/3649"}],"wp:featuredmedia":[{"embeddable":true,"href":"https:\/\/cursos.ufrrj.br\/grad\/letrasni\/wp-json\/wp\/v2\/media\/3629"}],"wp:attachment":[{"href":"https:\/\/cursos.ufrrj.br\/grad\/letrasni\/wp-json\/wp\/v2\/media?parent=3626"}],"wp:term":[{"taxonomy":"category","embeddable":true,"href":"https:\/\/cursos.ufrrj.br\/grad\/letrasni\/wp-json\/wp\/v2\/categories?post=3626"},{"taxonomy":"post_tag","embeddable":true,"href":"https:\/\/cursos.ufrrj.br\/grad\/letrasni\/wp-json\/wp\/v2\/tags?post=3626"}],"curies":[{"name":"wp","href":"https:\/\/api.w.org\/{rel}","templated":true}]}}