{"id":1277,"date":"2026-08-28T14:21:53","date_gmt":"2026-08-28T17:21:53","guid":{"rendered":"https:\/\/cursos.ufrrj.br\/grad\/historia\/?p=1277"},"modified":"2026-08-28T14:21:54","modified_gmt":"2026-08-28T17:21:54","slug":"1277","status":"publish","type":"post","link":"https:\/\/cursos.ufrrj.br\/grad\/historia\/2026\/08\/28\/1277\/","title":{"rendered":""},"content":{"rendered":"\n<p class=\"has-text-align-left wp-block-paragraph\">No dia 24 de agosto de 2026 perdemos o colega Fernando C\u00e9sar Ferreira Gouv\u00eaa. Fernando era professor do Departamento de Teoria e Planejamento de Ensino (DTPE), do Instituto de Educa\u00e7\u00e3o (IE), sendo um docente muito dedicado ao curso de Hist\u00f3ria, orientando alunos do curso e ministrando disciplinas como Sociologia da Educa\u00e7\u00e3o para a Licenciatura em Hist\u00f3ria. Especialista na \u00e1rea da Hist\u00f3ria da educa\u00e7\u00e3o, Fernando publicou diversos livros, artigos e textos sobre a tem\u00e1tica, com \u00eanfase na trajet\u00f3ria de An\u00edsio Teixeira e outros educadores que cumpriram um papel relevante na hist\u00f3ria das pol\u00edticas educacionais no Brasil. Era docente do curso \u00e0 dist\u00e2ncia de Pedagogia da Unirio pelo Cons\u00f3rcio Cederj e coordenador do Lhela (Laborat\u00f3rio de Hist\u00f3ria da Educa\u00e7\u00e3o Latino-americana), sediado na UFRRJ. Al\u00e9m da carreira no magist\u00e9rio, Fernando desenvolveu uma longa trajet\u00f3ria no samba, sendo compositor e cantor, atuando em escolas de samba como o Arranco do Engenho de Dentro e a Caprichosos de Pilares. Colaborava com docentes do Departamento de Hist\u00f3ria em projetos, eventos e atividades na universidade. Era um defensor inveterado da universidade p\u00fablica, gratuita, laica e de qualidade. Em 2025, Fernando Gouv\u00eaa defendeu seu memorial de professor titular, tendo apresentado a sua trajet\u00f3ria de maneira presencial no audit\u00f3rio Paulo Freire, com grande p\u00fablico. Fernando Gouv\u00eaa era ativo tamb\u00e9m no Programa de P\u00f3s-Gradua\u00e7\u00e3o em Educa\u00e7\u00e3o (PPGEeduc) e planejava fazer uma segunda gradua\u00e7\u00e3o em Hist\u00f3ria. Com a sua partida precoce, perdemos um professor, colega e amigo bem humorado, divertido, inteligente, cr\u00edtico, simp\u00e1tico, agrad\u00e1vel e fazia da universidade um ambiente positivo e alegre com o seu temperamento f\u00e1cil e seu alto astral. A Coordena\u00e7\u00e3o do Curso de Gradua\u00e7\u00e3o em Hist\u00f3ria se solidariza com a fam\u00edlia, os discentes, os colegas e amigos do professor Fernando, lamentando essa grande perda.<\/p>\n","protected":false},"excerpt":{"rendered":"<p>No dia 24 de agosto de 2026 perdemos o colega Fernando C\u00e9sar Ferreira Gouv\u00eaa. Fernando era professor do Departamento de Teoria e [&hellip;]<\/p>\n","protected":false},"author":12,"featured_media":1114,"comment_status":"open","ping_status":"open","sticky":false,"template":"","format":"standard","meta":{"_acf_changed":false,"ngg_post_thumbnail":0,"footnotes":""},"categories":[3],"tags":[],"class_list":["post-1277","post","type-post","status-publish","format-standard","has-post-thumbnail","hentry","category-noticias"],"yoast_head":"<!-- This site is optimized with the Yoast SEO plugin v28.3 - https:\/\/yoast.com\/product\/yoast-seo-wordpress\/ -->\n<title>- Curso de Hist\u00f3ria<\/title>\n<meta name=\"robots\" content=\"index, follow, max-snippet:-1, max-image-preview:large, max-video-preview:-1\" \/>\n<link rel=\"canonical\" href=\"https:\/\/cursos.ufrrj.br\/grad\/historia\/2026\/08\/28\/1277\/\" \/>\n<meta property=\"og:locale\" content=\"pt_BR\" \/>\n<meta property=\"og:type\" content=\"article\" \/>\n<meta property=\"og:title\" content=\"- Curso de Hist\u00f3ria\" \/>\n<meta property=\"og:description\" content=\"No dia 24 de agosto de 2026 perdemos o colega Fernando C\u00e9sar Ferreira Gouv\u00eaa. Fernando era professor do Departamento de Teoria e [&hellip;]\" \/>\n<meta property=\"og:url\" content=\"https:\/\/cursos.ufrrj.br\/grad\/historia\/2026\/08\/28\/1277\/\" \/>\n<meta property=\"og:site_name\" content=\"Curso de Hist\u00f3ria\" \/>\n<meta property=\"article:published_time\" content=\"2026-08-28T17:21:53+00:00\" \/>\n<meta property=\"article:modified_time\" content=\"2026-08-28T17:21:54+00:00\" \/>\n<meta property=\"og:image\" content=\"https:\/\/cursos.ufrrj.br\/grad\/historia\/files\/2025\/08\/card_pesar.jpg\" \/>\n\t<meta property=\"og:image:width\" content=\"1556\" \/>\n\t<meta property=\"og:image:height\" content=\"784\" \/>\n\t<meta property=\"og:image:type\" content=\"image\/jpeg\" \/>\n<meta name=\"author\" content=\"historia\" \/>\n<meta name=\"twitter:card\" content=\"summary_large_image\" \/>\n<meta name=\"twitter:label1\" content=\"Escrito por\" \/>\n\t<meta name=\"twitter:data1\" content=\"historia\" \/>\n\t<meta name=\"twitter:label2\" content=\"Est. tempo de leitura\" \/>\n\t<meta name=\"twitter:data2\" content=\"2 minutos\" \/>\n<script type=\"application\/ld+json\" class=\"yoast-schema-graph\">{\"@context\":\"https:\\\/\\\/schema.org\",\"@graph\":[{\"@type\":\"Article\",\"@id\":\"https:\\\/\\\/cursos.ufrrj.br\\\/grad\\\/historia\\\/2026\\\/08\\\/28\\\/1277\\\/#article\",\"isPartOf\":{\"@id\":\"https:\\\/\\\/cursos.ufrrj.br\\\/grad\\\/historia\\\/2026\\\/08\\\/28\\\/1277\\\/\"},\"author\":{\"name\":\"historia\",\"@id\":\"https:\\\/\\\/cursos.ufrrj.br\\\/grad\\\/historia\\\/#\\\/schema\\\/person\\\/dcb2750bbb8c13b5a423c4ef688e9fec\"},\"headline\":\"Sem t\u00edtulo\",\"datePublished\":\"2026-08-28T17:21:53+00:00\",\"dateModified\":\"2026-08-28T17:21:54+00:00\",\"mainEntityOfPage\":{\"@id\":\"https:\\\/\\\/cursos.ufrrj.br\\\/grad\\\/historia\\\/2026\\\/08\\\/28\\\/1277\\\/\"},\"wordCount\":325,\"commentCount\":0,\"image\":{\"@id\":\"https:\\\/\\\/cursos.ufrrj.br\\\/grad\\\/historia\\\/2026\\\/08\\\/28\\\/1277\\\/#primaryimage\"},\"thumbnailUrl\":\"https:\\\/\\\/cursos.ufrrj.br\\\/grad\\\/historia\\\/files\\\/2025\\\/08\\\/card_pesar.jpg\",\"articleSection\":[\"Not\u00edcias\"],\"inLanguage\":\"pt-BR\",\"potentialAction\":[{\"@type\":\"CommentAction\",\"name\":\"Comment\",\"target\":[\"https:\\\/\\\/cursos.ufrrj.br\\\/grad\\\/historia\\\/2026\\\/08\\\/28\\\/1277\\\/#respond\"]}]},{\"@type\":\"WebPage\",\"@id\":\"https:\\\/\\\/cursos.ufrrj.br\\\/grad\\\/historia\\\/2026\\\/08\\\/28\\\/1277\\\/\",\"url\":\"https:\\\/\\\/cursos.ufrrj.br\\\/grad\\\/historia\\\/2026\\\/08\\\/28\\\/1277\\\/\",\"name\":\"- Curso de Hist\u00f3ria\",\"isPartOf\":{\"@id\":\"https:\\\/\\\/cursos.ufrrj.br\\\/grad\\\/historia\\\/#website\"},\"primaryImageOfPage\":{\"@id\":\"https:\\\/\\\/cursos.ufrrj.br\\\/grad\\\/historia\\\/2026\\\/08\\\/28\\\/1277\\\/#primaryimage\"},\"image\":{\"@id\":\"https:\\\/\\\/cursos.ufrrj.br\\\/grad\\\/historia\\\/2026\\\/08\\\/28\\\/1277\\\/#primaryimage\"},\"thumbnailUrl\":\"https:\\\/\\\/cursos.ufrrj.br\\\/grad\\\/historia\\\/files\\\/2025\\\/08\\\/card_pesar.jpg\",\"datePublished\":\"2026-08-28T17:21:53+00:00\",\"dateModified\":\"2026-08-28T17:21:54+00:00\",\"author\":{\"@id\":\"https:\\\/\\\/cursos.ufrrj.br\\\/grad\\\/historia\\\/#\\\/schema\\\/person\\\/dcb2750bbb8c13b5a423c4ef688e9fec\"},\"inLanguage\":\"pt-BR\",\"potentialAction\":[{\"@type\":\"ReadAction\",\"target\":[\"https:\\\/\\\/cursos.ufrrj.br\\\/grad\\\/historia\\\/2026\\\/08\\\/28\\\/1277\\\/\"]}]},{\"@type\":\"ImageObject\",\"inLanguage\":\"pt-BR\",\"@id\":\"https:\\\/\\\/cursos.ufrrj.br\\\/grad\\\/historia\\\/2026\\\/08\\\/28\\\/1277\\\/#primaryimage\",\"url\":\"https:\\\/\\\/cursos.ufrrj.br\\\/grad\\\/historia\\\/files\\\/2025\\\/08\\\/card_pesar.jpg\",\"contentUrl\":\"https:\\\/\\\/cursos.ufrrj.br\\\/grad\\\/historia\\\/files\\\/2025\\\/08\\\/card_pesar.jpg\",\"width\":1556,\"height\":784},{\"@type\":\"WebSite\",\"@id\":\"https:\\\/\\\/cursos.ufrrj.br\\\/grad\\\/historia\\\/#website\",\"url\":\"https:\\\/\\\/cursos.ufrrj.br\\\/grad\\\/historia\\\/\",\"name\":\"Curso de Hist\u00f3ria\",\"description\":\"Gradua\u00e7\u00e3o\",\"potentialAction\":[{\"@type\":\"SearchAction\",\"target\":{\"@type\":\"EntryPoint\",\"urlTemplate\":\"https:\\\/\\\/cursos.ufrrj.br\\\/grad\\\/historia\\\/?s={search_term_string}\"},\"query-input\":{\"@type\":\"PropertyValueSpecification\",\"valueRequired\":true,\"valueName\":\"search_term_string\"}}],\"inLanguage\":\"pt-BR\"},{\"@type\":\"Person\",\"@id\":\"https:\\\/\\\/cursos.ufrrj.br\\\/grad\\\/historia\\\/#\\\/schema\\\/person\\\/dcb2750bbb8c13b5a423c4ef688e9fec\",\"name\":\"historia\",\"image\":{\"@type\":\"ImageObject\",\"inLanguage\":\"pt-BR\",\"@id\":\"https:\\\/\\\/secure.gravatar.com\\\/avatar\\\/e8439704e13f018d0c79cc7705e74af88da31c9da1e30f9e7d8769e9a9c54d38?s=96&d=mm&r=g\",\"url\":\"https:\\\/\\\/secure.gravatar.com\\\/avatar\\\/e8439704e13f018d0c79cc7705e74af88da31c9da1e30f9e7d8769e9a9c54d38?s=96&d=mm&r=g\",\"contentUrl\":\"https:\\\/\\\/secure.gravatar.com\\\/avatar\\\/e8439704e13f018d0c79cc7705e74af88da31c9da1e30f9e7d8769e9a9c54d38?s=96&d=mm&r=g\",\"caption\":\"historia\"},\"url\":\"https:\\\/\\\/cursos.ufrrj.br\\\/grad\\\/historia\\\/author\\\/historia\\\/\"}]}<\/script>\n<!-- \/ Yoast SEO plugin. -->","yoast_head_json":{"title":"- Curso de Hist\u00f3ria","robots":{"index":"index","follow":"follow","max-snippet":"max-snippet:-1","max-image-preview":"max-image-preview:large","max-video-preview":"max-video-preview:-1"},"canonical":"https:\/\/cursos.ufrrj.br\/grad\/historia\/2026\/08\/28\/1277\/","og_locale":"pt_BR","og_type":"article","og_title":"- Curso de Hist\u00f3ria","og_description":"No dia 24 de agosto de 2026 perdemos o colega Fernando C\u00e9sar Ferreira Gouv\u00eaa. Fernando era professor do Departamento de Teoria e [&hellip;]","og_url":"https:\/\/cursos.ufrrj.br\/grad\/historia\/2026\/08\/28\/1277\/","og_site_name":"Curso de Hist\u00f3ria","article_published_time":"2026-08-28T17:21:53+00:00","article_modified_time":"2026-08-28T17:21:54+00:00","og_image":[{"width":1556,"height":784,"url":"https:\/\/cursos.ufrrj.br\/grad\/historia\/files\/2025\/08\/card_pesar.jpg","type":"image\/jpeg"}],"author":"historia","twitter_card":"summary_large_image","twitter_misc":{"Escrito por":"historia","Est. tempo de leitura":"2 minutos"},"schema":{"@context":"https:\/\/schema.org","@graph":[{"@type":"Article","@id":"https:\/\/cursos.ufrrj.br\/grad\/historia\/2026\/08\/28\/1277\/#article","isPartOf":{"@id":"https:\/\/cursos.ufrrj.br\/grad\/historia\/2026\/08\/28\/1277\/"},"author":{"name":"historia","@id":"https:\/\/cursos.ufrrj.br\/grad\/historia\/#\/schema\/person\/dcb2750bbb8c13b5a423c4ef688e9fec"},"headline":"Sem t\u00edtulo","datePublished":"2026-08-28T17:21:53+00:00","dateModified":"2026-08-28T17:21:54+00:00","mainEntityOfPage":{"@id":"https:\/\/cursos.ufrrj.br\/grad\/historia\/2026\/08\/28\/1277\/"},"wordCount":325,"commentCount":0,"image":{"@id":"https:\/\/cursos.ufrrj.br\/grad\/historia\/2026\/08\/28\/1277\/#primaryimage"},"thumbnailUrl":"https:\/\/cursos.ufrrj.br\/grad\/historia\/files\/2025\/08\/card_pesar.jpg","articleSection":["Not\u00edcias"],"inLanguage":"pt-BR","potentialAction":[{"@type":"CommentAction","name":"Comment","target":["https:\/\/cursos.ufrrj.br\/grad\/historia\/2026\/08\/28\/1277\/#respond"]}]},{"@type":"WebPage","@id":"https:\/\/cursos.ufrrj.br\/grad\/historia\/2026\/08\/28\/1277\/","url":"https:\/\/cursos.ufrrj.br\/grad\/historia\/2026\/08\/28\/1277\/","name":"- Curso de Hist\u00f3ria","isPartOf":{"@id":"https:\/\/cursos.ufrrj.br\/grad\/historia\/#website"},"primaryImageOfPage":{"@id":"https:\/\/cursos.ufrrj.br\/grad\/historia\/2026\/08\/28\/1277\/#primaryimage"},"image":{"@id":"https:\/\/cursos.ufrrj.br\/grad\/historia\/2026\/08\/28\/1277\/#primaryimage"},"thumbnailUrl":"https:\/\/cursos.ufrrj.br\/grad\/historia\/files\/2025\/08\/card_pesar.jpg","datePublished":"2026-08-28T17:21:53+00:00","dateModified":"2026-08-28T17:21:54+00:00","author":{"@id":"https:\/\/cursos.ufrrj.br\/grad\/historia\/#\/schema\/person\/dcb2750bbb8c13b5a423c4ef688e9fec"},"inLanguage":"pt-BR","potentialAction":[{"@type":"ReadAction","target":["https:\/\/cursos.ufrrj.br\/grad\/historia\/2026\/08\/28\/1277\/"]}]},{"@type":"ImageObject","inLanguage":"pt-BR","@id":"https:\/\/cursos.ufrrj.br\/grad\/historia\/2026\/08\/28\/1277\/#primaryimage","url":"https:\/\/cursos.ufrrj.br\/grad\/historia\/files\/2025\/08\/card_pesar.jpg","contentUrl":"https:\/\/cursos.ufrrj.br\/grad\/historia\/files\/2025\/08\/card_pesar.jpg","width":1556,"height":784},{"@type":"WebSite","@id":"https:\/\/cursos.ufrrj.br\/grad\/historia\/#website","url":"https:\/\/cursos.ufrrj.br\/grad\/historia\/","name":"Curso de Hist\u00f3ria","description":"Gradua\u00e7\u00e3o","potentialAction":[{"@type":"SearchAction","target":{"@type":"EntryPoint","urlTemplate":"https:\/\/cursos.ufrrj.br\/grad\/historia\/?s={search_term_string}"},"query-input":{"@type":"PropertyValueSpecification","valueRequired":true,"valueName":"search_term_string"}}],"inLanguage":"pt-BR"},{"@type":"Person","@id":"https:\/\/cursos.ufrrj.br\/grad\/historia\/#\/schema\/person\/dcb2750bbb8c13b5a423c4ef688e9fec","name":"historia","image":{"@type":"ImageObject","inLanguage":"pt-BR","@id":"https:\/\/secure.gravatar.com\/avatar\/e8439704e13f018d0c79cc7705e74af88da31c9da1e30f9e7d8769e9a9c54d38?s=96&d=mm&r=g","url":"https:\/\/secure.gravatar.com\/avatar\/e8439704e13f018d0c79cc7705e74af88da31c9da1e30f9e7d8769e9a9c54d38?s=96&d=mm&r=g","contentUrl":"https:\/\/secure.gravatar.com\/avatar\/e8439704e13f018d0c79cc7705e74af88da31c9da1e30f9e7d8769e9a9c54d38?s=96&d=mm&r=g","caption":"historia"},"url":"https:\/\/cursos.ufrrj.br\/grad\/historia\/author\/historia\/"}]}},"acf":[],"_links":{"self":[{"href":"https:\/\/cursos.ufrrj.br\/grad\/historia\/wp-json\/wp\/v2\/posts\/1277","targetHints":{"allow":["GET"]}}],"collection":[{"href":"https:\/\/cursos.ufrrj.br\/grad\/historia\/wp-json\/wp\/v2\/posts"}],"about":[{"href":"https:\/\/cursos.ufrrj.br\/grad\/historia\/wp-json\/wp\/v2\/types\/post"}],"author":[{"embeddable":true,"href":"https:\/\/cursos.ufrrj.br\/grad\/historia\/wp-json\/wp\/v2\/users\/12"}],"replies":[{"embeddable":true,"href":"https:\/\/cursos.ufrrj.br\/grad\/historia\/wp-json\/wp\/v2\/comments?post=1277"}],"version-history":[{"count":1,"href":"https:\/\/cursos.ufrrj.br\/grad\/historia\/wp-json\/wp\/v2\/posts\/1277\/revisions"}],"predecessor-version":[{"id":1278,"href":"https:\/\/cursos.ufrrj.br\/grad\/historia\/wp-json\/wp\/v2\/posts\/1277\/revisions\/1278"}],"wp:featuredmedia":[{"embeddable":true,"href":"https:\/\/cursos.ufrrj.br\/grad\/historia\/wp-json\/wp\/v2\/media\/1114"}],"wp:attachment":[{"href":"https:\/\/cursos.ufrrj.br\/grad\/historia\/wp-json\/wp\/v2\/media?parent=1277"}],"wp:term":[{"taxonomy":"category","embeddable":true,"href":"https:\/\/cursos.ufrrj.br\/grad\/historia\/wp-json\/wp\/v2\/categories?post=1277"},{"taxonomy":"post_tag","embeddable":true,"href":"https:\/\/cursos.ufrrj.br\/grad\/historia\/wp-json\/wp\/v2\/tags?post=1277"}],"curies":[{"name":"wp","href":"https:\/\/api.w.org\/{rel}","templated":true}]}}