{"id":687,"date":"2024-10-09T09:38:37","date_gmt":"2024-10-09T12:38:37","guid":{"rendered":"https:\/\/cursos.ufrrj.br\/grad\/geologia\/?p=687"},"modified":"2026-09-05T18:05:01","modified_gmt":"2026-09-05T21:05:01","slug":"23a-semana-nacional-de-ciencia-e-tecnologia","status":"publish","type":"post","link":"https:\/\/cursos.ufrrj.br\/grad\/geologia\/2024\/10\/09\/23a-semana-nacional-de-ciencia-e-tecnologia\/","title":{"rendered":"23\u00aa Semana Nacional de Ci\u00eancia e Tecnologia"},"content":{"rendered":"<p><img loading=\"lazy\" decoding=\"async\" class=\"alignnone  wp-image-707\" src=\"https:\/\/cursos.ufrrj.br\/grad\/geologia\/files\/2024\/10\/banner_principal1-300x81.png\" alt=\"\" width=\"740\" height=\"200\" srcset=\"https:\/\/cursos.ufrrj.br\/grad\/geologia\/files\/2024\/10\/banner_principal1-300x81.png 300w, https:\/\/cursos.ufrrj.br\/grad\/geologia\/files\/2024\/10\/banner_principal1-1024x277.png 1024w, https:\/\/cursos.ufrrj.br\/grad\/geologia\/files\/2024\/10\/banner_principal1-768x208.png 768w, https:\/\/cursos.ufrrj.br\/grad\/geologia\/files\/2024\/10\/banner_principal1.png 1111w\" sizes=\"auto, (max-width: 740px) 100vw, 740px\" \/><\/p>\n<p>&nbsp;<\/p>\n<p>Mais informa\u00e7\u00f5es:<a href=\"https:\/\/snct.im.ufrrj.br\/\"> https:\/\/snct.im.ufrrj.br\/<\/a><\/p>\n","protected":false},"excerpt":{"rendered":"<p>&nbsp; Mais informa\u00e7\u00f5es: https:\/\/snct.im.ufrrj.br\/<\/p>\n","protected":false},"author":210,"featured_media":688,"comment_status":"open","ping_status":"open","sticky":false,"template":"","format":"standard","meta":{"_acf_changed":false,"ngg_post_thumbnail":0,"footnotes":"","_links_to":"","_links_to_target":""},"categories":[4],"tags":[],"class_list":["post-687","post","type-post","status-publish","format-standard","has-post-thumbnail","hentry","category-noticias"],"yoast_head":"<!-- This site is optimized with the Yoast SEO plugin v28.3 - https:\/\/yoast.com\/product\/yoast-seo-wordpress\/ -->\n<title>23\u00aa Semana Nacional de Ci\u00eancia e Tecnologia - Geologia<\/title>\n<meta name=\"robots\" content=\"index, follow, max-snippet:-1, max-image-preview:large, max-video-preview:-1\" \/>\n<link rel=\"canonical\" href=\"https:\/\/cursos.ufrrj.br\/grad\/geologia\/2024\/10\/09\/23a-semana-nacional-de-ciencia-e-tecnologia\/\" \/>\n<meta property=\"og:locale\" content=\"pt_BR\" \/>\n<meta property=\"og:type\" content=\"article\" \/>\n<meta property=\"og:title\" content=\"23\u00aa Semana Nacional de Ci\u00eancia e Tecnologia - Geologia\" \/>\n<meta property=\"og:description\" content=\"&nbsp; Mais informa\u00e7\u00f5es: https:\/\/snct.im.ufrrj.br\/\" \/>\n<meta property=\"og:url\" content=\"https:\/\/cursos.ufrrj.br\/grad\/geologia\/2024\/10\/09\/23a-semana-nacional-de-ciencia-e-tecnologia\/\" \/>\n<meta property=\"og:site_name\" content=\"Geologia\" \/>\n<meta property=\"article:published_time\" content=\"2024-10-09T12:38:37+00:00\" \/>\n<meta property=\"article:modified_time\" content=\"2026-09-05T21:05:01+00:00\" \/>\n<meta property=\"og:image\" content=\"https:\/\/cursos.ufrrj.br\/grad\/geologia\/files\/2024\/10\/BANNER_SNCT2024.png\" \/>\n\t<meta property=\"og:image:width\" content=\"1111\" \/>\n\t<meta property=\"og:image:height\" content=\"301\" \/>\n\t<meta property=\"og:image:type\" content=\"image\/png\" \/>\n<meta name=\"author\" content=\"marilenesilva\" \/>\n<meta name=\"twitter:card\" content=\"summary_large_image\" \/>\n<meta name=\"twitter:label1\" content=\"Escrito por\" \/>\n\t<meta name=\"twitter:data1\" content=\"marilenesilva\" \/>\n\t<meta name=\"twitter:label2\" content=\"Est. tempo de leitura\" \/>\n\t<meta name=\"twitter:data2\" content=\"1 minuto\" \/>\n<script type=\"application\/ld+json\" class=\"yoast-schema-graph\">{\"@context\":\"https:\\\/\\\/schema.org\",\"@graph\":[{\"@type\":\"Article\",\"@id\":\"https:\\\/\\\/cursos.ufrrj.br\\\/grad\\\/geologia\\\/2024\\\/10\\\/09\\\/23a-semana-nacional-de-ciencia-e-tecnologia\\\/#article\",\"isPartOf\":{\"@id\":\"https:\\\/\\\/cursos.ufrrj.br\\\/grad\\\/geologia\\\/2024\\\/10\\\/09\\\/23a-semana-nacional-de-ciencia-e-tecnologia\\\/\"},\"author\":{\"name\":\"marilenesilva\",\"@id\":\"https:\\\/\\\/cursos.ufrrj.br\\\/grad\\\/geologia\\\/#\\\/schema\\\/person\\\/18fc529c5d1c9a1920804946ed5d283d\"},\"headline\":\"23\u00aa Semana Nacional de Ci\u00eancia e Tecnologia\",\"datePublished\":\"2024-10-09T12:38:37+00:00\",\"dateModified\":\"2026-09-05T21:05:01+00:00\",\"mainEntityOfPage\":{\"@id\":\"https:\\\/\\\/cursos.ufrrj.br\\\/grad\\\/geologia\\\/2024\\\/10\\\/09\\\/23a-semana-nacional-de-ciencia-e-tecnologia\\\/\"},\"wordCount\":16,\"commentCount\":0,\"image\":{\"@id\":\"https:\\\/\\\/cursos.ufrrj.br\\\/grad\\\/geologia\\\/2024\\\/10\\\/09\\\/23a-semana-nacional-de-ciencia-e-tecnologia\\\/#primaryimage\"},\"thumbnailUrl\":\"https:\\\/\\\/cursos.ufrrj.br\\\/grad\\\/geologia\\\/files\\\/2024\\\/10\\\/BANNER_SNCT2024.png\",\"articleSection\":[\"Not\u00edcias\"],\"inLanguage\":\"pt-BR\",\"potentialAction\":[{\"@type\":\"CommentAction\",\"name\":\"Comment\",\"target\":[\"https:\\\/\\\/cursos.ufrrj.br\\\/grad\\\/geologia\\\/2024\\\/10\\\/09\\\/23a-semana-nacional-de-ciencia-e-tecnologia\\\/#respond\"]}]},{\"@type\":\"WebPage\",\"@id\":\"https:\\\/\\\/cursos.ufrrj.br\\\/grad\\\/geologia\\\/2024\\\/10\\\/09\\\/23a-semana-nacional-de-ciencia-e-tecnologia\\\/\",\"url\":\"https:\\\/\\\/cursos.ufrrj.br\\\/grad\\\/geologia\\\/2024\\\/10\\\/09\\\/23a-semana-nacional-de-ciencia-e-tecnologia\\\/\",\"name\":\"23\u00aa Semana Nacional de Ci\u00eancia e Tecnologia - Geologia\",\"isPartOf\":{\"@id\":\"https:\\\/\\\/cursos.ufrrj.br\\\/grad\\\/geologia\\\/#website\"},\"primaryImageOfPage\":{\"@id\":\"https:\\\/\\\/cursos.ufrrj.br\\\/grad\\\/geologia\\\/2024\\\/10\\\/09\\\/23a-semana-nacional-de-ciencia-e-tecnologia\\\/#primaryimage\"},\"image\":{\"@id\":\"https:\\\/\\\/cursos.ufrrj.br\\\/grad\\\/geologia\\\/2024\\\/10\\\/09\\\/23a-semana-nacional-de-ciencia-e-tecnologia\\\/#primaryimage\"},\"thumbnailUrl\":\"https:\\\/\\\/cursos.ufrrj.br\\\/grad\\\/geologia\\\/files\\\/2024\\\/10\\\/BANNER_SNCT2024.png\",\"datePublished\":\"2024-10-09T12:38:37+00:00\",\"dateModified\":\"2026-09-05T21:05:01+00:00\",\"author\":{\"@id\":\"https:\\\/\\\/cursos.ufrrj.br\\\/grad\\\/geologia\\\/#\\\/schema\\\/person\\\/18fc529c5d1c9a1920804946ed5d283d\"},\"breadcrumb\":{\"@id\":\"https:\\\/\\\/cursos.ufrrj.br\\\/grad\\\/geologia\\\/2024\\\/10\\\/09\\\/23a-semana-nacional-de-ciencia-e-tecnologia\\\/#breadcrumb\"},\"inLanguage\":\"pt-BR\",\"potentialAction\":[{\"@type\":\"ReadAction\",\"target\":[\"https:\\\/\\\/cursos.ufrrj.br\\\/grad\\\/geologia\\\/2024\\\/10\\\/09\\\/23a-semana-nacional-de-ciencia-e-tecnologia\\\/\"]}]},{\"@type\":\"ImageObject\",\"inLanguage\":\"pt-BR\",\"@id\":\"https:\\\/\\\/cursos.ufrrj.br\\\/grad\\\/geologia\\\/2024\\\/10\\\/09\\\/23a-semana-nacional-de-ciencia-e-tecnologia\\\/#primaryimage\",\"url\":\"https:\\\/\\\/cursos.ufrrj.br\\\/grad\\\/geologia\\\/files\\\/2024\\\/10\\\/BANNER_SNCT2024.png\",\"contentUrl\":\"https:\\\/\\\/cursos.ufrrj.br\\\/grad\\\/geologia\\\/files\\\/2024\\\/10\\\/BANNER_SNCT2024.png\",\"width\":1111,\"height\":301},{\"@type\":\"BreadcrumbList\",\"@id\":\"https:\\\/\\\/cursos.ufrrj.br\\\/grad\\\/geologia\\\/2024\\\/10\\\/09\\\/23a-semana-nacional-de-ciencia-e-tecnologia\\\/#breadcrumb\",\"itemListElement\":[{\"@type\":\"ListItem\",\"position\":1,\"name\":\"In\u00edcio\",\"item\":\"https:\\\/\\\/cursos.ufrrj.br\\\/grad\\\/geologia\\\/\"},{\"@type\":\"ListItem\",\"position\":2,\"name\":\"23\u00aa Semana Nacional de Ci\u00eancia e Tecnologia\"}]},{\"@type\":\"WebSite\",\"@id\":\"https:\\\/\\\/cursos.ufrrj.br\\\/grad\\\/geologia\\\/#website\",\"url\":\"https:\\\/\\\/cursos.ufrrj.br\\\/grad\\\/geologia\\\/\",\"name\":\"Geologia\",\"description\":\"CAMPUS SEROP\u00c9DICA - UFRRJ\",\"potentialAction\":[{\"@type\":\"SearchAction\",\"target\":{\"@type\":\"EntryPoint\",\"urlTemplate\":\"https:\\\/\\\/cursos.ufrrj.br\\\/grad\\\/geologia\\\/?s={search_term_string}\"},\"query-input\":{\"@type\":\"PropertyValueSpecification\",\"valueRequired\":true,\"valueName\":\"search_term_string\"}}],\"inLanguage\":\"pt-BR\"},{\"@type\":\"Person\",\"@id\":\"https:\\\/\\\/cursos.ufrrj.br\\\/grad\\\/geologia\\\/#\\\/schema\\\/person\\\/18fc529c5d1c9a1920804946ed5d283d\",\"name\":\"marilenesilva\",\"image\":{\"@type\":\"ImageObject\",\"inLanguage\":\"pt-BR\",\"@id\":\"https:\\\/\\\/secure.gravatar.com\\\/avatar\\\/4ba3ca258c0e40086a2475adaab6f905efa3d3f271237bd7bd33ce08a067d5e9?s=96&d=mm&r=g\",\"url\":\"https:\\\/\\\/secure.gravatar.com\\\/avatar\\\/4ba3ca258c0e40086a2475adaab6f905efa3d3f271237bd7bd33ce08a067d5e9?s=96&d=mm&r=g\",\"contentUrl\":\"https:\\\/\\\/secure.gravatar.com\\\/avatar\\\/4ba3ca258c0e40086a2475adaab6f905efa3d3f271237bd7bd33ce08a067d5e9?s=96&d=mm&r=g\",\"caption\":\"marilenesilva\"},\"url\":\"https:\\\/\\\/cursos.ufrrj.br\\\/grad\\\/geologia\\\/author\\\/marilenesilva\\\/\"}]}<\/script>\n<!-- \/ Yoast SEO plugin. -->","yoast_head_json":{"title":"23\u00aa Semana Nacional de Ci\u00eancia e Tecnologia - Geologia","robots":{"index":"index","follow":"follow","max-snippet":"max-snippet:-1","max-image-preview":"max-image-preview:large","max-video-preview":"max-video-preview:-1"},"canonical":"https:\/\/cursos.ufrrj.br\/grad\/geologia\/2024\/10\/09\/23a-semana-nacional-de-ciencia-e-tecnologia\/","og_locale":"pt_BR","og_type":"article","og_title":"23\u00aa Semana Nacional de Ci\u00eancia e Tecnologia - Geologia","og_description":"&nbsp; Mais informa\u00e7\u00f5es: https:\/\/snct.im.ufrrj.br\/","og_url":"https:\/\/cursos.ufrrj.br\/grad\/geologia\/2024\/10\/09\/23a-semana-nacional-de-ciencia-e-tecnologia\/","og_site_name":"Geologia","article_published_time":"2024-10-09T12:38:37+00:00","article_modified_time":"2026-09-05T21:05:01+00:00","og_image":[{"width":1111,"height":301,"url":"https:\/\/cursos.ufrrj.br\/grad\/geologia\/files\/2024\/10\/BANNER_SNCT2024.png","type":"image\/png"}],"author":"marilenesilva","twitter_card":"summary_large_image","twitter_misc":{"Escrito por":"marilenesilva","Est. tempo de leitura":"1 minuto"},"schema":{"@context":"https:\/\/schema.org","@graph":[{"@type":"Article","@id":"https:\/\/cursos.ufrrj.br\/grad\/geologia\/2024\/10\/09\/23a-semana-nacional-de-ciencia-e-tecnologia\/#article","isPartOf":{"@id":"https:\/\/cursos.ufrrj.br\/grad\/geologia\/2024\/10\/09\/23a-semana-nacional-de-ciencia-e-tecnologia\/"},"author":{"name":"marilenesilva","@id":"https:\/\/cursos.ufrrj.br\/grad\/geologia\/#\/schema\/person\/18fc529c5d1c9a1920804946ed5d283d"},"headline":"23\u00aa Semana Nacional de Ci\u00eancia e Tecnologia","datePublished":"2024-10-09T12:38:37+00:00","dateModified":"2026-09-05T21:05:01+00:00","mainEntityOfPage":{"@id":"https:\/\/cursos.ufrrj.br\/grad\/geologia\/2024\/10\/09\/23a-semana-nacional-de-ciencia-e-tecnologia\/"},"wordCount":16,"commentCount":0,"image":{"@id":"https:\/\/cursos.ufrrj.br\/grad\/geologia\/2024\/10\/09\/23a-semana-nacional-de-ciencia-e-tecnologia\/#primaryimage"},"thumbnailUrl":"https:\/\/cursos.ufrrj.br\/grad\/geologia\/files\/2024\/10\/BANNER_SNCT2024.png","articleSection":["Not\u00edcias"],"inLanguage":"pt-BR","potentialAction":[{"@type":"CommentAction","name":"Comment","target":["https:\/\/cursos.ufrrj.br\/grad\/geologia\/2024\/10\/09\/23a-semana-nacional-de-ciencia-e-tecnologia\/#respond"]}]},{"@type":"WebPage","@id":"https:\/\/cursos.ufrrj.br\/grad\/geologia\/2024\/10\/09\/23a-semana-nacional-de-ciencia-e-tecnologia\/","url":"https:\/\/cursos.ufrrj.br\/grad\/geologia\/2024\/10\/09\/23a-semana-nacional-de-ciencia-e-tecnologia\/","name":"23\u00aa Semana Nacional de Ci\u00eancia e Tecnologia - Geologia","isPartOf":{"@id":"https:\/\/cursos.ufrrj.br\/grad\/geologia\/#website"},"primaryImageOfPage":{"@id":"https:\/\/cursos.ufrrj.br\/grad\/geologia\/2024\/10\/09\/23a-semana-nacional-de-ciencia-e-tecnologia\/#primaryimage"},"image":{"@id":"https:\/\/cursos.ufrrj.br\/grad\/geologia\/2024\/10\/09\/23a-semana-nacional-de-ciencia-e-tecnologia\/#primaryimage"},"thumbnailUrl":"https:\/\/cursos.ufrrj.br\/grad\/geologia\/files\/2024\/10\/BANNER_SNCT2024.png","datePublished":"2024-10-09T12:38:37+00:00","dateModified":"2026-09-05T21:05:01+00:00","author":{"@id":"https:\/\/cursos.ufrrj.br\/grad\/geologia\/#\/schema\/person\/18fc529c5d1c9a1920804946ed5d283d"},"breadcrumb":{"@id":"https:\/\/cursos.ufrrj.br\/grad\/geologia\/2024\/10\/09\/23a-semana-nacional-de-ciencia-e-tecnologia\/#breadcrumb"},"inLanguage":"pt-BR","potentialAction":[{"@type":"ReadAction","target":["https:\/\/cursos.ufrrj.br\/grad\/geologia\/2024\/10\/09\/23a-semana-nacional-de-ciencia-e-tecnologia\/"]}]},{"@type":"ImageObject","inLanguage":"pt-BR","@id":"https:\/\/cursos.ufrrj.br\/grad\/geologia\/2024\/10\/09\/23a-semana-nacional-de-ciencia-e-tecnologia\/#primaryimage","url":"https:\/\/cursos.ufrrj.br\/grad\/geologia\/files\/2024\/10\/BANNER_SNCT2024.png","contentUrl":"https:\/\/cursos.ufrrj.br\/grad\/geologia\/files\/2024\/10\/BANNER_SNCT2024.png","width":1111,"height":301},{"@type":"BreadcrumbList","@id":"https:\/\/cursos.ufrrj.br\/grad\/geologia\/2024\/10\/09\/23a-semana-nacional-de-ciencia-e-tecnologia\/#breadcrumb","itemListElement":[{"@type":"ListItem","position":1,"name":"In\u00edcio","item":"https:\/\/cursos.ufrrj.br\/grad\/geologia\/"},{"@type":"ListItem","position":2,"name":"23\u00aa Semana Nacional de Ci\u00eancia e Tecnologia"}]},{"@type":"WebSite","@id":"https:\/\/cursos.ufrrj.br\/grad\/geologia\/#website","url":"https:\/\/cursos.ufrrj.br\/grad\/geologia\/","name":"Geologia","description":"CAMPUS SEROP\u00c9DICA - UFRRJ","potentialAction":[{"@type":"SearchAction","target":{"@type":"EntryPoint","urlTemplate":"https:\/\/cursos.ufrrj.br\/grad\/geologia\/?s={search_term_string}"},"query-input":{"@type":"PropertyValueSpecification","valueRequired":true,"valueName":"search_term_string"}}],"inLanguage":"pt-BR"},{"@type":"Person","@id":"https:\/\/cursos.ufrrj.br\/grad\/geologia\/#\/schema\/person\/18fc529c5d1c9a1920804946ed5d283d","name":"marilenesilva","image":{"@type":"ImageObject","inLanguage":"pt-BR","@id":"https:\/\/secure.gravatar.com\/avatar\/4ba3ca258c0e40086a2475adaab6f905efa3d3f271237bd7bd33ce08a067d5e9?s=96&d=mm&r=g","url":"https:\/\/secure.gravatar.com\/avatar\/4ba3ca258c0e40086a2475adaab6f905efa3d3f271237bd7bd33ce08a067d5e9?s=96&d=mm&r=g","contentUrl":"https:\/\/secure.gravatar.com\/avatar\/4ba3ca258c0e40086a2475adaab6f905efa3d3f271237bd7bd33ce08a067d5e9?s=96&d=mm&r=g","caption":"marilenesilva"},"url":"https:\/\/cursos.ufrrj.br\/grad\/geologia\/author\/marilenesilva\/"}]}},"acf":[],"_links":{"self":[{"href":"https:\/\/cursos.ufrrj.br\/grad\/geologia\/wp-json\/wp\/v2\/posts\/687","targetHints":{"allow":["GET"]}}],"collection":[{"href":"https:\/\/cursos.ufrrj.br\/grad\/geologia\/wp-json\/wp\/v2\/posts"}],"about":[{"href":"https:\/\/cursos.ufrrj.br\/grad\/geologia\/wp-json\/wp\/v2\/types\/post"}],"author":[{"embeddable":true,"href":"https:\/\/cursos.ufrrj.br\/grad\/geologia\/wp-json\/wp\/v2\/users\/210"}],"replies":[{"embeddable":true,"href":"https:\/\/cursos.ufrrj.br\/grad\/geologia\/wp-json\/wp\/v2\/comments?post=687"}],"version-history":[{"count":3,"href":"https:\/\/cursos.ufrrj.br\/grad\/geologia\/wp-json\/wp\/v2\/posts\/687\/revisions"}],"predecessor-version":[{"id":708,"href":"https:\/\/cursos.ufrrj.br\/grad\/geologia\/wp-json\/wp\/v2\/posts\/687\/revisions\/708"}],"wp:featuredmedia":[{"embeddable":true,"href":"https:\/\/cursos.ufrrj.br\/grad\/geologia\/wp-json\/wp\/v2\/media\/688"}],"wp:attachment":[{"href":"https:\/\/cursos.ufrrj.br\/grad\/geologia\/wp-json\/wp\/v2\/media?parent=687"}],"wp:term":[{"taxonomy":"category","embeddable":true,"href":"https:\/\/cursos.ufrrj.br\/grad\/geologia\/wp-json\/wp\/v2\/categories?post=687"},{"taxonomy":"post_tag","embeddable":true,"href":"https:\/\/cursos.ufrrj.br\/grad\/geologia\/wp-json\/wp\/v2\/tags?post=687"}],"curies":[{"name":"wp","href":"https:\/\/api.w.org\/{rel}","templated":true}]}}