{"id":698,"date":"2018-01-17T17:12:37","date_gmt":"2018-01-17T17:12:37","guid":{"rendered":"http:\/\/cursos.ufrrj.br\/grad\/fisica\/?p=698"},"modified":"2018-01-17T17:12:37","modified_gmt":"2018-01-17T17:12:37","slug":"31a-semana-do-medico-veterinario-semev","status":"publish","type":"post","link":"https:\/\/cursos.ufrrj.br\/grad\/fisica\/31a-semana-do-medico-veterinario-semev\/","title":{"rendered":"31\u00aa Semana do M\u00e9dico Veterin\u00e1rio (Semev)"},"content":{"rendered":"","protected":false},"excerpt":{"rendered":"","protected":false},"author":1,"featured_media":0,"comment_status":"open","ping_status":"open","sticky":false,"template":"","format":"standard","meta":{"_acf_changed":false,"ngg_post_thumbnail":0,"footnotes":"","_links_to":"","_links_to_target":""},"categories":[8],"tags":[],"class_list":["post-698","post","type-post","status-publish","format-standard","hentry","category-eventos"],"yoast_head":"<!-- This site is optimized with the Yoast SEO plugin v28.3 - https:\/\/yoast.com\/product\/yoast-seo-wordpress\/ -->\n<title>31\u00aa Semana do M\u00e9dico Veterin\u00e1rio (Semev) - Curso de F\u00edsica<\/title>\n<meta name=\"robots\" content=\"index, follow, max-snippet:-1, max-image-preview:large, max-video-preview:-1\" \/>\n<link rel=\"canonical\" href=\"https:\/\/cursos.ufrrj.br\/grad\/fisica\/31a-semana-do-medico-veterinario-semev\/\" \/>\n<meta property=\"og:locale\" content=\"pt_BR\" \/>\n<meta property=\"og:type\" content=\"article\" \/>\n<meta property=\"og:title\" content=\"31\u00aa Semana do M\u00e9dico Veterin\u00e1rio (Semev) - Curso de F\u00edsica\" \/>\n<meta property=\"og:url\" content=\"https:\/\/cursos.ufrrj.br\/grad\/fisica\/31a-semana-do-medico-veterinario-semev\/\" \/>\n<meta property=\"og:site_name\" content=\"Curso de F\u00edsica\" \/>\n<meta property=\"article:published_time\" content=\"2018-01-17T17:12:37+00:00\" \/>\n<meta name=\"twitter:card\" content=\"summary_large_image\" \/>\n<meta name=\"twitter:label1\" content=\"Escrito por\" \/>\n\t<meta name=\"twitter:data1\" content=\"\" \/>\n<script type=\"application\/ld+json\" class=\"yoast-schema-graph\">{\"@context\":\"https:\\\/\\\/schema.org\",\"@graph\":[{\"@type\":\"Article\",\"@id\":\"https:\\\/\\\/cursos.ufrrj.br\\\/grad\\\/fisica\\\/31a-semana-do-medico-veterinario-semev\\\/#article\",\"isPartOf\":{\"@id\":\"https:\\\/\\\/cursos.ufrrj.br\\\/grad\\\/fisica\\\/31a-semana-do-medico-veterinario-semev\\\/\"},\"author\":{\"name\":\"\",\"@id\":\"\"},\"headline\":\"31\u00aa Semana do M\u00e9dico Veterin\u00e1rio (Semev)\",\"datePublished\":\"2018-01-17T17:12:37+00:00\",\"mainEntityOfPage\":{\"@id\":\"https:\\\/\\\/cursos.ufrrj.br\\\/grad\\\/fisica\\\/31a-semana-do-medico-veterinario-semev\\\/\"},\"wordCount\":7,\"commentCount\":0,\"articleSection\":[\"Eventos\"],\"inLanguage\":\"pt-BR\",\"potentialAction\":[{\"@type\":\"CommentAction\",\"name\":\"Comment\",\"target\":[\"https:\\\/\\\/cursos.ufrrj.br\\\/grad\\\/fisica\\\/31a-semana-do-medico-veterinario-semev\\\/#respond\"]}]},{\"@type\":\"WebPage\",\"@id\":\"https:\\\/\\\/cursos.ufrrj.br\\\/grad\\\/fisica\\\/31a-semana-do-medico-veterinario-semev\\\/\",\"url\":\"https:\\\/\\\/cursos.ufrrj.br\\\/grad\\\/fisica\\\/31a-semana-do-medico-veterinario-semev\\\/\",\"name\":\"31\u00aa Semana do M\u00e9dico Veterin\u00e1rio (Semev) - Curso de F\u00edsica\",\"isPartOf\":{\"@id\":\"https:\\\/\\\/cursos.ufrrj.br\\\/grad\\\/fisica\\\/#website\"},\"datePublished\":\"2018-01-17T17:12:37+00:00\",\"author\":{\"@id\":\"\"},\"breadcrumb\":{\"@id\":\"https:\\\/\\\/cursos.ufrrj.br\\\/grad\\\/fisica\\\/31a-semana-do-medico-veterinario-semev\\\/#breadcrumb\"},\"inLanguage\":\"pt-BR\",\"potentialAction\":[{\"@type\":\"ReadAction\",\"target\":[\"https:\\\/\\\/cursos.ufrrj.br\\\/grad\\\/fisica\\\/31a-semana-do-medico-veterinario-semev\\\/\"]}]},{\"@type\":\"BreadcrumbList\",\"@id\":\"https:\\\/\\\/cursos.ufrrj.br\\\/grad\\\/fisica\\\/31a-semana-do-medico-veterinario-semev\\\/#breadcrumb\",\"itemListElement\":[{\"@type\":\"ListItem\",\"position\":1,\"name\":\"In\u00edcio\",\"item\":\"https:\\\/\\\/cursos.ufrrj.br\\\/grad\\\/fisica\\\/\"},{\"@type\":\"ListItem\",\"position\":2,\"name\":\"31\u00aa Semana do M\u00e9dico Veterin\u00e1rio (Semev)\"}]},{\"@type\":\"WebSite\",\"@id\":\"https:\\\/\\\/cursos.ufrrj.br\\\/grad\\\/fisica\\\/#website\",\"url\":\"https:\\\/\\\/cursos.ufrrj.br\\\/grad\\\/fisica\\\/\",\"name\":\"Curso de F\u00edsica\",\"description\":\"Universidade Federal Rural do Rio de Janeiro \u2013 UFRRJ\",\"potentialAction\":[{\"@type\":\"SearchAction\",\"target\":{\"@type\":\"EntryPoint\",\"urlTemplate\":\"https:\\\/\\\/cursos.ufrrj.br\\\/grad\\\/fisica\\\/?s={search_term_string}\"},\"query-input\":{\"@type\":\"PropertyValueSpecification\",\"valueRequired\":true,\"valueName\":\"search_term_string\"}}],\"inLanguage\":\"pt-BR\"},{\"@type\":\"Person\",\"@id\":\"\",\"url\":\"https:\\\/\\\/cursos.ufrrj.br\\\/grad\\\/fisica\\\/author\\\/\"}]}<\/script>\n<!-- \/ Yoast SEO plugin. -->","yoast_head_json":{"title":"31\u00aa Semana do M\u00e9dico Veterin\u00e1rio (Semev) - Curso de F\u00edsica","robots":{"index":"index","follow":"follow","max-snippet":"max-snippet:-1","max-image-preview":"max-image-preview:large","max-video-preview":"max-video-preview:-1"},"canonical":"https:\/\/cursos.ufrrj.br\/grad\/fisica\/31a-semana-do-medico-veterinario-semev\/","og_locale":"pt_BR","og_type":"article","og_title":"31\u00aa Semana do M\u00e9dico Veterin\u00e1rio (Semev) - Curso de F\u00edsica","og_url":"https:\/\/cursos.ufrrj.br\/grad\/fisica\/31a-semana-do-medico-veterinario-semev\/","og_site_name":"Curso de F\u00edsica","article_published_time":"2018-01-17T17:12:37+00:00","twitter_card":"summary_large_image","twitter_misc":{"Escrito por":""},"schema":{"@context":"https:\/\/schema.org","@graph":[{"@type":"Article","@id":"https:\/\/cursos.ufrrj.br\/grad\/fisica\/31a-semana-do-medico-veterinario-semev\/#article","isPartOf":{"@id":"https:\/\/cursos.ufrrj.br\/grad\/fisica\/31a-semana-do-medico-veterinario-semev\/"},"author":{"name":"","@id":""},"headline":"31\u00aa Semana do M\u00e9dico Veterin\u00e1rio (Semev)","datePublished":"2018-01-17T17:12:37+00:00","mainEntityOfPage":{"@id":"https:\/\/cursos.ufrrj.br\/grad\/fisica\/31a-semana-do-medico-veterinario-semev\/"},"wordCount":7,"commentCount":0,"articleSection":["Eventos"],"inLanguage":"pt-BR","potentialAction":[{"@type":"CommentAction","name":"Comment","target":["https:\/\/cursos.ufrrj.br\/grad\/fisica\/31a-semana-do-medico-veterinario-semev\/#respond"]}]},{"@type":"WebPage","@id":"https:\/\/cursos.ufrrj.br\/grad\/fisica\/31a-semana-do-medico-veterinario-semev\/","url":"https:\/\/cursos.ufrrj.br\/grad\/fisica\/31a-semana-do-medico-veterinario-semev\/","name":"31\u00aa Semana do M\u00e9dico Veterin\u00e1rio (Semev) - Curso de F\u00edsica","isPartOf":{"@id":"https:\/\/cursos.ufrrj.br\/grad\/fisica\/#website"},"datePublished":"2018-01-17T17:12:37+00:00","author":{"@id":""},"breadcrumb":{"@id":"https:\/\/cursos.ufrrj.br\/grad\/fisica\/31a-semana-do-medico-veterinario-semev\/#breadcrumb"},"inLanguage":"pt-BR","potentialAction":[{"@type":"ReadAction","target":["https:\/\/cursos.ufrrj.br\/grad\/fisica\/31a-semana-do-medico-veterinario-semev\/"]}]},{"@type":"BreadcrumbList","@id":"https:\/\/cursos.ufrrj.br\/grad\/fisica\/31a-semana-do-medico-veterinario-semev\/#breadcrumb","itemListElement":[{"@type":"ListItem","position":1,"name":"In\u00edcio","item":"https:\/\/cursos.ufrrj.br\/grad\/fisica\/"},{"@type":"ListItem","position":2,"name":"31\u00aa Semana do M\u00e9dico Veterin\u00e1rio (Semev)"}]},{"@type":"WebSite","@id":"https:\/\/cursos.ufrrj.br\/grad\/fisica\/#website","url":"https:\/\/cursos.ufrrj.br\/grad\/fisica\/","name":"Curso de F\u00edsica","description":"Universidade Federal Rural do Rio de Janeiro \u2013 UFRRJ","potentialAction":[{"@type":"SearchAction","target":{"@type":"EntryPoint","urlTemplate":"https:\/\/cursos.ufrrj.br\/grad\/fisica\/?s={search_term_string}"},"query-input":{"@type":"PropertyValueSpecification","valueRequired":true,"valueName":"search_term_string"}}],"inLanguage":"pt-BR"},{"@type":"Person","@id":"","url":"https:\/\/cursos.ufrrj.br\/grad\/fisica\/author\/"}]}},"acf":[],"_links":{"self":[{"href":"https:\/\/cursos.ufrrj.br\/grad\/fisica\/wp-json\/wp\/v2\/posts\/698","targetHints":{"allow":["GET"]}}],"collection":[{"href":"https:\/\/cursos.ufrrj.br\/grad\/fisica\/wp-json\/wp\/v2\/posts"}],"about":[{"href":"https:\/\/cursos.ufrrj.br\/grad\/fisica\/wp-json\/wp\/v2\/types\/post"}],"author":[{"embeddable":true,"href":"https:\/\/cursos.ufrrj.br\/grad\/fisica\/wp-json\/wp\/v2\/users\/1"}],"replies":[{"embeddable":true,"href":"https:\/\/cursos.ufrrj.br\/grad\/fisica\/wp-json\/wp\/v2\/comments?post=698"}],"version-history":[{"count":1,"href":"https:\/\/cursos.ufrrj.br\/grad\/fisica\/wp-json\/wp\/v2\/posts\/698\/revisions"}],"predecessor-version":[{"id":699,"href":"https:\/\/cursos.ufrrj.br\/grad\/fisica\/wp-json\/wp\/v2\/posts\/698\/revisions\/699"}],"wp:attachment":[{"href":"https:\/\/cursos.ufrrj.br\/grad\/fisica\/wp-json\/wp\/v2\/media?parent=698"}],"wp:term":[{"taxonomy":"category","embeddable":true,"href":"https:\/\/cursos.ufrrj.br\/grad\/fisica\/wp-json\/wp\/v2\/categories?post=698"},{"taxonomy":"post_tag","embeddable":true,"href":"https:\/\/cursos.ufrrj.br\/grad\/fisica\/wp-json\/wp\/v2\/tags?post=698"}],"curies":[{"name":"wp","href":"https:\/\/api.w.org\/{rel}","templated":true}]}}