{"id":615,"date":"2026-08-31T22:23:56","date_gmt":"2026-08-31T22:23:56","guid":{"rendered":"https:\/\/cursos.ufrrj.br\/grad\/direitoni\/?p=615"},"modified":"2026-08-31T22:23:56","modified_gmt":"2026-08-31T22:23:56","slug":"equipe-da-ufrrj-avanca-na-9a-competicao-brasileira-de-processo-do-ibdp","status":"publish","type":"post","link":"https:\/\/cursos.ufrrj.br\/grad\/direitoni\/2026\/08\/31\/equipe-da-ufrrj-avanca-na-9a-competicao-brasileira-de-processo-do-ibdp\/","title":{"rendered":"Equipe da UFRRJ avan\u00e7a na 9\u00aa Competi\u00e7\u00e3o Brasileira de Processo do IBDP"},"content":{"rendered":"<div id=\"attachment_616\" style=\"width: 310px\" class=\"wp-caption alignnone\"><a href=\"https:\/\/cursos.ufrrj.br\/grad\/direitoni\/files\/2026\/08\/IMG_8107.jpeg\"><img loading=\"lazy\" decoding=\"async\" aria-describedby=\"caption-attachment-616\" class=\"size-medium wp-image-616\" src=\"https:\/\/cursos.ufrrj.br\/grad\/direitoni\/files\/2026\/08\/IMG_8107-300x270.jpeg\" alt=\"\" width=\"300\" height=\"270\" srcset=\"https:\/\/cursos.ufrrj.br\/grad\/direitoni\/files\/2026\/08\/IMG_8107-300x270.jpeg 300w, https:\/\/cursos.ufrrj.br\/grad\/direitoni\/files\/2026\/08\/IMG_8107-1024x922.jpeg 1024w, https:\/\/cursos.ufrrj.br\/grad\/direitoni\/files\/2026\/08\/IMG_8107-768x691.jpeg 768w, https:\/\/cursos.ufrrj.br\/grad\/direitoni\/files\/2026\/08\/IMG_8107.jpeg 1179w\" sizes=\"auto, (max-width: 300px) 100vw, 300px\" \/><\/a><p id=\"caption-attachment-616\" class=\"wp-caption-text\">Screenshot<\/p><\/div>\n<div id=\"attachment_617\" style=\"width: 253px\" class=\"wp-caption alignnone\"><a href=\"https:\/\/cursos.ufrrj.br\/grad\/direitoni\/files\/2026\/08\/IMG_8106.jpeg\"><img loading=\"lazy\" decoding=\"async\" aria-describedby=\"caption-attachment-617\" class=\"size-medium wp-image-617\" src=\"https:\/\/cursos.ufrrj.br\/grad\/direitoni\/files\/2026\/08\/IMG_8106-243x300.jpeg\" alt=\"\" width=\"243\" height=\"300\" srcset=\"https:\/\/cursos.ufrrj.br\/grad\/direitoni\/files\/2026\/08\/IMG_8106-243x300.jpeg 243w, https:\/\/cursos.ufrrj.br\/grad\/direitoni\/files\/2026\/08\/IMG_8106-831x1024.jpeg 831w, https:\/\/cursos.ufrrj.br\/grad\/direitoni\/files\/2026\/08\/IMG_8106-768x946.jpeg 768w, https:\/\/cursos.ufrrj.br\/grad\/direitoni\/files\/2026\/08\/IMG_8106.jpeg 1179w\" sizes=\"auto, (max-width: 243px) 100vw, 243px\" \/><\/a><p id=\"caption-attachment-617\" class=\"wp-caption-text\">Screenshot<\/p><\/div>\n<h3>Equipe da Universidade Federal do Rio de Janeiro do IM \u00e9 classificada para a fase oral da 9\u00aa Competi\u00e7\u00e3o de Processo Civil do IBDP<\/h3>\n<p class=\"isSelectedEnd\">A equipe da UFRRJ- IM foi classificada para a pr\u00f3xima etapa da <strong>9\u00aa Competi\u00e7\u00e3o de Processo Civil do Instituto Brasileiro de Direito Processual (IBDP)<\/strong>, avan\u00e7ando para a <strong>fase oral da competi\u00e7\u00e3o<\/strong>.<\/p>\n<p>Parab\u00e9ns aos alunos e aos Professores orientadores Dr. Alexandre Catharina e Quellen Freitas.<\/p>\n<p>Link: https:\/\/www.instagram.com\/p\/Dct56eIGwxP\/?img_index=1&amp;igsi=a3VuMnpjd3M2andy<\/p>\n<p>&nbsp;<\/p>\n<p>&nbsp;<\/p>\n","protected":false},"excerpt":{"rendered":"<p>Equipe da Universidade Federal do Rio de Janeiro do IM \u00e9 classificada para a fase oral da 9\u00aa Competi\u00e7\u00e3o de <a class=\"read-more\" href=\"https:\/\/cursos.ufrrj.br\/grad\/direitoni\/2026\/08\/31\/equipe-da-ufrrj-avanca-na-9a-competicao-brasileira-de-processo-do-ibdp\/ \" >&#8230; <span class=\"font-italic\">leia mais <i class=\"fas fa-angle-right\"><\/i><\/span><\/a><\/p>\n","protected":false},"author":40,"featured_media":498,"comment_status":"open","ping_status":"open","sticky":false,"template":"","format":"standard","meta":{"_acf_changed":false,"ngg_post_thumbnail":0,"footnotes":"","_links_to":"","_links_to_target":""},"categories":[2],"tags":[],"class_list":["post-615","post","type-post","status-publish","format-standard","has-post-thumbnail","hentry","category-noticias"],"yoast_head":"<!-- This site is optimized with the Yoast SEO plugin v28.3 - https:\/\/yoast.com\/product\/yoast-seo-wordpress\/ -->\n<title>Equipe da UFRRJ avan\u00e7a na 9\u00aa Competi\u00e7\u00e3o Brasileira de Processo do IBDP - Gradua\u00e7\u00e3o em Direito<\/title>\n<meta name=\"robots\" content=\"index, follow, max-snippet:-1, max-image-preview:large, max-video-preview:-1\" \/>\n<link rel=\"canonical\" href=\"https:\/\/cursos.ufrrj.br\/grad\/direitoni\/2026\/08\/31\/equipe-da-ufrrj-avanca-na-9a-competicao-brasileira-de-processo-do-ibdp\/\" \/>\n<meta property=\"og:locale\" content=\"pt_BR\" \/>\n<meta property=\"og:type\" content=\"article\" \/>\n<meta property=\"og:title\" content=\"Equipe da UFRRJ avan\u00e7a na 9\u00aa Competi\u00e7\u00e3o Brasileira de Processo do IBDP - Gradua\u00e7\u00e3o em Direito\" \/>\n<meta property=\"og:description\" content=\"Equipe da Universidade Federal do Rio de Janeiro do IM \u00e9 classificada para a fase oral da 9\u00aa Competi\u00e7\u00e3o de ... leia mais\" \/>\n<meta property=\"og:url\" content=\"https:\/\/cursos.ufrrj.br\/grad\/direitoni\/2026\/08\/31\/equipe-da-ufrrj-avanca-na-9a-competicao-brasileira-de-processo-do-ibdp\/\" \/>\n<meta property=\"og:site_name\" content=\"Gradua\u00e7\u00e3o em Direito\" \/>\n<meta property=\"article:published_time\" content=\"2026-08-31T22:23:56+00:00\" \/>\n<meta property=\"og:image\" content=\"https:\/\/cursos.ufrrj.br\/grad\/direitoni\/files\/2021\/12\/card_atencao2-300x151-1.jpg\" \/>\n\t<meta property=\"og:image:width\" content=\"300\" \/>\n\t<meta property=\"og:image:height\" content=\"151\" \/>\n\t<meta property=\"og:image:type\" content=\"image\/jpeg\" \/>\n<meta name=\"author\" content=\"direitoni\" \/>\n<meta name=\"twitter:card\" content=\"summary_large_image\" \/>\n<meta name=\"twitter:label1\" content=\"Escrito por\" \/>\n\t<meta name=\"twitter:data1\" content=\"direitoni\" \/>\n\t<meta name=\"twitter:label2\" content=\"Est. tempo de leitura\" \/>\n\t<meta name=\"twitter:data2\" content=\"1 minuto\" \/>\n<script type=\"application\/ld+json\" class=\"yoast-schema-graph\">{\"@context\":\"https:\\\/\\\/schema.org\",\"@graph\":[{\"@type\":\"Article\",\"@id\":\"https:\\\/\\\/cursos.ufrrj.br\\\/grad\\\/direitoni\\\/2026\\\/08\\\/31\\\/equipe-da-ufrrj-avanca-na-9a-competicao-brasileira-de-processo-do-ibdp\\\/#article\",\"isPartOf\":{\"@id\":\"https:\\\/\\\/cursos.ufrrj.br\\\/grad\\\/direitoni\\\/2026\\\/08\\\/31\\\/equipe-da-ufrrj-avanca-na-9a-competicao-brasileira-de-processo-do-ibdp\\\/\"},\"author\":{\"name\":\"direitoni\",\"@id\":\"https:\\\/\\\/cursos.ufrrj.br\\\/grad\\\/direitoni\\\/#\\\/schema\\\/person\\\/a03e7b0efe955cc5b4ae21516e0b5988\"},\"headline\":\"Equipe da UFRRJ avan\u00e7a na 9\u00aa Competi\u00e7\u00e3o Brasileira de Processo do IBDP\",\"datePublished\":\"2026-08-31T22:23:56+00:00\",\"mainEntityOfPage\":{\"@id\":\"https:\\\/\\\/cursos.ufrrj.br\\\/grad\\\/direitoni\\\/2026\\\/08\\\/31\\\/equipe-da-ufrrj-avanca-na-9a-competicao-brasileira-de-processo-do-ibdp\\\/\"},\"wordCount\":118,\"commentCount\":0,\"image\":{\"@id\":\"https:\\\/\\\/cursos.ufrrj.br\\\/grad\\\/direitoni\\\/2026\\\/08\\\/31\\\/equipe-da-ufrrj-avanca-na-9a-competicao-brasileira-de-processo-do-ibdp\\\/#primaryimage\"},\"thumbnailUrl\":\"https:\\\/\\\/cursos.ufrrj.br\\\/grad\\\/direitoni\\\/files\\\/2021\\\/12\\\/card_atencao2-300x151-1.jpg\",\"articleSection\":[\"Not\u00edcias\"],\"inLanguage\":\"pt-BR\",\"potentialAction\":[{\"@type\":\"CommentAction\",\"name\":\"Comment\",\"target\":[\"https:\\\/\\\/cursos.ufrrj.br\\\/grad\\\/direitoni\\\/2026\\\/08\\\/31\\\/equipe-da-ufrrj-avanca-na-9a-competicao-brasileira-de-processo-do-ibdp\\\/#respond\"]}]},{\"@type\":\"WebPage\",\"@id\":\"https:\\\/\\\/cursos.ufrrj.br\\\/grad\\\/direitoni\\\/2026\\\/08\\\/31\\\/equipe-da-ufrrj-avanca-na-9a-competicao-brasileira-de-processo-do-ibdp\\\/\",\"url\":\"https:\\\/\\\/cursos.ufrrj.br\\\/grad\\\/direitoni\\\/2026\\\/08\\\/31\\\/equipe-da-ufrrj-avanca-na-9a-competicao-brasileira-de-processo-do-ibdp\\\/\",\"name\":\"Equipe da UFRRJ avan\u00e7a na 9\u00aa Competi\u00e7\u00e3o Brasileira de Processo do IBDP - Gradua\u00e7\u00e3o em Direito\",\"isPartOf\":{\"@id\":\"https:\\\/\\\/cursos.ufrrj.br\\\/grad\\\/direitoni\\\/#website\"},\"primaryImageOfPage\":{\"@id\":\"https:\\\/\\\/cursos.ufrrj.br\\\/grad\\\/direitoni\\\/2026\\\/08\\\/31\\\/equipe-da-ufrrj-avanca-na-9a-competicao-brasileira-de-processo-do-ibdp\\\/#primaryimage\"},\"image\":{\"@id\":\"https:\\\/\\\/cursos.ufrrj.br\\\/grad\\\/direitoni\\\/2026\\\/08\\\/31\\\/equipe-da-ufrrj-avanca-na-9a-competicao-brasileira-de-processo-do-ibdp\\\/#primaryimage\"},\"thumbnailUrl\":\"https:\\\/\\\/cursos.ufrrj.br\\\/grad\\\/direitoni\\\/files\\\/2021\\\/12\\\/card_atencao2-300x151-1.jpg\",\"datePublished\":\"2026-08-31T22:23:56+00:00\",\"author\":{\"@id\":\"https:\\\/\\\/cursos.ufrrj.br\\\/grad\\\/direitoni\\\/#\\\/schema\\\/person\\\/a03e7b0efe955cc5b4ae21516e0b5988\"},\"breadcrumb\":{\"@id\":\"https:\\\/\\\/cursos.ufrrj.br\\\/grad\\\/direitoni\\\/2026\\\/08\\\/31\\\/equipe-da-ufrrj-avanca-na-9a-competicao-brasileira-de-processo-do-ibdp\\\/#breadcrumb\"},\"inLanguage\":\"pt-BR\",\"potentialAction\":[{\"@type\":\"ReadAction\",\"target\":[\"https:\\\/\\\/cursos.ufrrj.br\\\/grad\\\/direitoni\\\/2026\\\/08\\\/31\\\/equipe-da-ufrrj-avanca-na-9a-competicao-brasileira-de-processo-do-ibdp\\\/\"]}]},{\"@type\":\"ImageObject\",\"inLanguage\":\"pt-BR\",\"@id\":\"https:\\\/\\\/cursos.ufrrj.br\\\/grad\\\/direitoni\\\/2026\\\/08\\\/31\\\/equipe-da-ufrrj-avanca-na-9a-competicao-brasileira-de-processo-do-ibdp\\\/#primaryimage\",\"url\":\"https:\\\/\\\/cursos.ufrrj.br\\\/grad\\\/direitoni\\\/files\\\/2021\\\/12\\\/card_atencao2-300x151-1.jpg\",\"contentUrl\":\"https:\\\/\\\/cursos.ufrrj.br\\\/grad\\\/direitoni\\\/files\\\/2021\\\/12\\\/card_atencao2-300x151-1.jpg\",\"width\":300,\"height\":151},{\"@type\":\"BreadcrumbList\",\"@id\":\"https:\\\/\\\/cursos.ufrrj.br\\\/grad\\\/direitoni\\\/2026\\\/08\\\/31\\\/equipe-da-ufrrj-avanca-na-9a-competicao-brasileira-de-processo-do-ibdp\\\/#breadcrumb\",\"itemListElement\":[{\"@type\":\"ListItem\",\"position\":1,\"name\":\"In\u00edcio\",\"item\":\"https:\\\/\\\/cursos.ufrrj.br\\\/grad\\\/direitoni\\\/\"},{\"@type\":\"ListItem\",\"position\":2,\"name\":\"Equipe da UFRRJ avan\u00e7a na 9\u00aa Competi\u00e7\u00e3o Brasileira de Processo do IBDP\"}]},{\"@type\":\"WebSite\",\"@id\":\"https:\\\/\\\/cursos.ufrrj.br\\\/grad\\\/direitoni\\\/#website\",\"url\":\"https:\\\/\\\/cursos.ufrrj.br\\\/grad\\\/direitoni\\\/\",\"name\":\"Gradua\u00e7\u00e3o em Direito\",\"description\":\"Campus Nova Igua\u00e7u - UFRRJ\",\"potentialAction\":[{\"@type\":\"SearchAction\",\"target\":{\"@type\":\"EntryPoint\",\"urlTemplate\":\"https:\\\/\\\/cursos.ufrrj.br\\\/grad\\\/direitoni\\\/?s={search_term_string}\"},\"query-input\":{\"@type\":\"PropertyValueSpecification\",\"valueRequired\":true,\"valueName\":\"search_term_string\"}}],\"inLanguage\":\"pt-BR\"},{\"@type\":\"Person\",\"@id\":\"https:\\\/\\\/cursos.ufrrj.br\\\/grad\\\/direitoni\\\/#\\\/schema\\\/person\\\/a03e7b0efe955cc5b4ae21516e0b5988\",\"name\":\"direitoni\",\"image\":{\"@type\":\"ImageObject\",\"inLanguage\":\"pt-BR\",\"@id\":\"https:\\\/\\\/secure.gravatar.com\\\/avatar\\\/ce2f9f134c58fa7a5087fa7f80b6a0a6b9efe4ade817ddfd09c315efa834a5b9?s=96&d=mm&r=g\",\"url\":\"https:\\\/\\\/secure.gravatar.com\\\/avatar\\\/ce2f9f134c58fa7a5087fa7f80b6a0a6b9efe4ade817ddfd09c315efa834a5b9?s=96&d=mm&r=g\",\"contentUrl\":\"https:\\\/\\\/secure.gravatar.com\\\/avatar\\\/ce2f9f134c58fa7a5087fa7f80b6a0a6b9efe4ade817ddfd09c315efa834a5b9?s=96&d=mm&r=g\",\"caption\":\"direitoni\"},\"url\":\"https:\\\/\\\/cursos.ufrrj.br\\\/grad\\\/direitoni\\\/author\\\/direitoni\\\/\"}]}<\/script>\n<!-- \/ Yoast SEO plugin. -->","yoast_head_json":{"title":"Equipe da UFRRJ avan\u00e7a na 9\u00aa Competi\u00e7\u00e3o Brasileira de Processo do IBDP - Gradua\u00e7\u00e3o em Direito","robots":{"index":"index","follow":"follow","max-snippet":"max-snippet:-1","max-image-preview":"max-image-preview:large","max-video-preview":"max-video-preview:-1"},"canonical":"https:\/\/cursos.ufrrj.br\/grad\/direitoni\/2026\/08\/31\/equipe-da-ufrrj-avanca-na-9a-competicao-brasileira-de-processo-do-ibdp\/","og_locale":"pt_BR","og_type":"article","og_title":"Equipe da UFRRJ avan\u00e7a na 9\u00aa Competi\u00e7\u00e3o Brasileira de Processo do IBDP - Gradua\u00e7\u00e3o em Direito","og_description":"Equipe da Universidade Federal do Rio de Janeiro do IM \u00e9 classificada para a fase oral da 9\u00aa Competi\u00e7\u00e3o de ... leia mais","og_url":"https:\/\/cursos.ufrrj.br\/grad\/direitoni\/2026\/08\/31\/equipe-da-ufrrj-avanca-na-9a-competicao-brasileira-de-processo-do-ibdp\/","og_site_name":"Gradua\u00e7\u00e3o em Direito","article_published_time":"2026-08-31T22:23:56+00:00","og_image":[{"width":300,"height":151,"url":"https:\/\/cursos.ufrrj.br\/grad\/direitoni\/files\/2021\/12\/card_atencao2-300x151-1.jpg","type":"image\/jpeg"}],"author":"direitoni","twitter_card":"summary_large_image","twitter_misc":{"Escrito por":"direitoni","Est. tempo de leitura":"1 minuto"},"schema":{"@context":"https:\/\/schema.org","@graph":[{"@type":"Article","@id":"https:\/\/cursos.ufrrj.br\/grad\/direitoni\/2026\/08\/31\/equipe-da-ufrrj-avanca-na-9a-competicao-brasileira-de-processo-do-ibdp\/#article","isPartOf":{"@id":"https:\/\/cursos.ufrrj.br\/grad\/direitoni\/2026\/08\/31\/equipe-da-ufrrj-avanca-na-9a-competicao-brasileira-de-processo-do-ibdp\/"},"author":{"name":"direitoni","@id":"https:\/\/cursos.ufrrj.br\/grad\/direitoni\/#\/schema\/person\/a03e7b0efe955cc5b4ae21516e0b5988"},"headline":"Equipe da UFRRJ avan\u00e7a na 9\u00aa Competi\u00e7\u00e3o Brasileira de Processo do IBDP","datePublished":"2026-08-31T22:23:56+00:00","mainEntityOfPage":{"@id":"https:\/\/cursos.ufrrj.br\/grad\/direitoni\/2026\/08\/31\/equipe-da-ufrrj-avanca-na-9a-competicao-brasileira-de-processo-do-ibdp\/"},"wordCount":118,"commentCount":0,"image":{"@id":"https:\/\/cursos.ufrrj.br\/grad\/direitoni\/2026\/08\/31\/equipe-da-ufrrj-avanca-na-9a-competicao-brasileira-de-processo-do-ibdp\/#primaryimage"},"thumbnailUrl":"https:\/\/cursos.ufrrj.br\/grad\/direitoni\/files\/2021\/12\/card_atencao2-300x151-1.jpg","articleSection":["Not\u00edcias"],"inLanguage":"pt-BR","potentialAction":[{"@type":"CommentAction","name":"Comment","target":["https:\/\/cursos.ufrrj.br\/grad\/direitoni\/2026\/08\/31\/equipe-da-ufrrj-avanca-na-9a-competicao-brasileira-de-processo-do-ibdp\/#respond"]}]},{"@type":"WebPage","@id":"https:\/\/cursos.ufrrj.br\/grad\/direitoni\/2026\/08\/31\/equipe-da-ufrrj-avanca-na-9a-competicao-brasileira-de-processo-do-ibdp\/","url":"https:\/\/cursos.ufrrj.br\/grad\/direitoni\/2026\/08\/31\/equipe-da-ufrrj-avanca-na-9a-competicao-brasileira-de-processo-do-ibdp\/","name":"Equipe da UFRRJ avan\u00e7a na 9\u00aa Competi\u00e7\u00e3o Brasileira de Processo do IBDP - Gradua\u00e7\u00e3o em Direito","isPartOf":{"@id":"https:\/\/cursos.ufrrj.br\/grad\/direitoni\/#website"},"primaryImageOfPage":{"@id":"https:\/\/cursos.ufrrj.br\/grad\/direitoni\/2026\/08\/31\/equipe-da-ufrrj-avanca-na-9a-competicao-brasileira-de-processo-do-ibdp\/#primaryimage"},"image":{"@id":"https:\/\/cursos.ufrrj.br\/grad\/direitoni\/2026\/08\/31\/equipe-da-ufrrj-avanca-na-9a-competicao-brasileira-de-processo-do-ibdp\/#primaryimage"},"thumbnailUrl":"https:\/\/cursos.ufrrj.br\/grad\/direitoni\/files\/2021\/12\/card_atencao2-300x151-1.jpg","datePublished":"2026-08-31T22:23:56+00:00","author":{"@id":"https:\/\/cursos.ufrrj.br\/grad\/direitoni\/#\/schema\/person\/a03e7b0efe955cc5b4ae21516e0b5988"},"breadcrumb":{"@id":"https:\/\/cursos.ufrrj.br\/grad\/direitoni\/2026\/08\/31\/equipe-da-ufrrj-avanca-na-9a-competicao-brasileira-de-processo-do-ibdp\/#breadcrumb"},"inLanguage":"pt-BR","potentialAction":[{"@type":"ReadAction","target":["https:\/\/cursos.ufrrj.br\/grad\/direitoni\/2026\/08\/31\/equipe-da-ufrrj-avanca-na-9a-competicao-brasileira-de-processo-do-ibdp\/"]}]},{"@type":"ImageObject","inLanguage":"pt-BR","@id":"https:\/\/cursos.ufrrj.br\/grad\/direitoni\/2026\/08\/31\/equipe-da-ufrrj-avanca-na-9a-competicao-brasileira-de-processo-do-ibdp\/#primaryimage","url":"https:\/\/cursos.ufrrj.br\/grad\/direitoni\/files\/2021\/12\/card_atencao2-300x151-1.jpg","contentUrl":"https:\/\/cursos.ufrrj.br\/grad\/direitoni\/files\/2021\/12\/card_atencao2-300x151-1.jpg","width":300,"height":151},{"@type":"BreadcrumbList","@id":"https:\/\/cursos.ufrrj.br\/grad\/direitoni\/2026\/08\/31\/equipe-da-ufrrj-avanca-na-9a-competicao-brasileira-de-processo-do-ibdp\/#breadcrumb","itemListElement":[{"@type":"ListItem","position":1,"name":"In\u00edcio","item":"https:\/\/cursos.ufrrj.br\/grad\/direitoni\/"},{"@type":"ListItem","position":2,"name":"Equipe da UFRRJ avan\u00e7a na 9\u00aa Competi\u00e7\u00e3o Brasileira de Processo do IBDP"}]},{"@type":"WebSite","@id":"https:\/\/cursos.ufrrj.br\/grad\/direitoni\/#website","url":"https:\/\/cursos.ufrrj.br\/grad\/direitoni\/","name":"Gradua\u00e7\u00e3o em Direito","description":"Campus Nova Igua\u00e7u - UFRRJ","potentialAction":[{"@type":"SearchAction","target":{"@type":"EntryPoint","urlTemplate":"https:\/\/cursos.ufrrj.br\/grad\/direitoni\/?s={search_term_string}"},"query-input":{"@type":"PropertyValueSpecification","valueRequired":true,"valueName":"search_term_string"}}],"inLanguage":"pt-BR"},{"@type":"Person","@id":"https:\/\/cursos.ufrrj.br\/grad\/direitoni\/#\/schema\/person\/a03e7b0efe955cc5b4ae21516e0b5988","name":"direitoni","image":{"@type":"ImageObject","inLanguage":"pt-BR","@id":"https:\/\/secure.gravatar.com\/avatar\/ce2f9f134c58fa7a5087fa7f80b6a0a6b9efe4ade817ddfd09c315efa834a5b9?s=96&d=mm&r=g","url":"https:\/\/secure.gravatar.com\/avatar\/ce2f9f134c58fa7a5087fa7f80b6a0a6b9efe4ade817ddfd09c315efa834a5b9?s=96&d=mm&r=g","contentUrl":"https:\/\/secure.gravatar.com\/avatar\/ce2f9f134c58fa7a5087fa7f80b6a0a6b9efe4ade817ddfd09c315efa834a5b9?s=96&d=mm&r=g","caption":"direitoni"},"url":"https:\/\/cursos.ufrrj.br\/grad\/direitoni\/author\/direitoni\/"}]}},"acf":[],"_links":{"self":[{"href":"https:\/\/cursos.ufrrj.br\/grad\/direitoni\/wp-json\/wp\/v2\/posts\/615","targetHints":{"allow":["GET"]}}],"collection":[{"href":"https:\/\/cursos.ufrrj.br\/grad\/direitoni\/wp-json\/wp\/v2\/posts"}],"about":[{"href":"https:\/\/cursos.ufrrj.br\/grad\/direitoni\/wp-json\/wp\/v2\/types\/post"}],"author":[{"embeddable":true,"href":"https:\/\/cursos.ufrrj.br\/grad\/direitoni\/wp-json\/wp\/v2\/users\/40"}],"replies":[{"embeddable":true,"href":"https:\/\/cursos.ufrrj.br\/grad\/direitoni\/wp-json\/wp\/v2\/comments?post=615"}],"version-history":[{"count":1,"href":"https:\/\/cursos.ufrrj.br\/grad\/direitoni\/wp-json\/wp\/v2\/posts\/615\/revisions"}],"predecessor-version":[{"id":618,"href":"https:\/\/cursos.ufrrj.br\/grad\/direitoni\/wp-json\/wp\/v2\/posts\/615\/revisions\/618"}],"wp:featuredmedia":[{"embeddable":true,"href":"https:\/\/cursos.ufrrj.br\/grad\/direitoni\/wp-json\/wp\/v2\/media\/498"}],"wp:attachment":[{"href":"https:\/\/cursos.ufrrj.br\/grad\/direitoni\/wp-json\/wp\/v2\/media?parent=615"}],"wp:term":[{"taxonomy":"category","embeddable":true,"href":"https:\/\/cursos.ufrrj.br\/grad\/direitoni\/wp-json\/wp\/v2\/categories?post=615"},{"taxonomy":"post_tag","embeddable":true,"href":"https:\/\/cursos.ufrrj.br\/grad\/direitoni\/wp-json\/wp\/v2\/tags?post=615"}],"curies":[{"name":"wp","href":"https:\/\/api.w.org\/{rel}","templated":true}]}}