{"id":1564,"date":"2026-09-03T21:24:21","date_gmt":"2026-09-04T00:24:21","guid":{"rendered":"https:\/\/cursos.ufrrj.br\/grad\/cienciascontabeis\/?p=1564"},"modified":"2026-09-03T21:41:40","modified_gmt":"2026-09-04T00:41:40","slug":"edital-para-selecao-de-assistente-de-pesquisa","status":"publish","type":"post","link":"https:\/\/cursos.ufrrj.br\/grad\/cienciascontabeis\/edital-para-selecao-de-assistente-de-pesquisa\/","title":{"rendered":"Edital para sele\u00e7\u00e3o de assistente de pesquisa"},"content":{"rendered":"\n<p class=\"wp-block-paragraph\">O Grupo de Pesquisa Contabilidade Contempor\u00e2nea e Finan\u00e7as (GP-CC&amp;F\/UFRRJ) est\u00e1 com inscri\u00e7\u00f5es abertas para sele\u00e7\u00e3o de estudante volunt\u00e1rio(a) para atuar em atividades de coleta de dados em pesquisa acad\u00eamica sobre empregabilidade e desenvolvimento de habilidades em estudantes do ensino superior.<\/p>\n\n\n\n<div class=\"wp-block-file\"><a id=\"wp-block-file--media-90e6cb94-6d83-44fb-8ee2-f07f01bbc0c8\" href=\"https:\/\/cursos.ufrrj.br\/grad\/cienciascontabeis\/files\/2026\/09\/Edital-01-2026_ConviteEstudante.pdf\">Edital 01-2026<\/a><a href=\"https:\/\/cursos.ufrrj.br\/grad\/cienciascontabeis\/files\/2026\/09\/Edital-01-2026_ConviteEstudante.pdf\" class=\"wp-block-file__button wp-element-button\" download aria-describedby=\"wp-block-file--media-90e6cb94-6d83-44fb-8ee2-f07f01bbc0c8\">Baixar<\/a><\/div>\n\n\n\n<p class=\"wp-block-paragraph\"><a href=\"https:\/\/docs.google.com\/forms\/d\/e\/1FAIpQLScNgZ4Vj7PFBxg61su_tYfesUj6OzI2P6pzLVbBsQAMNMvJ-w\/viewform\" data-type=\"link\" data-id=\"https:\/\/docs.google.com\/forms\/d\/e\/1FAIpQLScNgZ4Vj7PFBxg61su_tYfesUj6OzI2P6pzLVbBsQAMNMvJ-w\/viewform\">LINK PARA INSCRI\u00c7\u00c3O<\/a>     <\/p>\n\n\n\n<p class=\"wp-block-paragraph\"><\/p>\n","protected":false},"excerpt":{"rendered":"<p>O Grupo de Pesquisa Contabilidade Contempor\u00e2nea e Finan\u00e7as (GP-CC&amp;F\/UFRRJ) est\u00e1 com inscri\u00e7\u00f5es abertas para sele\u00e7\u00e3o de estudante volunt\u00e1rio(a) para atuar em atividades [&hellip;]<\/p>\n","protected":false},"author":255,"featured_media":0,"comment_status":"open","ping_status":"open","sticky":false,"template":"","format":"standard","meta":{"_acf_changed":false,"ngg_post_thumbnail":0,"footnotes":"","_links_to":"","_links_to_target":""},"categories":[7],"tags":[],"class_list":["post-1564","post","type-post","status-publish","format-standard","hentry","category-editais"],"yoast_head":"<!-- This site is optimized with the Yoast SEO plugin v28.3 - https:\/\/yoast.com\/product\/yoast-seo-wordpress\/ -->\n<title>Edital para sele\u00e7\u00e3o de assistente de pesquisa - Curso de Ci\u00eancias Cont\u00e1beis<\/title>\n<meta name=\"robots\" content=\"index, follow, max-snippet:-1, max-image-preview:large, max-video-preview:-1\" \/>\n<link rel=\"canonical\" href=\"https:\/\/cursos.ufrrj.br\/grad\/cienciascontabeis\/edital-para-selecao-de-assistente-de-pesquisa\/\" \/>\n<meta property=\"og:locale\" content=\"pt_BR\" \/>\n<meta property=\"og:type\" content=\"article\" \/>\n<meta property=\"og:title\" content=\"Edital para sele\u00e7\u00e3o de assistente de pesquisa - Curso de Ci\u00eancias Cont\u00e1beis\" \/>\n<meta property=\"og:description\" content=\"O Grupo de Pesquisa Contabilidade Contempor\u00e2nea e Finan\u00e7as (GP-CC&amp;F\/UFRRJ) est\u00e1 com inscri\u00e7\u00f5es abertas para sele\u00e7\u00e3o de estudante volunt\u00e1rio(a) para atuar em atividades [&hellip;]\" \/>\n<meta property=\"og:url\" content=\"https:\/\/cursos.ufrrj.br\/grad\/cienciascontabeis\/edital-para-selecao-de-assistente-de-pesquisa\/\" \/>\n<meta property=\"og:site_name\" content=\"Curso de Ci\u00eancias Cont\u00e1beis\" \/>\n<meta property=\"article:published_time\" content=\"2026-09-04T00:24:21+00:00\" \/>\n<meta property=\"article:modified_time\" content=\"2026-09-04T00:41:40+00:00\" \/>\n<meta name=\"author\" content=\"alessandropalves\" \/>\n<meta name=\"twitter:card\" content=\"summary_large_image\" \/>\n<meta name=\"twitter:label1\" content=\"Escrito por\" \/>\n\t<meta name=\"twitter:data1\" content=\"alessandropalves\" \/>\n\t<meta name=\"twitter:label2\" content=\"Est. tempo de leitura\" \/>\n\t<meta name=\"twitter:data2\" content=\"1 minuto\" \/>\n<script type=\"application\/ld+json\" class=\"yoast-schema-graph\">{\"@context\":\"https:\\\/\\\/schema.org\",\"@graph\":[{\"@type\":\"Article\",\"@id\":\"https:\\\/\\\/cursos.ufrrj.br\\\/grad\\\/cienciascontabeis\\\/edital-para-selecao-de-assistente-de-pesquisa\\\/#article\",\"isPartOf\":{\"@id\":\"https:\\\/\\\/cursos.ufrrj.br\\\/grad\\\/cienciascontabeis\\\/edital-para-selecao-de-assistente-de-pesquisa\\\/\"},\"author\":{\"name\":\"alessandropalves\",\"@id\":\"https:\\\/\\\/cursos.ufrrj.br\\\/grad\\\/cienciascontabeis\\\/#\\\/schema\\\/person\\\/e2ce1b6a7bbdadfd4b2a7b3f41d25906\"},\"headline\":\"Edital para sele\u00e7\u00e3o de assistente de pesquisa\",\"datePublished\":\"2026-09-04T00:24:21+00:00\",\"dateModified\":\"2026-09-04T00:41:40+00:00\",\"mainEntityOfPage\":{\"@id\":\"https:\\\/\\\/cursos.ufrrj.br\\\/grad\\\/cienciascontabeis\\\/edital-para-selecao-de-assistente-de-pesquisa\\\/\"},\"wordCount\":65,\"commentCount\":0,\"articleSection\":[\"Editais\"],\"inLanguage\":\"pt-BR\",\"potentialAction\":[{\"@type\":\"CommentAction\",\"name\":\"Comment\",\"target\":[\"https:\\\/\\\/cursos.ufrrj.br\\\/grad\\\/cienciascontabeis\\\/edital-para-selecao-de-assistente-de-pesquisa\\\/#respond\"]}]},{\"@type\":\"WebPage\",\"@id\":\"https:\\\/\\\/cursos.ufrrj.br\\\/grad\\\/cienciascontabeis\\\/edital-para-selecao-de-assistente-de-pesquisa\\\/\",\"url\":\"https:\\\/\\\/cursos.ufrrj.br\\\/grad\\\/cienciascontabeis\\\/edital-para-selecao-de-assistente-de-pesquisa\\\/\",\"name\":\"Edital para sele\u00e7\u00e3o de assistente de pesquisa - Curso de Ci\u00eancias Cont\u00e1beis\",\"isPartOf\":{\"@id\":\"https:\\\/\\\/cursos.ufrrj.br\\\/grad\\\/cienciascontabeis\\\/#website\"},\"datePublished\":\"2026-09-04T00:24:21+00:00\",\"dateModified\":\"2026-09-04T00:41:40+00:00\",\"author\":{\"@id\":\"https:\\\/\\\/cursos.ufrrj.br\\\/grad\\\/cienciascontabeis\\\/#\\\/schema\\\/person\\\/e2ce1b6a7bbdadfd4b2a7b3f41d25906\"},\"breadcrumb\":{\"@id\":\"https:\\\/\\\/cursos.ufrrj.br\\\/grad\\\/cienciascontabeis\\\/edital-para-selecao-de-assistente-de-pesquisa\\\/#breadcrumb\"},\"inLanguage\":\"pt-BR\",\"potentialAction\":[{\"@type\":\"ReadAction\",\"target\":[\"https:\\\/\\\/cursos.ufrrj.br\\\/grad\\\/cienciascontabeis\\\/edital-para-selecao-de-assistente-de-pesquisa\\\/\"]}]},{\"@type\":\"BreadcrumbList\",\"@id\":\"https:\\\/\\\/cursos.ufrrj.br\\\/grad\\\/cienciascontabeis\\\/edital-para-selecao-de-assistente-de-pesquisa\\\/#breadcrumb\",\"itemListElement\":[{\"@type\":\"ListItem\",\"position\":1,\"name\":\"In\u00edcio\",\"item\":\"https:\\\/\\\/cursos.ufrrj.br\\\/grad\\\/cienciascontabeis\\\/\"},{\"@type\":\"ListItem\",\"position\":2,\"name\":\"Edital para sele\u00e7\u00e3o de assistente de pesquisa\"}]},{\"@type\":\"WebSite\",\"@id\":\"https:\\\/\\\/cursos.ufrrj.br\\\/grad\\\/cienciascontabeis\\\/#website\",\"url\":\"https:\\\/\\\/cursos.ufrrj.br\\\/grad\\\/cienciascontabeis\\\/\",\"name\":\"Curso de Ci\u00eancias Cont\u00e1beis\",\"description\":\"Universidade Federal Rural do Rio de Janeiro - UFRRJ\",\"potentialAction\":[{\"@type\":\"SearchAction\",\"target\":{\"@type\":\"EntryPoint\",\"urlTemplate\":\"https:\\\/\\\/cursos.ufrrj.br\\\/grad\\\/cienciascontabeis\\\/?s={search_term_string}\"},\"query-input\":{\"@type\":\"PropertyValueSpecification\",\"valueRequired\":true,\"valueName\":\"search_term_string\"}}],\"inLanguage\":\"pt-BR\"},{\"@type\":\"Person\",\"@id\":\"https:\\\/\\\/cursos.ufrrj.br\\\/grad\\\/cienciascontabeis\\\/#\\\/schema\\\/person\\\/e2ce1b6a7bbdadfd4b2a7b3f41d25906\",\"name\":\"alessandropalves\",\"image\":{\"@type\":\"ImageObject\",\"inLanguage\":\"pt-BR\",\"@id\":\"https:\\\/\\\/secure.gravatar.com\\\/avatar\\\/066d87244613103056b10ffee6d36af7d0200a2f212cdfd92952be9c922a73c2?s=96&d=mm&r=g\",\"url\":\"https:\\\/\\\/secure.gravatar.com\\\/avatar\\\/066d87244613103056b10ffee6d36af7d0200a2f212cdfd92952be9c922a73c2?s=96&d=mm&r=g\",\"contentUrl\":\"https:\\\/\\\/secure.gravatar.com\\\/avatar\\\/066d87244613103056b10ffee6d36af7d0200a2f212cdfd92952be9c922a73c2?s=96&d=mm&r=g\",\"caption\":\"alessandropalves\"},\"description\":\"GLPI 39988\",\"url\":\"https:\\\/\\\/cursos.ufrrj.br\\\/grad\\\/cienciascontabeis\\\/author\\\/alessandropalves\\\/\"}]}<\/script>\n<!-- \/ Yoast SEO plugin. -->","yoast_head_json":{"title":"Edital para sele\u00e7\u00e3o de assistente de pesquisa - Curso de Ci\u00eancias Cont\u00e1beis","robots":{"index":"index","follow":"follow","max-snippet":"max-snippet:-1","max-image-preview":"max-image-preview:large","max-video-preview":"max-video-preview:-1"},"canonical":"https:\/\/cursos.ufrrj.br\/grad\/cienciascontabeis\/edital-para-selecao-de-assistente-de-pesquisa\/","og_locale":"pt_BR","og_type":"article","og_title":"Edital para sele\u00e7\u00e3o de assistente de pesquisa - Curso de Ci\u00eancias Cont\u00e1beis","og_description":"O Grupo de Pesquisa Contabilidade Contempor\u00e2nea e Finan\u00e7as (GP-CC&amp;F\/UFRRJ) est\u00e1 com inscri\u00e7\u00f5es abertas para sele\u00e7\u00e3o de estudante volunt\u00e1rio(a) para atuar em atividades [&hellip;]","og_url":"https:\/\/cursos.ufrrj.br\/grad\/cienciascontabeis\/edital-para-selecao-de-assistente-de-pesquisa\/","og_site_name":"Curso de Ci\u00eancias Cont\u00e1beis","article_published_time":"2026-09-04T00:24:21+00:00","article_modified_time":"2026-09-04T00:41:40+00:00","author":"alessandropalves","twitter_card":"summary_large_image","twitter_misc":{"Escrito por":"alessandropalves","Est. tempo de leitura":"1 minuto"},"schema":{"@context":"https:\/\/schema.org","@graph":[{"@type":"Article","@id":"https:\/\/cursos.ufrrj.br\/grad\/cienciascontabeis\/edital-para-selecao-de-assistente-de-pesquisa\/#article","isPartOf":{"@id":"https:\/\/cursos.ufrrj.br\/grad\/cienciascontabeis\/edital-para-selecao-de-assistente-de-pesquisa\/"},"author":{"name":"alessandropalves","@id":"https:\/\/cursos.ufrrj.br\/grad\/cienciascontabeis\/#\/schema\/person\/e2ce1b6a7bbdadfd4b2a7b3f41d25906"},"headline":"Edital para sele\u00e7\u00e3o de assistente de pesquisa","datePublished":"2026-09-04T00:24:21+00:00","dateModified":"2026-09-04T00:41:40+00:00","mainEntityOfPage":{"@id":"https:\/\/cursos.ufrrj.br\/grad\/cienciascontabeis\/edital-para-selecao-de-assistente-de-pesquisa\/"},"wordCount":65,"commentCount":0,"articleSection":["Editais"],"inLanguage":"pt-BR","potentialAction":[{"@type":"CommentAction","name":"Comment","target":["https:\/\/cursos.ufrrj.br\/grad\/cienciascontabeis\/edital-para-selecao-de-assistente-de-pesquisa\/#respond"]}]},{"@type":"WebPage","@id":"https:\/\/cursos.ufrrj.br\/grad\/cienciascontabeis\/edital-para-selecao-de-assistente-de-pesquisa\/","url":"https:\/\/cursos.ufrrj.br\/grad\/cienciascontabeis\/edital-para-selecao-de-assistente-de-pesquisa\/","name":"Edital para sele\u00e7\u00e3o de assistente de pesquisa - Curso de Ci\u00eancias Cont\u00e1beis","isPartOf":{"@id":"https:\/\/cursos.ufrrj.br\/grad\/cienciascontabeis\/#website"},"datePublished":"2026-09-04T00:24:21+00:00","dateModified":"2026-09-04T00:41:40+00:00","author":{"@id":"https:\/\/cursos.ufrrj.br\/grad\/cienciascontabeis\/#\/schema\/person\/e2ce1b6a7bbdadfd4b2a7b3f41d25906"},"breadcrumb":{"@id":"https:\/\/cursos.ufrrj.br\/grad\/cienciascontabeis\/edital-para-selecao-de-assistente-de-pesquisa\/#breadcrumb"},"inLanguage":"pt-BR","potentialAction":[{"@type":"ReadAction","target":["https:\/\/cursos.ufrrj.br\/grad\/cienciascontabeis\/edital-para-selecao-de-assistente-de-pesquisa\/"]}]},{"@type":"BreadcrumbList","@id":"https:\/\/cursos.ufrrj.br\/grad\/cienciascontabeis\/edital-para-selecao-de-assistente-de-pesquisa\/#breadcrumb","itemListElement":[{"@type":"ListItem","position":1,"name":"In\u00edcio","item":"https:\/\/cursos.ufrrj.br\/grad\/cienciascontabeis\/"},{"@type":"ListItem","position":2,"name":"Edital para sele\u00e7\u00e3o de assistente de pesquisa"}]},{"@type":"WebSite","@id":"https:\/\/cursos.ufrrj.br\/grad\/cienciascontabeis\/#website","url":"https:\/\/cursos.ufrrj.br\/grad\/cienciascontabeis\/","name":"Curso de Ci\u00eancias Cont\u00e1beis","description":"Universidade Federal Rural do Rio de Janeiro - UFRRJ","potentialAction":[{"@type":"SearchAction","target":{"@type":"EntryPoint","urlTemplate":"https:\/\/cursos.ufrrj.br\/grad\/cienciascontabeis\/?s={search_term_string}"},"query-input":{"@type":"PropertyValueSpecification","valueRequired":true,"valueName":"search_term_string"}}],"inLanguage":"pt-BR"},{"@type":"Person","@id":"https:\/\/cursos.ufrrj.br\/grad\/cienciascontabeis\/#\/schema\/person\/e2ce1b6a7bbdadfd4b2a7b3f41d25906","name":"alessandropalves","image":{"@type":"ImageObject","inLanguage":"pt-BR","@id":"https:\/\/secure.gravatar.com\/avatar\/066d87244613103056b10ffee6d36af7d0200a2f212cdfd92952be9c922a73c2?s=96&d=mm&r=g","url":"https:\/\/secure.gravatar.com\/avatar\/066d87244613103056b10ffee6d36af7d0200a2f212cdfd92952be9c922a73c2?s=96&d=mm&r=g","contentUrl":"https:\/\/secure.gravatar.com\/avatar\/066d87244613103056b10ffee6d36af7d0200a2f212cdfd92952be9c922a73c2?s=96&d=mm&r=g","caption":"alessandropalves"},"description":"GLPI 39988","url":"https:\/\/cursos.ufrrj.br\/grad\/cienciascontabeis\/author\/alessandropalves\/"}]}},"acf":[],"_links":{"self":[{"href":"https:\/\/cursos.ufrrj.br\/grad\/cienciascontabeis\/wp-json\/wp\/v2\/posts\/1564","targetHints":{"allow":["GET"]}}],"collection":[{"href":"https:\/\/cursos.ufrrj.br\/grad\/cienciascontabeis\/wp-json\/wp\/v2\/posts"}],"about":[{"href":"https:\/\/cursos.ufrrj.br\/grad\/cienciascontabeis\/wp-json\/wp\/v2\/types\/post"}],"author":[{"embeddable":true,"href":"https:\/\/cursos.ufrrj.br\/grad\/cienciascontabeis\/wp-json\/wp\/v2\/users\/255"}],"replies":[{"embeddable":true,"href":"https:\/\/cursos.ufrrj.br\/grad\/cienciascontabeis\/wp-json\/wp\/v2\/comments?post=1564"}],"version-history":[{"count":4,"href":"https:\/\/cursos.ufrrj.br\/grad\/cienciascontabeis\/wp-json\/wp\/v2\/posts\/1564\/revisions"}],"predecessor-version":[{"id":1572,"href":"https:\/\/cursos.ufrrj.br\/grad\/cienciascontabeis\/wp-json\/wp\/v2\/posts\/1564\/revisions\/1572"}],"wp:attachment":[{"href":"https:\/\/cursos.ufrrj.br\/grad\/cienciascontabeis\/wp-json\/wp\/v2\/media?parent=1564"}],"wp:term":[{"taxonomy":"category","embeddable":true,"href":"https:\/\/cursos.ufrrj.br\/grad\/cienciascontabeis\/wp-json\/wp\/v2\/categories?post=1564"},{"taxonomy":"post_tag","embeddable":true,"href":"https:\/\/cursos.ufrrj.br\/grad\/cienciascontabeis\/wp-json\/wp\/v2\/tags?post=1564"}],"curies":[{"name":"wp","href":"https:\/\/api.w.org\/{rel}","templated":true}]}}